{"id":886,"date":"2018-06-03T12:58:00","date_gmt":"2018-06-03T11:58:00","guid":{"rendered":"http:\/\/www.pielnet.fr\/carnet\/?p=886"},"modified":"2021-12-09T11:26:38","modified_gmt":"2021-12-09T10:26:38","slug":"nicole-peskine-photographies","status":"publish","type":"post","link":"https:\/\/www.pielnet.fr\/carnet\/nicole-peskine-photographies\/","title":{"rendered":"Web : Nicole Peskine &#8211; Photographies"},"content":{"rendered":"\n<div class=\"wp-block-image\"><figure class=\"aligncenter\"><img decoding=\"async\" src=\"http:\/\/www.pielnet.fr\/nicole2.jpg\" alt=\"\"\/><\/figure><\/div>\n\n\n\n<figure class=\"wp-block-embed-wordpress wp-block-embed is-type-wp-embed is-provider-nicolepeskine-photographies\"><div class=\"wp-block-embed__wrapper\">\n<blockquote class=\"wp-embedded-content\" data-secret=\"eI777lsJFn\"><a href=\"https:\/\/www.nicolepeskine-photographie.com\/\"><\/a><\/blockquote><iframe loading=\"lazy\" class=\"wp-embedded-content\" sandbox=\"allow-scripts\" security=\"restricted\" style=\"position: absolute; visibility: hidden;\" title=\"\u00ab\u00a0\u00a0\u00bb &#8212; nicolepeskine photographies\" src=\"https:\/\/www.nicolepeskine-photographie.com\/embed\/#?secret=KiGPj9V3I5#?secret=eI777lsJFn\" data-secret=\"eI777lsJFn\" width=\"500\" height=\"282\" frameborder=\"0\" marginwidth=\"0\" marginheight=\"0\" scrolling=\"no\"><\/iframe>\n<\/div><figcaption>http:\/\/www.nicolepeskine-photographie.com\/<\/figcaption><\/figure>\n\n\n\n<figure class=\"wp-block-embed-wordpress wp-block-embed is-type-wp-embed is-provider-nicolepeskine-photographies\"><div class=\"wp-block-embed__wrapper\">\n<blockquote class=\"wp-embedded-content\" data-secret=\"eI777lsJFn\"><a href=\"https:\/\/www.nicolepeskine-photographie.com\/\"><\/a><\/blockquote><iframe loading=\"lazy\" class=\"wp-embedded-content\" sandbox=\"allow-scripts\" security=\"restricted\" style=\"position: absolute; visibility: hidden;\" title=\"\u00ab\u00a0\u00a0\u00bb &#8212; nicolepeskine photographies\" src=\"https:\/\/www.nicolepeskine-photographie.com\/embed\/#?secret=KiGPj9V3I5#?secret=eI777lsJFn\" data-secret=\"eI777lsJFn\" width=\"500\" height=\"282\" frameborder=\"0\" marginwidth=\"0\" marginheight=\"0\" scrolling=\"no\"><\/iframe>\n<\/div><\/figure>\n\n\n\n<figure class=\"wp-block-gallery columns-3 is-cropped wp-block-gallery-1 is-layout-flex wp-block-gallery-is-layout-flex\"><ul class=\"blocks-gallery-grid\"><li class=\"blocks-gallery-item\"><figure><img loading=\"lazy\" decoding=\"async\" width=\"1024\" height=\"749\" src=\"http:\/\/www.pielnet.fr\/carnet\/wp-content\/uploads\/2015\/06\/a8Sur-les-marches-de-lOpera-Bastille-2018-1024x749.jpg\" alt=\"\" data-id=\"1479\" data-full-url=\"http:\/\/www.pielnet.fr\/carnet\/wp-content\/uploads\/2015\/06\/a8Sur-les-marches-de-lOpera-Bastille-2018.jpg\" data-link=\"http:\/\/www.pielnet.fr\/carnet\/nicole-peskine-photographies\/a8sur-les-marches-de-lopera-bastille-2018\/\" class=\"wp-image-1479\" srcset=\"https:\/\/www.pielnet.fr\/carnet\/wp-content\/uploads\/2015\/06\/a8Sur-les-marches-de-lOpera-Bastille-2018-1024x749.jpg 1024w, https:\/\/www.pielnet.fr\/carnet\/wp-content\/uploads\/2015\/06\/a8Sur-les-marches-de-lOpera-Bastille-2018-300x219.jpg 300w, https:\/\/www.pielnet.fr\/carnet\/wp-content\/uploads\/2015\/06\/a8Sur-les-marches-de-lOpera-Bastille-2018-768x561.jpg 768w, https:\/\/www.pielnet.fr\/carnet\/wp-content\/uploads\/2015\/06\/a8Sur-les-marches-de-lOpera-Bastille-2018-1536x1123.jpg 1536w, https:\/\/www.pielnet.fr\/carnet\/wp-content\/uploads\/2015\/06\/a8Sur-les-marches-de-lOpera-Bastille-2018.jpg 2000w\" sizes=\"auto, (max-width: 1024px) 100vw, 1024px\" \/><\/figure><\/li><li class=\"blocks-gallery-item\"><figure><img loading=\"lazy\" decoding=\"async\" width=\"1024\" height=\"650\" src=\"http:\/\/www.pielnet.fr\/carnet\/wp-content\/uploads\/2017\/06\/a12Pont-Notre-Dame-2017-1024x650.jpg\" alt=\"\" data-id=\"1484\" data-full-url=\"http:\/\/www.pielnet.fr\/carnet\/wp-content\/uploads\/2017\/06\/a12Pont-Notre-Dame-2017.jpg\" data-link=\"http:\/\/www.pielnet.fr\/carnet\/nicole-peskine-photographies\/a12pont-notre-dame-2017\/\" class=\"wp-image-1484\" srcset=\"https:\/\/www.pielnet.fr\/carnet\/wp-content\/uploads\/2017\/06\/a12Pont-Notre-Dame-2017-1024x650.jpg 1024w, https:\/\/www.pielnet.fr\/carnet\/wp-content\/uploads\/2017\/06\/a12Pont-Notre-Dame-2017-300x190.jpg 300w, https:\/\/www.pielnet.fr\/carnet\/wp-content\/uploads\/2017\/06\/a12Pont-Notre-Dame-2017-768x487.jpg 768w, https:\/\/www.pielnet.fr\/carnet\/wp-content\/uploads\/2017\/06\/a12Pont-Notre-Dame-2017-1536x975.jpg 1536w, https:\/\/www.pielnet.fr\/carnet\/wp-content\/uploads\/2017\/06\/a12Pont-Notre-Dame-2017.jpg 2000w\" sizes=\"auto, (max-width: 1024px) 100vw, 1024px\" \/><\/figure><\/li><li class=\"blocks-gallery-item\"><figure><img loading=\"lazy\" decoding=\"async\" width=\"1024\" height=\"704\" src=\"http:\/\/www.pielnet.fr\/carnet\/wp-content\/uploads\/2017\/06\/a16au-bord-de-la-Seine-I-2017-1024x704.jpg\" alt=\"\" data-id=\"1485\" data-full-url=\"http:\/\/www.pielnet.fr\/carnet\/wp-content\/uploads\/2017\/06\/a16au-bord-de-la-Seine-I-2017.jpg\" data-link=\"http:\/\/www.pielnet.fr\/carnet\/nicole-peskine-photographies\/a16au-bord-de-la-seine-i-2017\/\" class=\"wp-image-1485\" srcset=\"https:\/\/www.pielnet.fr\/carnet\/wp-content\/uploads\/2017\/06\/a16au-bord-de-la-Seine-I-2017-1024x704.jpg 1024w, https:\/\/www.pielnet.fr\/carnet\/wp-content\/uploads\/2017\/06\/a16au-bord-de-la-Seine-I-2017-300x206.jpg 300w, https:\/\/www.pielnet.fr\/carnet\/wp-content\/uploads\/2017\/06\/a16au-bord-de-la-Seine-I-2017-768x528.jpg 768w, https:\/\/www.pielnet.fr\/carnet\/wp-content\/uploads\/2017\/06\/a16au-bord-de-la-Seine-I-2017.jpg 1500w\" sizes=\"auto, (max-width: 1024px) 100vw, 1024px\" \/><\/figure><\/li><li class=\"blocks-gallery-item\"><figure><img loading=\"lazy\" decoding=\"async\" width=\"1024\" height=\"699\" src=\"http:\/\/www.pielnet.fr\/carnet\/wp-content\/uploads\/2017\/06\/a18paris-vu-de-Belleville2018-1024x699.jpg\" alt=\"\" data-id=\"1486\" data-full-url=\"http:\/\/www.pielnet.fr\/carnet\/wp-content\/uploads\/2017\/06\/a18paris-vu-de-Belleville2018.jpg\" data-link=\"http:\/\/www.pielnet.fr\/carnet\/nicole-peskine-photographies\/a18paris-vu-de-belleville2018\/\" class=\"wp-image-1486\" srcset=\"https:\/\/www.pielnet.fr\/carnet\/wp-content\/uploads\/2017\/06\/a18paris-vu-de-Belleville2018-1024x699.jpg 1024w, https:\/\/www.pielnet.fr\/carnet\/wp-content\/uploads\/2017\/06\/a18paris-vu-de-Belleville2018-300x205.jpg 300w, https:\/\/www.pielnet.fr\/carnet\/wp-content\/uploads\/2017\/06\/a18paris-vu-de-Belleville2018-768x524.jpg 768w, https:\/\/www.pielnet.fr\/carnet\/wp-content\/uploads\/2017\/06\/a18paris-vu-de-Belleville2018.jpg 1500w\" sizes=\"auto, (max-width: 1024px) 100vw, 1024px\" \/><\/figure><\/li><li class=\"blocks-gallery-item\"><figure><img loading=\"lazy\" decoding=\"async\" width=\"1024\" height=\"667\" src=\"http:\/\/www.pielnet.fr\/carnet\/wp-content\/uploads\/2017\/06\/a9centre-GPompidou2017-1024x667.jpg\" alt=\"\" data-id=\"1488\" data-full-url=\"http:\/\/www.pielnet.fr\/carnet\/wp-content\/uploads\/2017\/06\/a9centre-GPompidou2017.jpg\" data-link=\"http:\/\/www.pielnet.fr\/carnet\/nicole-peskine-photographies\/a9centre-gpompidou2017\/\" class=\"wp-image-1488\" srcset=\"https:\/\/www.pielnet.fr\/carnet\/wp-content\/uploads\/2017\/06\/a9centre-GPompidou2017-1024x667.jpg 1024w, https:\/\/www.pielnet.fr\/carnet\/wp-content\/uploads\/2017\/06\/a9centre-GPompidou2017-300x195.jpg 300w, https:\/\/www.pielnet.fr\/carnet\/wp-content\/uploads\/2017\/06\/a9centre-GPompidou2017-768x500.jpg 768w, https:\/\/www.pielnet.fr\/carnet\/wp-content\/uploads\/2017\/06\/a9centre-GPompidou2017-1536x1001.jpg 1536w, https:\/\/www.pielnet.fr\/carnet\/wp-content\/uploads\/2017\/06\/a9centre-GPompidou2017.jpg 2000w\" sizes=\"auto, (max-width: 1024px) 100vw, 1024px\" \/><\/figure><\/li><\/ul><figcaption class=\"blocks-gallery-caption\">Les site de Nicole Peskine<br>photographe de Talent !<\/figcaption><\/figure>\n\n\n\n<p><a rel=\"noreferrer noopener\" href=\"http:\/\/www.nicolepeskine-photographie.com\/\" target=\"_blank\">www.nicolepeskine-photographie.com (depuis 2016)<br><strong>Blog WP + gallerie + data file info des fichiers JPG<\/strong>&nbsp;<\/a><br><em>WordPress<\/em><br><\/p>\n","protected":false},"excerpt":{"rendered":"<p>www.nicolepeskine-photographie.com (depuis 2016)Blog WP + gallerie + data file info des fichiers JPG&nbsp;WordPress<\/p>\n","protected":false},"author":1,"featured_media":1479,"comment_status":"open","ping_status":"open","sticky":false,"template":"","format":"standard","meta":{"footnotes":""},"categories":[1],"tags":[461],"class_list":["post-886","post","type-post","status-publish","format-standard","has-post-thumbnail","hentry","category-creations","tag-sites"],"yoast_head":"<!-- This site is optimized with the Yoast SEO plugin v26.7 - https:\/\/yoast.com\/wordpress\/plugins\/seo\/ -->\n<title>Web : Nicole Peskine - Photographies - le carnet - Piel<\/title>\n<meta name=\"robots\" content=\"index, follow, max-snippet:-1, max-image-preview:large, max-video-preview:-1\" \/>\n<link rel=\"canonical\" href=\"https:\/\/www.pielnet.fr\/carnet\/nicole-peskine-photographies\/\" \/>\n<meta property=\"og:locale\" content=\"fr_FR\" \/>\n<meta property=\"og:type\" content=\"article\" \/>\n<meta property=\"og:title\" content=\"Web : Nicole Peskine - Photographies - le carnet - Piel\" \/>\n<meta property=\"og:description\" content=\"www.nicolepeskine-photographie.com (depuis 2016)Blog WP + gallerie + data file info des fichiers JPG&nbsp;WordPress\" \/>\n<meta property=\"og:url\" content=\"https:\/\/www.pielnet.fr\/carnet\/nicole-peskine-photographies\/\" \/>\n<meta property=\"og:site_name\" content=\"le carnet - Piel\" \/>\n<meta property=\"article:published_time\" content=\"2018-06-03T11:58:00+00:00\" \/>\n<meta property=\"article:modified_time\" content=\"2021-12-09T10:26:38+00:00\" \/>\n<meta property=\"og:image\" content=\"https:\/\/www.pielnet.fr\/carnet\/wp-content\/uploads\/2015\/06\/a8Sur-les-marches-de-lOpera-Bastille-2018.jpg\" \/>\n\t<meta property=\"og:image:width\" content=\"2000\" \/>\n\t<meta property=\"og:image:height\" content=\"1462\" \/>\n\t<meta property=\"og:image:type\" content=\"image\/jpeg\" \/>\n<meta name=\"author\" content=\"arnopiel\" \/>\n<meta name=\"twitter:card\" content=\"summary_large_image\" \/>\n<meta name=\"twitter:label1\" content=\"\u00c9crit par\" \/>\n\t<meta name=\"twitter:data1\" content=\"arnopiel\" \/>\n\t<meta name=\"twitter:label2\" content=\"Dur\u00e9e de lecture estim\u00e9e\" \/>\n\t<meta name=\"twitter:data2\" content=\"2 minutes\" \/>\n<script type=\"application\/ld+json\" class=\"yoast-schema-graph\">{\"@context\":\"https:\/\/schema.org\",\"@graph\":[{\"@type\":\"Article\",\"@id\":\"https:\/\/www.pielnet.fr\/carnet\/nicole-peskine-photographies\/#article\",\"isPartOf\":{\"@id\":\"https:\/\/www.pielnet.fr\/carnet\/nicole-peskine-photographies\/\"},\"author\":{\"name\":\"arnopiel\",\"@id\":\"https:\/\/www.pielnet.fr\/carnet\/#\/schema\/person\/7c09d20dd138514cf3647ce37f1f755d\"},\"headline\":\"Web : Nicole Peskine &#8211; Photographies\",\"datePublished\":\"2018-06-03T11:58:00+00:00\",\"dateModified\":\"2021-12-09T10:26:38+00:00\",\"mainEntityOfPage\":{\"@id\":\"https:\/\/www.pielnet.fr\/carnet\/nicole-peskine-photographies\/\"},\"wordCount\":39,\"commentCount\":0,\"publisher\":{\"@id\":\"https:\/\/www.pielnet.fr\/carnet\/#\/schema\/person\/7c09d20dd138514cf3647ce37f1f755d\"},\"image\":{\"@id\":\"https:\/\/www.pielnet.fr\/carnet\/nicole-peskine-photographies\/#primaryimage\"},\"thumbnailUrl\":\"https:\/\/www.pielnet.fr\/carnet\/wp-content\/uploads\/2015\/06\/a8Sur-les-marches-de-lOpera-Bastille-2018.jpg\",\"keywords\":[\"sites\"],\"articleSection\":[\"Sites\"],\"inLanguage\":\"fr-FR\",\"potentialAction\":[{\"@type\":\"CommentAction\",\"name\":\"Comment\",\"target\":[\"https:\/\/www.pielnet.fr\/carnet\/nicole-peskine-photographies\/#respond\"]}]},{\"@type\":\"WebPage\",\"@id\":\"https:\/\/www.pielnet.fr\/carnet\/nicole-peskine-photographies\/\",\"url\":\"https:\/\/www.pielnet.fr\/carnet\/nicole-peskine-photographies\/\",\"name\":\"Web : Nicole Peskine - Photographies - le carnet - Piel\",\"isPartOf\":{\"@id\":\"https:\/\/www.pielnet.fr\/carnet\/#website\"},\"primaryImageOfPage\":{\"@id\":\"https:\/\/www.pielnet.fr\/carnet\/nicole-peskine-photographies\/#primaryimage\"},\"image\":{\"@id\":\"https:\/\/www.pielnet.fr\/carnet\/nicole-peskine-photographies\/#primaryimage\"},\"thumbnailUrl\":\"https:\/\/www.pielnet.fr\/carnet\/wp-content\/uploads\/2015\/06\/a8Sur-les-marches-de-lOpera-Bastille-2018.jpg\",\"datePublished\":\"2018-06-03T11:58:00+00:00\",\"dateModified\":\"2021-12-09T10:26:38+00:00\",\"breadcrumb\":{\"@id\":\"https:\/\/www.pielnet.fr\/carnet\/nicole-peskine-photographies\/#breadcrumb\"},\"inLanguage\":\"fr-FR\",\"potentialAction\":[{\"@type\":\"ReadAction\",\"target\":[\"https:\/\/www.pielnet.fr\/carnet\/nicole-peskine-photographies\/\"]}]},{\"@type\":\"ImageObject\",\"inLanguage\":\"fr-FR\",\"@id\":\"https:\/\/www.pielnet.fr\/carnet\/nicole-peskine-photographies\/#primaryimage\",\"url\":\"https:\/\/www.pielnet.fr\/carnet\/wp-content\/uploads\/2015\/06\/a8Sur-les-marches-de-lOpera-Bastille-2018.jpg\",\"contentUrl\":\"https:\/\/www.pielnet.fr\/carnet\/wp-content\/uploads\/2015\/06\/a8Sur-les-marches-de-lOpera-Bastille-2018.jpg\",\"width\":2000,\"height\":1462,\"caption\":\"Nicole Peskine\"},{\"@type\":\"BreadcrumbList\",\"@id\":\"https:\/\/www.pielnet.fr\/carnet\/nicole-peskine-photographies\/#breadcrumb\",\"itemListElement\":[{\"@type\":\"ListItem\",\"position\":1,\"name\":\"Accueil\",\"item\":\"https:\/\/www.pielnet.fr\/carnet\/\"},{\"@type\":\"ListItem\",\"position\":2,\"name\":\"Web : Nicole Peskine &#8211; Photographies\"}]},{\"@type\":\"WebSite\",\"@id\":\"https:\/\/www.pielnet.fr\/carnet\/#website\",\"url\":\"https:\/\/www.pielnet.fr\/carnet\/\",\"name\":\"le carnet - Piel\",\"description\":\"R\u00e9cits &amp; Territoires - Raconter en images les r\u00e9cits du sensible\",\"publisher\":{\"@id\":\"https:\/\/www.pielnet.fr\/carnet\/#\/schema\/person\/7c09d20dd138514cf3647ce37f1f755d\"},\"potentialAction\":[{\"@type\":\"SearchAction\",\"target\":{\"@type\":\"EntryPoint\",\"urlTemplate\":\"https:\/\/www.pielnet.fr\/carnet\/?s={search_term_string}\"},\"query-input\":{\"@type\":\"PropertyValueSpecification\",\"valueRequired\":true,\"valueName\":\"search_term_string\"}}],\"inLanguage\":\"fr-FR\"},{\"@type\":[\"Person\",\"Organization\"],\"@id\":\"https:\/\/www.pielnet.fr\/carnet\/#\/schema\/person\/7c09d20dd138514cf3647ce37f1f755d\",\"name\":\"arnopiel\",\"image\":{\"@type\":\"ImageObject\",\"inLanguage\":\"fr-FR\",\"@id\":\"https:\/\/www.pielnet.fr\/carnet\/#\/schema\/person\/image\/\",\"url\":\"https:\/\/www.pielnet.fr\/carnet\/wp-content\/uploads\/2021\/01\/IMG_20201212_150932.jpg\",\"contentUrl\":\"https:\/\/www.pielnet.fr\/carnet\/wp-content\/uploads\/2021\/01\/IMG_20201212_150932.jpg\",\"width\":1432,\"height\":1432,\"caption\":\"arnopiel\"},\"logo\":{\"@id\":\"https:\/\/www.pielnet.fr\/carnet\/#\/schema\/person\/image\/\"}}]}<\/script>\n<!-- \/ Yoast SEO plugin. -->","yoast_head_json":{"title":"Web : Nicole Peskine - Photographies - le carnet - Piel","robots":{"index":"index","follow":"follow","max-snippet":"max-snippet:-1","max-image-preview":"max-image-preview:large","max-video-preview":"max-video-preview:-1"},"canonical":"https:\/\/www.pielnet.fr\/carnet\/nicole-peskine-photographies\/","og_locale":"fr_FR","og_type":"article","og_title":"Web : Nicole Peskine - Photographies - le carnet - Piel","og_description":"www.nicolepeskine-photographie.com (depuis 2016)Blog WP + gallerie + data file info des fichiers JPG&nbsp;WordPress","og_url":"https:\/\/www.pielnet.fr\/carnet\/nicole-peskine-photographies\/","og_site_name":"le carnet - Piel","article_published_time":"2018-06-03T11:58:00+00:00","article_modified_time":"2021-12-09T10:26:38+00:00","og_image":[{"width":2000,"height":1462,"url":"https:\/\/www.pielnet.fr\/carnet\/wp-content\/uploads\/2015\/06\/a8Sur-les-marches-de-lOpera-Bastille-2018.jpg","type":"image\/jpeg"}],"author":"arnopiel","twitter_card":"summary_large_image","twitter_misc":{"\u00c9crit par":"arnopiel","Dur\u00e9e de lecture estim\u00e9e":"2 minutes"},"schema":{"@context":"https:\/\/schema.org","@graph":[{"@type":"Article","@id":"https:\/\/www.pielnet.fr\/carnet\/nicole-peskine-photographies\/#article","isPartOf":{"@id":"https:\/\/www.pielnet.fr\/carnet\/nicole-peskine-photographies\/"},"author":{"name":"arnopiel","@id":"https:\/\/www.pielnet.fr\/carnet\/#\/schema\/person\/7c09d20dd138514cf3647ce37f1f755d"},"headline":"Web : Nicole Peskine &#8211; Photographies","datePublished":"2018-06-03T11:58:00+00:00","dateModified":"2021-12-09T10:26:38+00:00","mainEntityOfPage":{"@id":"https:\/\/www.pielnet.fr\/carnet\/nicole-peskine-photographies\/"},"wordCount":39,"commentCount":0,"publisher":{"@id":"https:\/\/www.pielnet.fr\/carnet\/#\/schema\/person\/7c09d20dd138514cf3647ce37f1f755d"},"image":{"@id":"https:\/\/www.pielnet.fr\/carnet\/nicole-peskine-photographies\/#primaryimage"},"thumbnailUrl":"https:\/\/www.pielnet.fr\/carnet\/wp-content\/uploads\/2015\/06\/a8Sur-les-marches-de-lOpera-Bastille-2018.jpg","keywords":["sites"],"articleSection":["Sites"],"inLanguage":"fr-FR","potentialAction":[{"@type":"CommentAction","name":"Comment","target":["https:\/\/www.pielnet.fr\/carnet\/nicole-peskine-photographies\/#respond"]}]},{"@type":"WebPage","@id":"https:\/\/www.pielnet.fr\/carnet\/nicole-peskine-photographies\/","url":"https:\/\/www.pielnet.fr\/carnet\/nicole-peskine-photographies\/","name":"Web : Nicole Peskine - Photographies - le carnet - Piel","isPartOf":{"@id":"https:\/\/www.pielnet.fr\/carnet\/#website"},"primaryImageOfPage":{"@id":"https:\/\/www.pielnet.fr\/carnet\/nicole-peskine-photographies\/#primaryimage"},"image":{"@id":"https:\/\/www.pielnet.fr\/carnet\/nicole-peskine-photographies\/#primaryimage"},"thumbnailUrl":"https:\/\/www.pielnet.fr\/carnet\/wp-content\/uploads\/2015\/06\/a8Sur-les-marches-de-lOpera-Bastille-2018.jpg","datePublished":"2018-06-03T11:58:00+00:00","dateModified":"2021-12-09T10:26:38+00:00","breadcrumb":{"@id":"https:\/\/www.pielnet.fr\/carnet\/nicole-peskine-photographies\/#breadcrumb"},"inLanguage":"fr-FR","potentialAction":[{"@type":"ReadAction","target":["https:\/\/www.pielnet.fr\/carnet\/nicole-peskine-photographies\/"]}]},{"@type":"ImageObject","inLanguage":"fr-FR","@id":"https:\/\/www.pielnet.fr\/carnet\/nicole-peskine-photographies\/#primaryimage","url":"https:\/\/www.pielnet.fr\/carnet\/wp-content\/uploads\/2015\/06\/a8Sur-les-marches-de-lOpera-Bastille-2018.jpg","contentUrl":"https:\/\/www.pielnet.fr\/carnet\/wp-content\/uploads\/2015\/06\/a8Sur-les-marches-de-lOpera-Bastille-2018.jpg","width":2000,"height":1462,"caption":"Nicole Peskine"},{"@type":"BreadcrumbList","@id":"https:\/\/www.pielnet.fr\/carnet\/nicole-peskine-photographies\/#breadcrumb","itemListElement":[{"@type":"ListItem","position":1,"name":"Accueil","item":"https:\/\/www.pielnet.fr\/carnet\/"},{"@type":"ListItem","position":2,"name":"Web : Nicole Peskine &#8211; Photographies"}]},{"@type":"WebSite","@id":"https:\/\/www.pielnet.fr\/carnet\/#website","url":"https:\/\/www.pielnet.fr\/carnet\/","name":"le carnet - Piel","description":"R\u00e9cits &amp; Territoires - Raconter en images les r\u00e9cits du sensible","publisher":{"@id":"https:\/\/www.pielnet.fr\/carnet\/#\/schema\/person\/7c09d20dd138514cf3647ce37f1f755d"},"potentialAction":[{"@type":"SearchAction","target":{"@type":"EntryPoint","urlTemplate":"https:\/\/www.pielnet.fr\/carnet\/?s={search_term_string}"},"query-input":{"@type":"PropertyValueSpecification","valueRequired":true,"valueName":"search_term_string"}}],"inLanguage":"fr-FR"},{"@type":["Person","Organization"],"@id":"https:\/\/www.pielnet.fr\/carnet\/#\/schema\/person\/7c09d20dd138514cf3647ce37f1f755d","name":"arnopiel","image":{"@type":"ImageObject","inLanguage":"fr-FR","@id":"https:\/\/www.pielnet.fr\/carnet\/#\/schema\/person\/image\/","url":"https:\/\/www.pielnet.fr\/carnet\/wp-content\/uploads\/2021\/01\/IMG_20201212_150932.jpg","contentUrl":"https:\/\/www.pielnet.fr\/carnet\/wp-content\/uploads\/2021\/01\/IMG_20201212_150932.jpg","width":1432,"height":1432,"caption":"arnopiel"},"logo":{"@id":"https:\/\/www.pielnet.fr\/carnet\/#\/schema\/person\/image\/"}}]}},"_links":{"self":[{"href":"https:\/\/www.pielnet.fr\/carnet\/wp-json\/wp\/v2\/posts\/886","targetHints":{"allow":["GET"]}}],"collection":[{"href":"https:\/\/www.pielnet.fr\/carnet\/wp-json\/wp\/v2\/posts"}],"about":[{"href":"https:\/\/www.pielnet.fr\/carnet\/wp-json\/wp\/v2\/types\/post"}],"author":[{"embeddable":true,"href":"https:\/\/www.pielnet.fr\/carnet\/wp-json\/wp\/v2\/users\/1"}],"replies":[{"embeddable":true,"href":"https:\/\/www.pielnet.fr\/carnet\/wp-json\/wp\/v2\/comments?post=886"}],"version-history":[{"count":7,"href":"https:\/\/www.pielnet.fr\/carnet\/wp-json\/wp\/v2\/posts\/886\/revisions"}],"predecessor-version":[{"id":2477,"href":"https:\/\/www.pielnet.fr\/carnet\/wp-json\/wp\/v2\/posts\/886\/revisions\/2477"}],"wp:featuredmedia":[{"embeddable":true,"href":"https:\/\/www.pielnet.fr\/carnet\/wp-json\/wp\/v2\/media\/1479"}],"wp:attachment":[{"href":"https:\/\/www.pielnet.fr\/carnet\/wp-json\/wp\/v2\/media?parent=886"}],"wp:term":[{"taxonomy":"category","embeddable":true,"href":"https:\/\/www.pielnet.fr\/carnet\/wp-json\/wp\/v2\/categories?post=886"},{"taxonomy":"post_tag","embeddable":true,"href":"https:\/\/www.pielnet.fr\/carnet\/wp-json\/wp\/v2\/tags?post=886"}],"curies":[{"name":"wp","href":"https:\/\/api.w.org\/{rel}","templated":true}]}}