{"id":826,"date":"2015-11-03T10:14:30","date_gmt":"2015-11-03T09:14:30","guid":{"rendered":"http:\/\/www.pielnet.fr\/carnet\/?p=826"},"modified":"2018-12-16T09:48:22","modified_gmt":"2018-12-16T08:48:22","slug":"cabaret-cyrano-teaser-chergui-theatre-2015","status":"publish","type":"post","link":"https:\/\/www.pielnet.fr\/carnet\/cabaret-cyrano-teaser-chergui-theatre-2015\/","title":{"rendered":"Cabaret Cyrano &#8211; teaser &#8211; Chergui Th\u00e9\u00e2tre 2015"},"content":{"rendered":"\n<figure class=\"wp-block-embed-youtube wp-block-embed is-type-video is-provider-youtube wp-embed-aspect-16-9 wp-has-aspect-ratio\"><div class=\"wp-block-embed__wrapper\">\n<iframe loading=\"lazy\" title=\"Cabaret Cyrano - teaser - Chergui Th\u00e9\u00e2tre 2015\" width=\"500\" height=\"281\" src=\"https:\/\/www.youtube.com\/embed\/5hsLiCc1ZrU?feature=oembed\" frameborder=\"0\" allow=\"accelerometer; autoplay; clipboard-write; encrypted-media; gyroscope; picture-in-picture; web-share\" referrerpolicy=\"strict-origin-when-cross-origin\" allowfullscreen><\/iframe>\n<\/div><figcaption>Cabaret Cyrano &#8211; Chergui Th\u00e9\u00e2tre &#8211; Cyrano de Bergerac<\/figcaption><\/figure>\n\n\n\n<p>cabaret musical \/ th\u00e9\u00e2tre : Edmond Rostand et Jaques Offenbach<\/p>\n\n\n\n<p>Production : Chergui Th\u00e9\u00e2tre 2015<\/p>\n\n\n\n<p>Direction artistique : Jean-Michel Hernandez<\/p>\n\n\n\n<p>Mise en sc\u00e8ne : Herv\u00e9 Carr\u00e8re<\/p>\n\n\n\n<p>Co-production : Espace Apollo (Mazamet) &#8211; Ville de Graulhet &#8211; Le Pari Fabrique Artistique (Tarbes)<\/p>\n\n\n\n<p>Avec Jean-Michel Hernandez, Ericka Vielville, Thibault Valant, Marc Lallement, Lola Kirchner, Stella Juliachs, Herv\u00e9 Carr\u00e8re<\/p>\n\n\n\n<p>R\u00e9a du teaser et captation : Piel (<a href=\"http:\/\/www.pielnet.fr\">www.pielnet.fr<\/a>)<\/p>\n","protected":false},"excerpt":{"rendered":"<p>cabaret musical \/ th\u00e9\u00e2tre : Edmond Rostand et Jaques Offenbach Production : Chergui Th\u00e9\u00e2tre 2015 Direction artistique : Jean-Michel Hernandez Mise en sc\u00e8ne : Herv\u00e9 Carr\u00e8re Co-production : Espace Apollo (Mazamet) &#8211; Ville de Graulhet &#8211; Le Pari Fabrique Artistique (Tarbes) Avec Jean-Michel Hernandez, Ericka Vielville, Thibault Valant, Marc Lallement, Lola Kirchner, Stella Juliachs, Herv\u00e9 [&hellip;]<\/p>\n","protected":false},"author":1,"featured_media":747,"comment_status":"open","ping_status":"open","sticky":false,"template":"","format":"standard","meta":{"footnotes":""},"categories":[472,69],"tags":[474,464,105],"class_list":["post-826","post","type-post","status-publish","format-standard","has-post-thumbnail","hentry","category-doc","category-films","tag-teaser","tag-theatre","tag-video"],"yoast_head":"<!-- This site is optimized with the Yoast SEO plugin v26.7 - https:\/\/yoast.com\/wordpress\/plugins\/seo\/ -->\n<title>Cabaret Cyrano - teaser - Chergui Th\u00e9\u00e2tre 2015 - le carnet - Piel<\/title>\n<meta name=\"robots\" content=\"index, follow, max-snippet:-1, max-image-preview:large, max-video-preview:-1\" \/>\n<link rel=\"canonical\" href=\"https:\/\/www.pielnet.fr\/carnet\/cabaret-cyrano-teaser-chergui-theatre-2015\/\" \/>\n<meta property=\"og:locale\" content=\"fr_FR\" \/>\n<meta property=\"og:type\" content=\"article\" \/>\n<meta property=\"og:title\" content=\"Cabaret Cyrano - teaser - Chergui Th\u00e9\u00e2tre 2015 - le carnet - Piel\" \/>\n<meta property=\"og:description\" content=\"cabaret musical \/ th\u00e9\u00e2tre : Edmond Rostand et Jaques Offenbach Production : Chergui Th\u00e9\u00e2tre 2015 Direction artistique : Jean-Michel Hernandez Mise en sc\u00e8ne : Herv\u00e9 Carr\u00e8re Co-production : Espace Apollo (Mazamet) &#8211; Ville de Graulhet &#8211; Le Pari Fabrique Artistique (Tarbes) Avec Jean-Michel Hernandez, Ericka Vielville, Thibault Valant, Marc Lallement, Lola Kirchner, Stella Juliachs, Herv\u00e9 [&hellip;]\" \/>\n<meta property=\"og:url\" content=\"https:\/\/www.pielnet.fr\/carnet\/cabaret-cyrano-teaser-chergui-theatre-2015\/\" \/>\n<meta property=\"og:site_name\" content=\"le carnet - Piel\" \/>\n<meta property=\"article:published_time\" content=\"2015-11-03T09:14:30+00:00\" \/>\n<meta property=\"article:modified_time\" content=\"2018-12-16T08:48:22+00:00\" \/>\n<meta property=\"og:image\" content=\"https:\/\/www.pielnet.fr\/carnet\/wp-content\/uploads\/2018\/12\/2018-12-02-2.png\" \/>\n\t<meta property=\"og:image:width\" content=\"1920\" \/>\n\t<meta property=\"og:image:height\" content=\"1280\" \/>\n\t<meta property=\"og:image:type\" content=\"image\/png\" \/>\n<meta name=\"author\" content=\"arnopiel\" \/>\n<meta name=\"twitter:card\" content=\"summary_large_image\" \/>\n<meta name=\"twitter:label1\" content=\"\u00c9crit par\" \/>\n\t<meta name=\"twitter:data1\" content=\"arnopiel\" \/>\n<script type=\"application\/ld+json\" class=\"yoast-schema-graph\">{\"@context\":\"https:\/\/schema.org\",\"@graph\":[{\"@type\":\"Article\",\"@id\":\"https:\/\/www.pielnet.fr\/carnet\/cabaret-cyrano-teaser-chergui-theatre-2015\/#article\",\"isPartOf\":{\"@id\":\"https:\/\/www.pielnet.fr\/carnet\/cabaret-cyrano-teaser-chergui-theatre-2015\/\"},\"author\":{\"name\":\"arnopiel\",\"@id\":\"https:\/\/www.pielnet.fr\/carnet\/#\/schema\/person\/7c09d20dd138514cf3647ce37f1f755d\"},\"headline\":\"Cabaret Cyrano &#8211; teaser &#8211; Chergui Th\u00e9\u00e2tre 2015\",\"datePublished\":\"2015-11-03T09:14:30+00:00\",\"dateModified\":\"2018-12-16T08:48:22+00:00\",\"mainEntityOfPage\":{\"@id\":\"https:\/\/www.pielnet.fr\/carnet\/cabaret-cyrano-teaser-chergui-theatre-2015\/\"},\"wordCount\":90,\"commentCount\":0,\"publisher\":{\"@id\":\"https:\/\/www.pielnet.fr\/carnet\/#\/schema\/person\/7c09d20dd138514cf3647ce37f1f755d\"},\"image\":{\"@id\":\"https:\/\/www.pielnet.fr\/carnet\/cabaret-cyrano-teaser-chergui-theatre-2015\/#primaryimage\"},\"thumbnailUrl\":\"https:\/\/www.pielnet.fr\/carnet\/wp-content\/uploads\/2018\/12\/2018-12-02-2.png\",\"keywords\":[\"teaser\",\"theatre\",\"vid\u00e9o\"],\"articleSection\":[\"Doc\",\"Films\"],\"inLanguage\":\"fr-FR\",\"potentialAction\":[{\"@type\":\"CommentAction\",\"name\":\"Comment\",\"target\":[\"https:\/\/www.pielnet.fr\/carnet\/cabaret-cyrano-teaser-chergui-theatre-2015\/#respond\"]}]},{\"@type\":\"WebPage\",\"@id\":\"https:\/\/www.pielnet.fr\/carnet\/cabaret-cyrano-teaser-chergui-theatre-2015\/\",\"url\":\"https:\/\/www.pielnet.fr\/carnet\/cabaret-cyrano-teaser-chergui-theatre-2015\/\",\"name\":\"Cabaret Cyrano - teaser - Chergui Th\u00e9\u00e2tre 2015 - le carnet - Piel\",\"isPartOf\":{\"@id\":\"https:\/\/www.pielnet.fr\/carnet\/#website\"},\"primaryImageOfPage\":{\"@id\":\"https:\/\/www.pielnet.fr\/carnet\/cabaret-cyrano-teaser-chergui-theatre-2015\/#primaryimage\"},\"image\":{\"@id\":\"https:\/\/www.pielnet.fr\/carnet\/cabaret-cyrano-teaser-chergui-theatre-2015\/#primaryimage\"},\"thumbnailUrl\":\"https:\/\/www.pielnet.fr\/carnet\/wp-content\/uploads\/2018\/12\/2018-12-02-2.png\",\"datePublished\":\"2015-11-03T09:14:30+00:00\",\"dateModified\":\"2018-12-16T08:48:22+00:00\",\"breadcrumb\":{\"@id\":\"https:\/\/www.pielnet.fr\/carnet\/cabaret-cyrano-teaser-chergui-theatre-2015\/#breadcrumb\"},\"inLanguage\":\"fr-FR\",\"potentialAction\":[{\"@type\":\"ReadAction\",\"target\":[\"https:\/\/www.pielnet.fr\/carnet\/cabaret-cyrano-teaser-chergui-theatre-2015\/\"]}]},{\"@type\":\"ImageObject\",\"inLanguage\":\"fr-FR\",\"@id\":\"https:\/\/www.pielnet.fr\/carnet\/cabaret-cyrano-teaser-chergui-theatre-2015\/#primaryimage\",\"url\":\"https:\/\/www.pielnet.fr\/carnet\/wp-content\/uploads\/2018\/12\/2018-12-02-2.png\",\"contentUrl\":\"https:\/\/www.pielnet.fr\/carnet\/wp-content\/uploads\/2018\/12\/2018-12-02-2.png\",\"width\":1920,\"height\":1280,\"caption\":\"Cyrano de Bergerac par le Chergui Th\u00e9\u00e2tre\"},{\"@type\":\"BreadcrumbList\",\"@id\":\"https:\/\/www.pielnet.fr\/carnet\/cabaret-cyrano-teaser-chergui-theatre-2015\/#breadcrumb\",\"itemListElement\":[{\"@type\":\"ListItem\",\"position\":1,\"name\":\"Accueil\",\"item\":\"https:\/\/www.pielnet.fr\/carnet\/\"},{\"@type\":\"ListItem\",\"position\":2,\"name\":\"Cabaret Cyrano &#8211; teaser &#8211; Chergui Th\u00e9\u00e2tre 2015\"}]},{\"@type\":\"WebSite\",\"@id\":\"https:\/\/www.pielnet.fr\/carnet\/#website\",\"url\":\"https:\/\/www.pielnet.fr\/carnet\/\",\"name\":\"le carnet - Piel\",\"description\":\"R\u00e9cits &amp; Territoires - Raconter en images les r\u00e9cits du sensible\",\"publisher\":{\"@id\":\"https:\/\/www.pielnet.fr\/carnet\/#\/schema\/person\/7c09d20dd138514cf3647ce37f1f755d\"},\"potentialAction\":[{\"@type\":\"SearchAction\",\"target\":{\"@type\":\"EntryPoint\",\"urlTemplate\":\"https:\/\/www.pielnet.fr\/carnet\/?s={search_term_string}\"},\"query-input\":{\"@type\":\"PropertyValueSpecification\",\"valueRequired\":true,\"valueName\":\"search_term_string\"}}],\"inLanguage\":\"fr-FR\"},{\"@type\":[\"Person\",\"Organization\"],\"@id\":\"https:\/\/www.pielnet.fr\/carnet\/#\/schema\/person\/7c09d20dd138514cf3647ce37f1f755d\",\"name\":\"arnopiel\",\"image\":{\"@type\":\"ImageObject\",\"inLanguage\":\"fr-FR\",\"@id\":\"https:\/\/www.pielnet.fr\/carnet\/#\/schema\/person\/image\/\",\"url\":\"https:\/\/www.pielnet.fr\/carnet\/wp-content\/uploads\/2021\/01\/IMG_20201212_150932.jpg\",\"contentUrl\":\"https:\/\/www.pielnet.fr\/carnet\/wp-content\/uploads\/2021\/01\/IMG_20201212_150932.jpg\",\"width\":1432,\"height\":1432,\"caption\":\"arnopiel\"},\"logo\":{\"@id\":\"https:\/\/www.pielnet.fr\/carnet\/#\/schema\/person\/image\/\"}}]}<\/script>\n<!-- \/ Yoast SEO plugin. -->","yoast_head_json":{"title":"Cabaret Cyrano - teaser - Chergui Th\u00e9\u00e2tre 2015 - le carnet - Piel","robots":{"index":"index","follow":"follow","max-snippet":"max-snippet:-1","max-image-preview":"max-image-preview:large","max-video-preview":"max-video-preview:-1"},"canonical":"https:\/\/www.pielnet.fr\/carnet\/cabaret-cyrano-teaser-chergui-theatre-2015\/","og_locale":"fr_FR","og_type":"article","og_title":"Cabaret Cyrano - teaser - Chergui Th\u00e9\u00e2tre 2015 - le carnet - Piel","og_description":"cabaret musical \/ th\u00e9\u00e2tre : Edmond Rostand et Jaques Offenbach Production : Chergui Th\u00e9\u00e2tre 2015 Direction artistique : Jean-Michel Hernandez Mise en sc\u00e8ne : Herv\u00e9 Carr\u00e8re Co-production : Espace Apollo (Mazamet) &#8211; Ville de Graulhet &#8211; Le Pari Fabrique Artistique (Tarbes) Avec Jean-Michel Hernandez, Ericka Vielville, Thibault Valant, Marc Lallement, Lola Kirchner, Stella Juliachs, Herv\u00e9 [&hellip;]","og_url":"https:\/\/www.pielnet.fr\/carnet\/cabaret-cyrano-teaser-chergui-theatre-2015\/","og_site_name":"le carnet - Piel","article_published_time":"2015-11-03T09:14:30+00:00","article_modified_time":"2018-12-16T08:48:22+00:00","og_image":[{"width":1920,"height":1280,"url":"https:\/\/www.pielnet.fr\/carnet\/wp-content\/uploads\/2018\/12\/2018-12-02-2.png","type":"image\/png"}],"author":"arnopiel","twitter_card":"summary_large_image","twitter_misc":{"\u00c9crit par":"arnopiel"},"schema":{"@context":"https:\/\/schema.org","@graph":[{"@type":"Article","@id":"https:\/\/www.pielnet.fr\/carnet\/cabaret-cyrano-teaser-chergui-theatre-2015\/#article","isPartOf":{"@id":"https:\/\/www.pielnet.fr\/carnet\/cabaret-cyrano-teaser-chergui-theatre-2015\/"},"author":{"name":"arnopiel","@id":"https:\/\/www.pielnet.fr\/carnet\/#\/schema\/person\/7c09d20dd138514cf3647ce37f1f755d"},"headline":"Cabaret Cyrano &#8211; teaser &#8211; Chergui Th\u00e9\u00e2tre 2015","datePublished":"2015-11-03T09:14:30+00:00","dateModified":"2018-12-16T08:48:22+00:00","mainEntityOfPage":{"@id":"https:\/\/www.pielnet.fr\/carnet\/cabaret-cyrano-teaser-chergui-theatre-2015\/"},"wordCount":90,"commentCount":0,"publisher":{"@id":"https:\/\/www.pielnet.fr\/carnet\/#\/schema\/person\/7c09d20dd138514cf3647ce37f1f755d"},"image":{"@id":"https:\/\/www.pielnet.fr\/carnet\/cabaret-cyrano-teaser-chergui-theatre-2015\/#primaryimage"},"thumbnailUrl":"https:\/\/www.pielnet.fr\/carnet\/wp-content\/uploads\/2018\/12\/2018-12-02-2.png","keywords":["teaser","theatre","vid\u00e9o"],"articleSection":["Doc","Films"],"inLanguage":"fr-FR","potentialAction":[{"@type":"CommentAction","name":"Comment","target":["https:\/\/www.pielnet.fr\/carnet\/cabaret-cyrano-teaser-chergui-theatre-2015\/#respond"]}]},{"@type":"WebPage","@id":"https:\/\/www.pielnet.fr\/carnet\/cabaret-cyrano-teaser-chergui-theatre-2015\/","url":"https:\/\/www.pielnet.fr\/carnet\/cabaret-cyrano-teaser-chergui-theatre-2015\/","name":"Cabaret Cyrano - teaser - Chergui Th\u00e9\u00e2tre 2015 - le carnet - Piel","isPartOf":{"@id":"https:\/\/www.pielnet.fr\/carnet\/#website"},"primaryImageOfPage":{"@id":"https:\/\/www.pielnet.fr\/carnet\/cabaret-cyrano-teaser-chergui-theatre-2015\/#primaryimage"},"image":{"@id":"https:\/\/www.pielnet.fr\/carnet\/cabaret-cyrano-teaser-chergui-theatre-2015\/#primaryimage"},"thumbnailUrl":"https:\/\/www.pielnet.fr\/carnet\/wp-content\/uploads\/2018\/12\/2018-12-02-2.png","datePublished":"2015-11-03T09:14:30+00:00","dateModified":"2018-12-16T08:48:22+00:00","breadcrumb":{"@id":"https:\/\/www.pielnet.fr\/carnet\/cabaret-cyrano-teaser-chergui-theatre-2015\/#breadcrumb"},"inLanguage":"fr-FR","potentialAction":[{"@type":"ReadAction","target":["https:\/\/www.pielnet.fr\/carnet\/cabaret-cyrano-teaser-chergui-theatre-2015\/"]}]},{"@type":"ImageObject","inLanguage":"fr-FR","@id":"https:\/\/www.pielnet.fr\/carnet\/cabaret-cyrano-teaser-chergui-theatre-2015\/#primaryimage","url":"https:\/\/www.pielnet.fr\/carnet\/wp-content\/uploads\/2018\/12\/2018-12-02-2.png","contentUrl":"https:\/\/www.pielnet.fr\/carnet\/wp-content\/uploads\/2018\/12\/2018-12-02-2.png","width":1920,"height":1280,"caption":"Cyrano de Bergerac par le Chergui Th\u00e9\u00e2tre"},{"@type":"BreadcrumbList","@id":"https:\/\/www.pielnet.fr\/carnet\/cabaret-cyrano-teaser-chergui-theatre-2015\/#breadcrumb","itemListElement":[{"@type":"ListItem","position":1,"name":"Accueil","item":"https:\/\/www.pielnet.fr\/carnet\/"},{"@type":"ListItem","position":2,"name":"Cabaret Cyrano &#8211; teaser &#8211; Chergui Th\u00e9\u00e2tre 2015"}]},{"@type":"WebSite","@id":"https:\/\/www.pielnet.fr\/carnet\/#website","url":"https:\/\/www.pielnet.fr\/carnet\/","name":"le carnet - Piel","description":"R\u00e9cits &amp; Territoires - Raconter en images les r\u00e9cits du sensible","publisher":{"@id":"https:\/\/www.pielnet.fr\/carnet\/#\/schema\/person\/7c09d20dd138514cf3647ce37f1f755d"},"potentialAction":[{"@type":"SearchAction","target":{"@type":"EntryPoint","urlTemplate":"https:\/\/www.pielnet.fr\/carnet\/?s={search_term_string}"},"query-input":{"@type":"PropertyValueSpecification","valueRequired":true,"valueName":"search_term_string"}}],"inLanguage":"fr-FR"},{"@type":["Person","Organization"],"@id":"https:\/\/www.pielnet.fr\/carnet\/#\/schema\/person\/7c09d20dd138514cf3647ce37f1f755d","name":"arnopiel","image":{"@type":"ImageObject","inLanguage":"fr-FR","@id":"https:\/\/www.pielnet.fr\/carnet\/#\/schema\/person\/image\/","url":"https:\/\/www.pielnet.fr\/carnet\/wp-content\/uploads\/2021\/01\/IMG_20201212_150932.jpg","contentUrl":"https:\/\/www.pielnet.fr\/carnet\/wp-content\/uploads\/2021\/01\/IMG_20201212_150932.jpg","width":1432,"height":1432,"caption":"arnopiel"},"logo":{"@id":"https:\/\/www.pielnet.fr\/carnet\/#\/schema\/person\/image\/"}}]}},"_links":{"self":[{"href":"https:\/\/www.pielnet.fr\/carnet\/wp-json\/wp\/v2\/posts\/826","targetHints":{"allow":["GET"]}}],"collection":[{"href":"https:\/\/www.pielnet.fr\/carnet\/wp-json\/wp\/v2\/posts"}],"about":[{"href":"https:\/\/www.pielnet.fr\/carnet\/wp-json\/wp\/v2\/types\/post"}],"author":[{"embeddable":true,"href":"https:\/\/www.pielnet.fr\/carnet\/wp-json\/wp\/v2\/users\/1"}],"replies":[{"embeddable":true,"href":"https:\/\/www.pielnet.fr\/carnet\/wp-json\/wp\/v2\/comments?post=826"}],"version-history":[{"count":1,"href":"https:\/\/www.pielnet.fr\/carnet\/wp-json\/wp\/v2\/posts\/826\/revisions"}],"predecessor-version":[{"id":827,"href":"https:\/\/www.pielnet.fr\/carnet\/wp-json\/wp\/v2\/posts\/826\/revisions\/827"}],"wp:featuredmedia":[{"embeddable":true,"href":"https:\/\/www.pielnet.fr\/carnet\/wp-json\/wp\/v2\/media\/747"}],"wp:attachment":[{"href":"https:\/\/www.pielnet.fr\/carnet\/wp-json\/wp\/v2\/media?parent=826"}],"wp:term":[{"taxonomy":"category","embeddable":true,"href":"https:\/\/www.pielnet.fr\/carnet\/wp-json\/wp\/v2\/categories?post=826"},{"taxonomy":"post_tag","embeddable":true,"href":"https:\/\/www.pielnet.fr\/carnet\/wp-json\/wp\/v2\/tags?post=826"}],"curies":[{"name":"wp","href":"https:\/\/api.w.org\/{rel}","templated":true}]}}