{"id":775,"date":"2004-07-20T08:21:45","date_gmt":"2004-07-20T07:21:45","guid":{"rendered":"http:\/\/www.pielnet.fr\/carnet\/?p=775"},"modified":"2021-12-09T11:25:35","modified_gmt":"2021-12-09T10:25:35","slug":"happython","status":"publish","type":"post","link":"https:\/\/www.pielnet.fr\/carnet\/happython\/","title":{"rendered":"\u00e0 l&rsquo;occasion des 20 ans du HAPPYTHON"},"content":{"rendered":"\n<figure class=\"wp-block-embed is-type-video is-provider-vimeo wp-block-embed-vimeo wp-embed-aspect-16-9 wp-has-aspect-ratio\"><div class=\"wp-block-embed__wrapper\">\n<iframe loading=\"lazy\" title=\"happython 15 mn\" src=\"https:\/\/player.vimeo.com\/video\/342540417?dnt=1&amp;app_id=122963\" width=\"500\" height=\"281\" frameborder=\"0\" allow=\"autoplay; fullscreen; picture-in-picture; clipboard-write\"><\/iframe>\n<\/div><figcaption> Version raccourcie du moyen m\u00e9trage pour Mons en Baroeul-Lille 2004. C&rsquo;est les 20 &amp;ns du Happython (<a rel=\"noreferrer noopener\" href=\"http:\/\/www.happython.com\/\" target=\"_blank\">happython.com<\/a>) <\/figcaption><\/figure>\n\n\n\n<p>\n\navec Agn\u00e8s Fagoo, Bruno Solo, Alain Kappauf, Corinne Coman, Genevi\u00e8ve de Fontenay, Michel Jonasz, Jack Lang, Christine Ockrent, Serge Bensen, Bernard Laporte, L&rsquo;Equipe de France de Rugby, Daniek Herrero, Patrick Fiori, Fabien Ouaki, les Magasins Tati, Etienne Klein, Didier Pourquery, le Journal M\u00e9tro, Max Armanet, le Journal La Vie, la Municipalit\u00e9 de Mons en Baroeul, Franc Bleu Nord, Ecole Primaire de S\u00e9vign\u00e9, Maisons de retraites Les c\u00e8dres, Les 1000 roses et celle de B\u00e8gles, les centres a\u00e9r\u00e9s sportif de Mons en Baoeul et Yannick, Camille, H\u00e9rv\u00e9, Lunes, Mathilde, Cl\u00e9mantine, Fabien, Claudette, Marcel, Magda, Marine, Tom, Nadine, Emilie, Shrora, Johannes, Mrtha, Mamouka, Caroline, Thomas, Effi, Joris, Pascal, David, Pascale, Jade, F\u00e9lix, Gaby et Marthe + les plus de 40000 autres.\n\n<\/p>\n\n\n\n<h4 class=\"wp-block-heading\">Quelques Films (parmi plus de 50 ??) pour happython.com (\u00e0 la r\u00e9a web, video et artistique entre 1999 et 2010)<\/h4>\n\n\n\n<figure class=\"wp-block-embed is-type-video is-provider-vimeo wp-block-embed-vimeo wp-embed-aspect-16-9 wp-has-aspect-ratio\"><div class=\"wp-block-embed__wrapper\">\nhttps:\/\/vimeo.com\/305002727\n<\/div><\/figure>\n\n\n\n<p>Avec plein de gens !<\/p>\n\n\n\n<figure class=\"wp-block-embed is-type-video is-provider-youtube wp-block-embed-youtube wp-embed-aspect-4-3 wp-has-aspect-ratio\"><div class=\"wp-block-embed__wrapper\">\n<iframe loading=\"lazy\" title=\"2HappythonPOINTcomHQ\" width=\"500\" height=\"375\" src=\"https:\/\/www.youtube.com\/embed\/fAzFeCl_Yas?feature=oembed\" frameborder=\"0\" allow=\"accelerometer; autoplay; clipboard-write; encrypted-media; gyroscope; picture-in-picture; web-share\" referrerpolicy=\"strict-origin-when-cross-origin\" allowfullscreen><\/iframe>\n<\/div><figcaption><br>HappythonPOINTcom<\/figcaption><\/figure>\n\n\n\n<figure class=\"wp-block-embed is-type-video is-provider-youtube wp-block-embed-youtube wp-embed-aspect-4-3 wp-has-aspect-ratio\"><div class=\"wp-block-embed__wrapper\">\n<iframe loading=\"lazy\" title=\"Le bonheur de cr\u00e9er tout \u00e7a\" width=\"500\" height=\"375\" src=\"https:\/\/www.youtube.com\/embed\/ijJtdrgmXBc?feature=oembed\" frameborder=\"0\" allow=\"accelerometer; autoplay; clipboard-write; encrypted-media; gyroscope; picture-in-picture; web-share\" referrerpolicy=\"strict-origin-when-cross-origin\" allowfullscreen><\/iframe>\n<\/div><figcaption><br>Le bonheur de cr\u00e9er tout \u00e7a<\/figcaption><\/figure>\n\n\n\n<p>Le bonheur de cr\u00e9er tout \u00e7a <\/p>\n\n\n\n<p>un film de Thierry Vermont \/ r\u00e9alis\u00e9 par Piel<\/p>\n\n\n\n<figure class=\"wp-block-embed is-type-video is-provider-youtube wp-block-embed-youtube wp-embed-aspect-16-9 wp-has-aspect-ratio\"><div class=\"wp-block-embed__wrapper\">\n<iframe loading=\"lazy\" title=\"Happython Villes et Villages Heureux\" width=\"500\" height=\"281\" src=\"https:\/\/www.youtube.com\/embed\/c1pJfbX4f7E?feature=oembed\" frameborder=\"0\" allow=\"accelerometer; autoplay; clipboard-write; encrypted-media; gyroscope; picture-in-picture; web-share\" referrerpolicy=\"strict-origin-when-cross-origin\" allowfullscreen><\/iframe>\n<\/div><\/figure>\n","protected":false},"excerpt":{"rendered":"<p>avec Agn\u00e8s Fagoo, Bruno Solo, Alain Kappauf, Corinne Coman, Genevi\u00e8ve de Fontenay, Michel Jonasz, Jack Lang, Christine Ockrent, Serge Bensen, Bernard Laporte, L&rsquo;Equipe de France de Rugby, Daniek Herrero, Patrick Fiori, Fabien Ouaki, les Magasins Tati, Etienne Klein, Didier Pourquery, le Journal M\u00e9tro, Max Armanet, le Journal La Vie, la Municipalit\u00e9 de Mons en Baroeul, [&hellip;]<\/p>\n","protected":false},"author":1,"featured_media":1321,"comment_status":"open","ping_status":"open","sticky":false,"template":"","format":"standard","meta":{"footnotes":""},"categories":[465,472,69,1],"tags":[466,456,470,67],"class_list":["post-775","post","type-post","status-publish","format-standard","has-post-thumbnail","hentry","category-artvideo","category-doc","category-films","category-creations","tag-art-video","tag-artvideo","tag-happython","tag-piel"],"yoast_head":"<!-- This site is optimized with the Yoast SEO plugin v26.7 - https:\/\/yoast.com\/wordpress\/plugins\/seo\/ -->\n<title>\u00e0 l&#039;occasion des 20 ans du HAPPYTHON - le carnet - Piel<\/title>\n<meta name=\"robots\" content=\"index, follow, max-snippet:-1, max-image-preview:large, max-video-preview:-1\" \/>\n<link rel=\"canonical\" href=\"https:\/\/www.pielnet.fr\/carnet\/happython\/\" \/>\n<meta property=\"og:locale\" content=\"fr_FR\" \/>\n<meta property=\"og:type\" content=\"article\" \/>\n<meta property=\"og:title\" content=\"\u00e0 l&#039;occasion des 20 ans du HAPPYTHON - le carnet - Piel\" \/>\n<meta property=\"og:description\" content=\"avec Agn\u00e8s Fagoo, Bruno Solo, Alain Kappauf, Corinne Coman, Genevi\u00e8ve de Fontenay, Michel Jonasz, Jack Lang, Christine Ockrent, Serge Bensen, Bernard Laporte, L&rsquo;Equipe de France de Rugby, Daniek Herrero, Patrick Fiori, Fabien Ouaki, les Magasins Tati, Etienne Klein, Didier Pourquery, le Journal M\u00e9tro, Max Armanet, le Journal La Vie, la Municipalit\u00e9 de Mons en Baroeul, [&hellip;]\" \/>\n<meta property=\"og:url\" content=\"https:\/\/www.pielnet.fr\/carnet\/happython\/\" \/>\n<meta property=\"og:site_name\" content=\"le carnet - Piel\" \/>\n<meta property=\"article:published_time\" content=\"2004-07-20T07:21:45+00:00\" \/>\n<meta property=\"article:modified_time\" content=\"2021-12-09T10:25:35+00:00\" \/>\n<meta property=\"og:image\" content=\"https:\/\/www.pielnet.fr\/carnet\/wp-content\/uploads\/2004\/07\/2019-06-16-2.png\" \/>\n\t<meta property=\"og:image:width\" content=\"1762\" \/>\n\t<meta property=\"og:image:height\" content=\"1077\" \/>\n\t<meta property=\"og:image:type\" content=\"image\/png\" \/>\n<meta name=\"author\" content=\"arnopiel\" \/>\n<meta name=\"twitter:card\" content=\"summary_large_image\" \/>\n<meta name=\"twitter:label1\" content=\"\u00c9crit par\" \/>\n\t<meta name=\"twitter:data1\" content=\"arnopiel\" \/>\n\t<meta name=\"twitter:label2\" content=\"Dur\u00e9e de lecture estim\u00e9e\" \/>\n\t<meta name=\"twitter:data2\" content=\"1 minute\" \/>\n<script type=\"application\/ld+json\" class=\"yoast-schema-graph\">{\"@context\":\"https:\/\/schema.org\",\"@graph\":[{\"@type\":\"Article\",\"@id\":\"https:\/\/www.pielnet.fr\/carnet\/happython\/#article\",\"isPartOf\":{\"@id\":\"https:\/\/www.pielnet.fr\/carnet\/happython\/\"},\"author\":{\"name\":\"arnopiel\",\"@id\":\"https:\/\/www.pielnet.fr\/carnet\/#\/schema\/person\/7c09d20dd138514cf3647ce37f1f755d\"},\"headline\":\"\u00e0 l&rsquo;occasion des 20 ans du HAPPYTHON\",\"datePublished\":\"2004-07-20T07:21:45+00:00\",\"dateModified\":\"2021-12-09T10:25:35+00:00\",\"mainEntityOfPage\":{\"@id\":\"https:\/\/www.pielnet.fr\/carnet\/happython\/\"},\"wordCount\":229,\"commentCount\":0,\"publisher\":{\"@id\":\"https:\/\/www.pielnet.fr\/carnet\/#\/schema\/person\/7c09d20dd138514cf3647ce37f1f755d\"},\"image\":{\"@id\":\"https:\/\/www.pielnet.fr\/carnet\/happython\/#primaryimage\"},\"thumbnailUrl\":\"https:\/\/www.pielnet.fr\/carnet\/wp-content\/uploads\/2004\/07\/2019-06-16-2.png\",\"keywords\":[\"art-video\",\"artvideo\",\"happython\",\"piel\"],\"articleSection\":[\"Art-vid\u00e9o, documentaires personnels\",\"Doc\",\"Films\",\"Sites\"],\"inLanguage\":\"fr-FR\",\"potentialAction\":[{\"@type\":\"CommentAction\",\"name\":\"Comment\",\"target\":[\"https:\/\/www.pielnet.fr\/carnet\/happython\/#respond\"]}]},{\"@type\":\"WebPage\",\"@id\":\"https:\/\/www.pielnet.fr\/carnet\/happython\/\",\"url\":\"https:\/\/www.pielnet.fr\/carnet\/happython\/\",\"name\":\"\u00e0 l'occasion des 20 ans du HAPPYTHON - le carnet - Piel\",\"isPartOf\":{\"@id\":\"https:\/\/www.pielnet.fr\/carnet\/#website\"},\"primaryImageOfPage\":{\"@id\":\"https:\/\/www.pielnet.fr\/carnet\/happython\/#primaryimage\"},\"image\":{\"@id\":\"https:\/\/www.pielnet.fr\/carnet\/happython\/#primaryimage\"},\"thumbnailUrl\":\"https:\/\/www.pielnet.fr\/carnet\/wp-content\/uploads\/2004\/07\/2019-06-16-2.png\",\"datePublished\":\"2004-07-20T07:21:45+00:00\",\"dateModified\":\"2021-12-09T10:25:35+00:00\",\"breadcrumb\":{\"@id\":\"https:\/\/www.pielnet.fr\/carnet\/happython\/#breadcrumb\"},\"inLanguage\":\"fr-FR\",\"potentialAction\":[{\"@type\":\"ReadAction\",\"target\":[\"https:\/\/www.pielnet.fr\/carnet\/happython\/\"]}]},{\"@type\":\"ImageObject\",\"inLanguage\":\"fr-FR\",\"@id\":\"https:\/\/www.pielnet.fr\/carnet\/happython\/#primaryimage\",\"url\":\"https:\/\/www.pielnet.fr\/carnet\/wp-content\/uploads\/2004\/07\/2019-06-16-2.png\",\"contentUrl\":\"https:\/\/www.pielnet.fr\/carnet\/wp-content\/uploads\/2004\/07\/2019-06-16-2.png\",\"width\":1762,\"height\":1077,\"caption\":\"Happython\"},{\"@type\":\"BreadcrumbList\",\"@id\":\"https:\/\/www.pielnet.fr\/carnet\/happython\/#breadcrumb\",\"itemListElement\":[{\"@type\":\"ListItem\",\"position\":1,\"name\":\"Accueil\",\"item\":\"https:\/\/www.pielnet.fr\/carnet\/\"},{\"@type\":\"ListItem\",\"position\":2,\"name\":\"\u00e0 l&rsquo;occasion des 20 ans du HAPPYTHON\"}]},{\"@type\":\"WebSite\",\"@id\":\"https:\/\/www.pielnet.fr\/carnet\/#website\",\"url\":\"https:\/\/www.pielnet.fr\/carnet\/\",\"name\":\"le carnet - Piel\",\"description\":\"R\u00e9cits &amp; Territoires - Raconter en images les r\u00e9cits du sensible\",\"publisher\":{\"@id\":\"https:\/\/www.pielnet.fr\/carnet\/#\/schema\/person\/7c09d20dd138514cf3647ce37f1f755d\"},\"potentialAction\":[{\"@type\":\"SearchAction\",\"target\":{\"@type\":\"EntryPoint\",\"urlTemplate\":\"https:\/\/www.pielnet.fr\/carnet\/?s={search_term_string}\"},\"query-input\":{\"@type\":\"PropertyValueSpecification\",\"valueRequired\":true,\"valueName\":\"search_term_string\"}}],\"inLanguage\":\"fr-FR\"},{\"@type\":[\"Person\",\"Organization\"],\"@id\":\"https:\/\/www.pielnet.fr\/carnet\/#\/schema\/person\/7c09d20dd138514cf3647ce37f1f755d\",\"name\":\"arnopiel\",\"image\":{\"@type\":\"ImageObject\",\"inLanguage\":\"fr-FR\",\"@id\":\"https:\/\/www.pielnet.fr\/carnet\/#\/schema\/person\/image\/\",\"url\":\"https:\/\/www.pielnet.fr\/carnet\/wp-content\/uploads\/2021\/01\/IMG_20201212_150932.jpg\",\"contentUrl\":\"https:\/\/www.pielnet.fr\/carnet\/wp-content\/uploads\/2021\/01\/IMG_20201212_150932.jpg\",\"width\":1432,\"height\":1432,\"caption\":\"arnopiel\"},\"logo\":{\"@id\":\"https:\/\/www.pielnet.fr\/carnet\/#\/schema\/person\/image\/\"}}]}<\/script>\n<!-- \/ Yoast SEO plugin. -->","yoast_head_json":{"title":"\u00e0 l'occasion des 20 ans du HAPPYTHON - le carnet - Piel","robots":{"index":"index","follow":"follow","max-snippet":"max-snippet:-1","max-image-preview":"max-image-preview:large","max-video-preview":"max-video-preview:-1"},"canonical":"https:\/\/www.pielnet.fr\/carnet\/happython\/","og_locale":"fr_FR","og_type":"article","og_title":"\u00e0 l'occasion des 20 ans du HAPPYTHON - le carnet - Piel","og_description":"avec Agn\u00e8s Fagoo, Bruno Solo, Alain Kappauf, Corinne Coman, Genevi\u00e8ve de Fontenay, Michel Jonasz, Jack Lang, Christine Ockrent, Serge Bensen, Bernard Laporte, L&rsquo;Equipe de France de Rugby, Daniek Herrero, Patrick Fiori, Fabien Ouaki, les Magasins Tati, Etienne Klein, Didier Pourquery, le Journal M\u00e9tro, Max Armanet, le Journal La Vie, la Municipalit\u00e9 de Mons en Baroeul, [&hellip;]","og_url":"https:\/\/www.pielnet.fr\/carnet\/happython\/","og_site_name":"le carnet - Piel","article_published_time":"2004-07-20T07:21:45+00:00","article_modified_time":"2021-12-09T10:25:35+00:00","og_image":[{"width":1762,"height":1077,"url":"https:\/\/www.pielnet.fr\/carnet\/wp-content\/uploads\/2004\/07\/2019-06-16-2.png","type":"image\/png"}],"author":"arnopiel","twitter_card":"summary_large_image","twitter_misc":{"\u00c9crit par":"arnopiel","Dur\u00e9e de lecture estim\u00e9e":"1 minute"},"schema":{"@context":"https:\/\/schema.org","@graph":[{"@type":"Article","@id":"https:\/\/www.pielnet.fr\/carnet\/happython\/#article","isPartOf":{"@id":"https:\/\/www.pielnet.fr\/carnet\/happython\/"},"author":{"name":"arnopiel","@id":"https:\/\/www.pielnet.fr\/carnet\/#\/schema\/person\/7c09d20dd138514cf3647ce37f1f755d"},"headline":"\u00e0 l&rsquo;occasion des 20 ans du HAPPYTHON","datePublished":"2004-07-20T07:21:45+00:00","dateModified":"2021-12-09T10:25:35+00:00","mainEntityOfPage":{"@id":"https:\/\/www.pielnet.fr\/carnet\/happython\/"},"wordCount":229,"commentCount":0,"publisher":{"@id":"https:\/\/www.pielnet.fr\/carnet\/#\/schema\/person\/7c09d20dd138514cf3647ce37f1f755d"},"image":{"@id":"https:\/\/www.pielnet.fr\/carnet\/happython\/#primaryimage"},"thumbnailUrl":"https:\/\/www.pielnet.fr\/carnet\/wp-content\/uploads\/2004\/07\/2019-06-16-2.png","keywords":["art-video","artvideo","happython","piel"],"articleSection":["Art-vid\u00e9o, documentaires personnels","Doc","Films","Sites"],"inLanguage":"fr-FR","potentialAction":[{"@type":"CommentAction","name":"Comment","target":["https:\/\/www.pielnet.fr\/carnet\/happython\/#respond"]}]},{"@type":"WebPage","@id":"https:\/\/www.pielnet.fr\/carnet\/happython\/","url":"https:\/\/www.pielnet.fr\/carnet\/happython\/","name":"\u00e0 l'occasion des 20 ans du HAPPYTHON - le carnet - Piel","isPartOf":{"@id":"https:\/\/www.pielnet.fr\/carnet\/#website"},"primaryImageOfPage":{"@id":"https:\/\/www.pielnet.fr\/carnet\/happython\/#primaryimage"},"image":{"@id":"https:\/\/www.pielnet.fr\/carnet\/happython\/#primaryimage"},"thumbnailUrl":"https:\/\/www.pielnet.fr\/carnet\/wp-content\/uploads\/2004\/07\/2019-06-16-2.png","datePublished":"2004-07-20T07:21:45+00:00","dateModified":"2021-12-09T10:25:35+00:00","breadcrumb":{"@id":"https:\/\/www.pielnet.fr\/carnet\/happython\/#breadcrumb"},"inLanguage":"fr-FR","potentialAction":[{"@type":"ReadAction","target":["https:\/\/www.pielnet.fr\/carnet\/happython\/"]}]},{"@type":"ImageObject","inLanguage":"fr-FR","@id":"https:\/\/www.pielnet.fr\/carnet\/happython\/#primaryimage","url":"https:\/\/www.pielnet.fr\/carnet\/wp-content\/uploads\/2004\/07\/2019-06-16-2.png","contentUrl":"https:\/\/www.pielnet.fr\/carnet\/wp-content\/uploads\/2004\/07\/2019-06-16-2.png","width":1762,"height":1077,"caption":"Happython"},{"@type":"BreadcrumbList","@id":"https:\/\/www.pielnet.fr\/carnet\/happython\/#breadcrumb","itemListElement":[{"@type":"ListItem","position":1,"name":"Accueil","item":"https:\/\/www.pielnet.fr\/carnet\/"},{"@type":"ListItem","position":2,"name":"\u00e0 l&rsquo;occasion des 20 ans du HAPPYTHON"}]},{"@type":"WebSite","@id":"https:\/\/www.pielnet.fr\/carnet\/#website","url":"https:\/\/www.pielnet.fr\/carnet\/","name":"le carnet - Piel","description":"R\u00e9cits &amp; Territoires - Raconter en images les r\u00e9cits du sensible","publisher":{"@id":"https:\/\/www.pielnet.fr\/carnet\/#\/schema\/person\/7c09d20dd138514cf3647ce37f1f755d"},"potentialAction":[{"@type":"SearchAction","target":{"@type":"EntryPoint","urlTemplate":"https:\/\/www.pielnet.fr\/carnet\/?s={search_term_string}"},"query-input":{"@type":"PropertyValueSpecification","valueRequired":true,"valueName":"search_term_string"}}],"inLanguage":"fr-FR"},{"@type":["Person","Organization"],"@id":"https:\/\/www.pielnet.fr\/carnet\/#\/schema\/person\/7c09d20dd138514cf3647ce37f1f755d","name":"arnopiel","image":{"@type":"ImageObject","inLanguage":"fr-FR","@id":"https:\/\/www.pielnet.fr\/carnet\/#\/schema\/person\/image\/","url":"https:\/\/www.pielnet.fr\/carnet\/wp-content\/uploads\/2021\/01\/IMG_20201212_150932.jpg","contentUrl":"https:\/\/www.pielnet.fr\/carnet\/wp-content\/uploads\/2021\/01\/IMG_20201212_150932.jpg","width":1432,"height":1432,"caption":"arnopiel"},"logo":{"@id":"https:\/\/www.pielnet.fr\/carnet\/#\/schema\/person\/image\/"}}]}},"_links":{"self":[{"href":"https:\/\/www.pielnet.fr\/carnet\/wp-json\/wp\/v2\/posts\/775","targetHints":{"allow":["GET"]}}],"collection":[{"href":"https:\/\/www.pielnet.fr\/carnet\/wp-json\/wp\/v2\/posts"}],"about":[{"href":"https:\/\/www.pielnet.fr\/carnet\/wp-json\/wp\/v2\/types\/post"}],"author":[{"embeddable":true,"href":"https:\/\/www.pielnet.fr\/carnet\/wp-json\/wp\/v2\/users\/1"}],"replies":[{"embeddable":true,"href":"https:\/\/www.pielnet.fr\/carnet\/wp-json\/wp\/v2\/comments?post=775"}],"version-history":[{"count":8,"href":"https:\/\/www.pielnet.fr\/carnet\/wp-json\/wp\/v2\/posts\/775\/revisions"}],"predecessor-version":[{"id":2473,"href":"https:\/\/www.pielnet.fr\/carnet\/wp-json\/wp\/v2\/posts\/775\/revisions\/2473"}],"wp:featuredmedia":[{"embeddable":true,"href":"https:\/\/www.pielnet.fr\/carnet\/wp-json\/wp\/v2\/media\/1321"}],"wp:attachment":[{"href":"https:\/\/www.pielnet.fr\/carnet\/wp-json\/wp\/v2\/media?parent=775"}],"wp:term":[{"taxonomy":"category","embeddable":true,"href":"https:\/\/www.pielnet.fr\/carnet\/wp-json\/wp\/v2\/categories?post=775"},{"taxonomy":"post_tag","embeddable":true,"href":"https:\/\/www.pielnet.fr\/carnet\/wp-json\/wp\/v2\/tags?post=775"}],"curies":[{"name":"wp","href":"https:\/\/api.w.org\/{rel}","templated":true}]}}