{"id":711,"date":"2018-04-01T17:53:29","date_gmt":"2018-04-01T16:53:29","guid":{"rendered":"http:\/\/www.pielnet.fr\/carnet\/?p=711"},"modified":"2021-12-09T11:26:25","modified_gmt":"2021-12-09T10:26:25","slug":"film-une-journee-a-la-maison-verte-de-niort","status":"publish","type":"post","link":"https:\/\/www.pielnet.fr\/carnet\/film-une-journee-a-la-maison-verte-de-niort\/","title":{"rendered":"Film : Une journ\u00e9e \u00e0 la Maison Verte de Niort"},"content":{"rendered":"\n<figure class=\"wp-block-embed is-type-video is-provider-youtube wp-block-embed-youtube wp-embed-aspect-16-9 wp-has-aspect-ratio\"><div class=\"wp-block-embed__wrapper\">\n<iframe loading=\"lazy\" title=\"Une journ\u00e9e \u00e0 la maison verte de Niort\" width=\"500\" height=\"281\" src=\"https:\/\/www.youtube.com\/embed\/7oLC84RMvWM?feature=oembed\" frameborder=\"0\" allow=\"accelerometer; autoplay; clipboard-write; encrypted-media; gyroscope; picture-in-picture; web-share\" referrerpolicy=\"strict-origin-when-cross-origin\" allowfullscreen><\/iframe>\n<\/div><figcaption><br>La Maison Verte s\u2019adresse aux parents accompagn\u00e9s de leurs enfants de la naissance \u00e0 4 ans, aux parents en projet de naissance ou d\u2019adoption, aux beaux-parents,et aux grands-parents. Dans la lign\u00e9e de la Maison Verte cr\u00e9\u00e9e par Fran\u00e7oise Dolto en 1979, il s\u2019agit d\u2019un lieu o\u00f9 chacun peut venir librement, de mani\u00e8re anonyme et gratuite. On y vient passer un moment de d\u00e9tente dans un lieu convivial o\u00f9 chacun fait de nouvelles rencontres et peut cr\u00e9er des liens.Les enfants viennent jouer et se socialiser au contact d\u2019autres enfants et apprennent \u00e0 se s\u00e9parer progressivement de leurs parents. Nul besoin de s\u2019inscrire ou de pr\u00e9venir, on y passe le temps qu\u2019on veut, quand on le souhaite.<\/figcaption><\/figure>\n\n\n\n<iframe loading=\"lazy\" style=\"border-width:0;\" id=\"kisskiss-la-jardiniere\" title=\"la jardini\u00e8re\" src=\"https:\/\/www.kisskissbankbank.com\/fr\/projects\/la-jardiniere\/widget_v2\" width=\"375\" height=\"400\"><\/iframe>\n\n\n\n<figure class=\"wp-block-gallery columns-3 is-cropped wp-block-gallery-1 is-layout-flex wp-block-gallery-is-layout-flex\"><ul class=\"blocks-gallery-grid\"><li class=\"blocks-gallery-item\"><figure><img loading=\"lazy\" decoding=\"async\" width=\"1024\" height=\"576\" src=\"http:\/\/www.pielnet.fr\/carnet\/wp-content\/uploads\/2018\/12\/Sans-titre-1024x576.png\" alt=\"\" data-id=\"713\" data-link=\"http:\/\/www.pielnet.fr\/carnet\/?attachment_id=713\" class=\"wp-image-713\" srcset=\"https:\/\/www.pielnet.fr\/carnet\/wp-content\/uploads\/2018\/12\/Sans-titre-1024x576.png 1024w, https:\/\/www.pielnet.fr\/carnet\/wp-content\/uploads\/2018\/12\/Sans-titre-300x169.png 300w, https:\/\/www.pielnet.fr\/carnet\/wp-content\/uploads\/2018\/12\/Sans-titre-768x432.png 768w, https:\/\/www.pielnet.fr\/carnet\/wp-content\/uploads\/2018\/12\/Sans-titre-990x556.png 990w, https:\/\/www.pielnet.fr\/carnet\/wp-content\/uploads\/2018\/12\/Sans-titre.png 1920w\" sizes=\"auto, (max-width: 1024px) 100vw, 1024px\" \/><\/figure><\/li><li class=\"blocks-gallery-item\"><figure><img loading=\"lazy\" decoding=\"async\" width=\"1920\" height=\"1080\" src=\"http:\/\/www.pielnet.fr\/carnet\/wp-content\/uploads\/2018\/12\/6-1024x576.jpg\" alt=\"\" data-id=\"714\" data-link=\"http:\/\/www.pielnet.fr\/carnet\/?attachment_id=714\" class=\"wp-image-714\" srcset=\"https:\/\/www.pielnet.fr\/carnet\/wp-content\/uploads\/2018\/12\/6-1024x576.jpg 1024w, https:\/\/www.pielnet.fr\/carnet\/wp-content\/uploads\/2018\/12\/6-300x169.jpg 300w, https:\/\/www.pielnet.fr\/carnet\/wp-content\/uploads\/2018\/12\/6-768x432.jpg 768w, https:\/\/www.pielnet.fr\/carnet\/wp-content\/uploads\/2018\/12\/6-990x556.jpg 990w, https:\/\/www.pielnet.fr\/carnet\/wp-content\/uploads\/2018\/12\/6.jpg 1920w\" sizes=\"auto, (max-width: 1920px) 100vw, 1920px\" \/><\/figure><\/li><li class=\"blocks-gallery-item\"><figure><img loading=\"lazy\" decoding=\"async\" width=\"1024\" height=\"576\" src=\"http:\/\/www.pielnet.fr\/carnet\/wp-content\/uploads\/2018\/12\/5-1024x576.jpg\" alt=\"\" data-id=\"715\" data-link=\"http:\/\/www.pielnet.fr\/carnet\/?attachment_id=715\" class=\"wp-image-715\" srcset=\"https:\/\/www.pielnet.fr\/carnet\/wp-content\/uploads\/2018\/12\/5-1024x576.jpg 1024w, https:\/\/www.pielnet.fr\/carnet\/wp-content\/uploads\/2018\/12\/5-300x169.jpg 300w, https:\/\/www.pielnet.fr\/carnet\/wp-content\/uploads\/2018\/12\/5-768x432.jpg 768w, https:\/\/www.pielnet.fr\/carnet\/wp-content\/uploads\/2018\/12\/5-990x556.jpg 990w, https:\/\/www.pielnet.fr\/carnet\/wp-content\/uploads\/2018\/12\/5.jpg 1920w\" sizes=\"auto, (max-width: 1024px) 100vw, 1024px\" \/><\/figure><\/li><li class=\"blocks-gallery-item\"><figure><img loading=\"lazy\" decoding=\"async\" width=\"1024\" height=\"576\" src=\"http:\/\/www.pielnet.fr\/carnet\/wp-content\/uploads\/2018\/12\/4-1024x576.jpg\" alt=\"\" data-id=\"716\" data-link=\"http:\/\/www.pielnet.fr\/carnet\/?attachment_id=716\" class=\"wp-image-716\" srcset=\"https:\/\/www.pielnet.fr\/carnet\/wp-content\/uploads\/2018\/12\/4-1024x576.jpg 1024w, https:\/\/www.pielnet.fr\/carnet\/wp-content\/uploads\/2018\/12\/4-300x169.jpg 300w, https:\/\/www.pielnet.fr\/carnet\/wp-content\/uploads\/2018\/12\/4-768x432.jpg 768w, https:\/\/www.pielnet.fr\/carnet\/wp-content\/uploads\/2018\/12\/4-990x556.jpg 990w, https:\/\/www.pielnet.fr\/carnet\/wp-content\/uploads\/2018\/12\/4.jpg 1920w\" sizes=\"auto, (max-width: 1024px) 100vw, 1024px\" \/><\/figure><\/li><li class=\"blocks-gallery-item\"><figure><img loading=\"lazy\" decoding=\"async\" width=\"1024\" height=\"576\" src=\"http:\/\/www.pielnet.fr\/carnet\/wp-content\/uploads\/2018\/12\/3-1024x576.jpg\" alt=\"\" data-id=\"717\" data-link=\"http:\/\/www.pielnet.fr\/carnet\/?attachment_id=717\" class=\"wp-image-717\" srcset=\"https:\/\/www.pielnet.fr\/carnet\/wp-content\/uploads\/2018\/12\/3-1024x576.jpg 1024w, https:\/\/www.pielnet.fr\/carnet\/wp-content\/uploads\/2018\/12\/3-300x169.jpg 300w, https:\/\/www.pielnet.fr\/carnet\/wp-content\/uploads\/2018\/12\/3-768x432.jpg 768w, https:\/\/www.pielnet.fr\/carnet\/wp-content\/uploads\/2018\/12\/3-990x556.jpg 990w, https:\/\/www.pielnet.fr\/carnet\/wp-content\/uploads\/2018\/12\/3.jpg 1920w\" sizes=\"auto, (max-width: 1024px) 100vw, 1024px\" \/><\/figure><\/li><li class=\"blocks-gallery-item\"><figure><img loading=\"lazy\" decoding=\"async\" width=\"1024\" height=\"576\" src=\"http:\/\/www.pielnet.fr\/carnet\/wp-content\/uploads\/2018\/12\/2-1024x576.jpg\" alt=\"\" data-id=\"718\" data-link=\"http:\/\/www.pielnet.fr\/carnet\/?attachment_id=718\" class=\"wp-image-718\" srcset=\"https:\/\/www.pielnet.fr\/carnet\/wp-content\/uploads\/2018\/12\/2-1024x576.jpg 1024w, https:\/\/www.pielnet.fr\/carnet\/wp-content\/uploads\/2018\/12\/2-300x169.jpg 300w, https:\/\/www.pielnet.fr\/carnet\/wp-content\/uploads\/2018\/12\/2-768x432.jpg 768w, https:\/\/www.pielnet.fr\/carnet\/wp-content\/uploads\/2018\/12\/2-990x556.jpg 990w, https:\/\/www.pielnet.fr\/carnet\/wp-content\/uploads\/2018\/12\/2.jpg 1920w\" sizes=\"auto, (max-width: 1024px) 100vw, 1024px\" \/><\/figure><\/li><li class=\"blocks-gallery-item\"><figure><img loading=\"lazy\" decoding=\"async\" width=\"1024\" height=\"576\" src=\"http:\/\/www.pielnet.fr\/carnet\/wp-content\/uploads\/2018\/12\/1-1024x576.jpg\" alt=\"\" data-id=\"719\" data-link=\"http:\/\/www.pielnet.fr\/carnet\/?attachment_id=719\" class=\"wp-image-719\" srcset=\"https:\/\/www.pielnet.fr\/carnet\/wp-content\/uploads\/2018\/12\/1-1024x576.jpg 1024w, https:\/\/www.pielnet.fr\/carnet\/wp-content\/uploads\/2018\/12\/1-300x169.jpg 300w, https:\/\/www.pielnet.fr\/carnet\/wp-content\/uploads\/2018\/12\/1-768x432.jpg 768w, https:\/\/www.pielnet.fr\/carnet\/wp-content\/uploads\/2018\/12\/1-990x556.jpg 990w, https:\/\/www.pielnet.fr\/carnet\/wp-content\/uploads\/2018\/12\/1.jpg 1920w\" sizes=\"auto, (max-width: 1024px) 100vw, 1024px\" \/><\/figure><\/li><li class=\"blocks-gallery-item\"><figure><img loading=\"lazy\" decoding=\"async\" width=\"1024\" height=\"576\" src=\"http:\/\/www.pielnet.fr\/carnet\/wp-content\/uploads\/2018\/12\/7-1-1024x576.jpg\" alt=\"\" data-id=\"723\" data-link=\"http:\/\/www.pielnet.fr\/carnet\/film-une-journee-a-la-maison-verte-de-niort\/7-2\/\" class=\"wp-image-723\" srcset=\"https:\/\/www.pielnet.fr\/carnet\/wp-content\/uploads\/2018\/12\/7-1-1024x576.jpg 1024w, https:\/\/www.pielnet.fr\/carnet\/wp-content\/uploads\/2018\/12\/7-1-300x169.jpg 300w, https:\/\/www.pielnet.fr\/carnet\/wp-content\/uploads\/2018\/12\/7-1-768x432.jpg 768w, https:\/\/www.pielnet.fr\/carnet\/wp-content\/uploads\/2018\/12\/7-1-990x556.jpg 990w, https:\/\/www.pielnet.fr\/carnet\/wp-content\/uploads\/2018\/12\/7-1.jpg 1920w\" sizes=\"auto, (max-width: 1024px) 100vw, 1024px\" \/><\/figure><\/li><\/ul><\/figure>\n\n\n\n<p>J&rsquo;ai eu l&rsquo;occasion, en f\u00e9vrier\/mars 2018, de r\u00e9aliser une petite vid\u00e9o de pr\u00e9sentation de la Maison Verte via une commande de la structure (ici : <a rel=\"noreferrer noopener\" href=\"https:\/\/www.youtube.com\/watch?v=7oLC84RMvWM\" target=\"_blank\">https:\/\/www.youtube.com\/watch?v=7oLC84RMvWM<\/a>). Cette Maison Verte est particuli\u00e8re car associative et le personnel, c&rsquo;est \u00e0 dire les accueillants (psychologues,psychanalystes-infirmiers&#8230;), y sont b\u00e9n\u00e9voles. J&rsquo;ai pu y appr\u00e9cier l&rsquo;atmosph\u00e8re et y faire des rencontres tr\u00e8s int\u00e9ressantes. Je l&rsquo;ai directement li\u00e9 \u00e0 mes th\u00e8mes de recherches et de cr\u00e9ation, mais aussi \u00e0 mes exp\u00e9riences humaines personnelles. De quoi me donner l&rsquo;envie d&rsquo;aller davantage dans l&rsquo;\u00e9criture d&rsquo;un documentaire, d&rsquo;\u00e9largir et de sortir de la structure de la maison verte pour compl\u00e9ter les portraits, approfondir et partager tout cela&#8230; Pouvoir, en quelques sortes retranscrire \u00e0 l&rsquo;\u00e9cran ce \u00ab chamboulement \u00bb qu&rsquo;est l&rsquo;arriv\u00e9e d&rsquo;un b\u00e9b\u00e9 dans une famille en mettant un accent particulier sur les mamans. C&rsquo;est aussi une belle occasion de (re)parler de Fran\u00e7oise Dolto qui a \u00e9t\u00e9 d&rsquo;une inventivit\u00e9 remarquable et est toujours d&rsquo;une importance capitale dans ce domaine.<\/p>\n\n\n\n<p><\/p>\n\n\n\n<p>deux liens :&nbsp;<\/p>\n\n\n\n<p>La page du projet participatif au documentaire KissKissBankBank, qui ouvre bient\u00f4t :<\/p>\n\n\n\n<p><a href=\"https:\/\/www.kisskissbankbank.com\/fr\/projects\/la-jardiniere\">https:\/\/www.kisskissbankbank.com\/fr\/projects\/la-jardiniere<\/a><\/p>\n\n\n\n<h1 class=\"wp-block-heading\">la jardini\u00e8re<\/h1>\n\n\n\n<p>Documentaire, Sant\u00e9 &amp; \u00e9ducation, Solidarit\u00e9<\/p>\n\n\n\n<figure class=\"wp-block-embed-wordpress wp-block-embed is-type-wp-embed is-provider-la-maison-verte-de-niort\"><div class=\"wp-block-embed__wrapper\">\n<blockquote class=\"wp-embedded-content\" data-secret=\"i1xsQyTsgH\"><a href=\"https:\/\/www.lamaisonverteniort.fr\/\">HOME<\/a><\/blockquote><iframe loading=\"lazy\" class=\"wp-embedded-content\" sandbox=\"allow-scripts\" security=\"restricted\" style=\"position: absolute; visibility: hidden;\" title=\"\u00ab\u00a0HOME\u00a0\u00bb &#8212; La Maison Verte de Niort\" src=\"https:\/\/www.lamaisonverteniort.fr\/embed\/#?secret=OOSuFg5D5g#?secret=i1xsQyTsgH\" data-secret=\"i1xsQyTsgH\" width=\"500\" height=\"282\" frameborder=\"0\" marginwidth=\"0\" marginheight=\"0\" scrolling=\"no\"><\/iframe>\n<\/div><figcaption>le site de la Maison Verte de niort<\/figcaption><\/figure>\n","protected":false},"excerpt":{"rendered":"<p>J&rsquo;ai eu l&rsquo;occasion, en f\u00e9vrier\/mars 2018, de r\u00e9aliser une petite vid\u00e9o de pr\u00e9sentation de la Maison Verte via une commande de la structure (ici : https:\/\/www.youtube.com\/watch?v=7oLC84RMvWM). Cette Maison Verte est particuli\u00e8re car associative et le personnel, c&rsquo;est \u00e0 dire les accueillants (psychologues,psychanalystes-infirmiers&#8230;), y sont b\u00e9n\u00e9voles. J&rsquo;ai pu y appr\u00e9cier l&rsquo;atmosph\u00e8re et y faire des rencontres [&hellip;]<\/p>\n","protected":false},"author":1,"featured_media":725,"comment_status":"open","ping_status":"open","sticky":false,"template":"templates\/right-sidebar.php","format":"standard","meta":{"footnotes":""},"categories":[472,69],"tags":[5,459,8,14],"class_list":["post-711","post","type-post","status-publish","format-standard","has-post-thumbnail","hentry","category-doc","category-films","tag-dolto","tag-maison-verte","tag-niort","tag-petite-enfance"],"yoast_head":"<!-- This site is optimized with the Yoast SEO plugin v26.7 - https:\/\/yoast.com\/wordpress\/plugins\/seo\/ -->\n<title>Film : Une journ\u00e9e \u00e0 la Maison Verte de Niort - le carnet - Piel<\/title>\n<meta name=\"robots\" content=\"index, follow, max-snippet:-1, max-image-preview:large, max-video-preview:-1\" \/>\n<link rel=\"canonical\" href=\"https:\/\/www.pielnet.fr\/carnet\/film-une-journee-a-la-maison-verte-de-niort\/\" \/>\n<meta property=\"og:locale\" content=\"fr_FR\" \/>\n<meta property=\"og:type\" content=\"article\" \/>\n<meta property=\"og:title\" content=\"Film : Une journ\u00e9e \u00e0 la Maison Verte de Niort - le carnet - Piel\" \/>\n<meta property=\"og:description\" content=\"J&rsquo;ai eu l&rsquo;occasion, en f\u00e9vrier\/mars 2018, de r\u00e9aliser une petite vid\u00e9o de pr\u00e9sentation de la Maison Verte via une commande de la structure (ici : https:\/\/www.youtube.com\/watch?v=7oLC84RMvWM). Cette Maison Verte est particuli\u00e8re car associative et le personnel, c&rsquo;est \u00e0 dire les accueillants (psychologues,psychanalystes-infirmiers&#8230;), y sont b\u00e9n\u00e9voles. J&rsquo;ai pu y appr\u00e9cier l&rsquo;atmosph\u00e8re et y faire des rencontres [&hellip;]\" \/>\n<meta property=\"og:url\" content=\"https:\/\/www.pielnet.fr\/carnet\/film-une-journee-a-la-maison-verte-de-niort\/\" \/>\n<meta property=\"og:site_name\" content=\"le carnet - Piel\" \/>\n<meta property=\"article:published_time\" content=\"2018-04-01T16:53:29+00:00\" \/>\n<meta property=\"article:modified_time\" content=\"2021-12-09T10:26:25+00:00\" \/>\n<meta property=\"og:image\" content=\"https:\/\/www.pielnet.fr\/carnet\/wp-content\/uploads\/2018\/04\/aP1060827.jpg\" \/>\n\t<meta property=\"og:image:width\" content=\"1000\" \/>\n\t<meta property=\"og:image:height\" content=\"557\" \/>\n\t<meta property=\"og:image:type\" content=\"image\/jpeg\" \/>\n<meta name=\"author\" content=\"arnopiel\" \/>\n<meta name=\"twitter:card\" content=\"summary_large_image\" \/>\n<meta name=\"twitter:label1\" content=\"\u00c9crit par\" \/>\n\t<meta name=\"twitter:data1\" content=\"arnopiel\" \/>\n\t<meta name=\"twitter:label2\" content=\"Dur\u00e9e de lecture estim\u00e9e\" \/>\n\t<meta name=\"twitter:data2\" content=\"3 minutes\" \/>\n<script type=\"application\/ld+json\" class=\"yoast-schema-graph\">{\"@context\":\"https:\/\/schema.org\",\"@graph\":[{\"@type\":\"Article\",\"@id\":\"https:\/\/www.pielnet.fr\/carnet\/film-une-journee-a-la-maison-verte-de-niort\/#article\",\"isPartOf\":{\"@id\":\"https:\/\/www.pielnet.fr\/carnet\/film-une-journee-a-la-maison-verte-de-niort\/\"},\"author\":{\"name\":\"arnopiel\",\"@id\":\"https:\/\/www.pielnet.fr\/carnet\/#\/schema\/person\/7c09d20dd138514cf3647ce37f1f755d\"},\"headline\":\"Film : Une journ\u00e9e \u00e0 la Maison Verte de Niort\",\"datePublished\":\"2018-04-01T16:53:29+00:00\",\"dateModified\":\"2021-12-09T10:26:25+00:00\",\"mainEntityOfPage\":{\"@id\":\"https:\/\/www.pielnet.fr\/carnet\/film-une-journee-a-la-maison-verte-de-niort\/\"},\"wordCount\":384,\"commentCount\":1,\"publisher\":{\"@id\":\"https:\/\/www.pielnet.fr\/carnet\/#\/schema\/person\/7c09d20dd138514cf3647ce37f1f755d\"},\"image\":{\"@id\":\"https:\/\/www.pielnet.fr\/carnet\/film-une-journee-a-la-maison-verte-de-niort\/#primaryimage\"},\"thumbnailUrl\":\"https:\/\/www.pielnet.fr\/carnet\/wp-content\/uploads\/2018\/04\/aP1060827.jpg\",\"keywords\":[\"dolto\",\"maison verte\",\"niort\",\"petite enfance\"],\"articleSection\":[\"Doc\",\"Films\"],\"inLanguage\":\"fr-FR\",\"potentialAction\":[{\"@type\":\"CommentAction\",\"name\":\"Comment\",\"target\":[\"https:\/\/www.pielnet.fr\/carnet\/film-une-journee-a-la-maison-verte-de-niort\/#respond\"]}]},{\"@type\":\"WebPage\",\"@id\":\"https:\/\/www.pielnet.fr\/carnet\/film-une-journee-a-la-maison-verte-de-niort\/\",\"url\":\"https:\/\/www.pielnet.fr\/carnet\/film-une-journee-a-la-maison-verte-de-niort\/\",\"name\":\"Film : Une journ\u00e9e \u00e0 la Maison Verte de Niort - le carnet - Piel\",\"isPartOf\":{\"@id\":\"https:\/\/www.pielnet.fr\/carnet\/#website\"},\"primaryImageOfPage\":{\"@id\":\"https:\/\/www.pielnet.fr\/carnet\/film-une-journee-a-la-maison-verte-de-niort\/#primaryimage\"},\"image\":{\"@id\":\"https:\/\/www.pielnet.fr\/carnet\/film-une-journee-a-la-maison-verte-de-niort\/#primaryimage\"},\"thumbnailUrl\":\"https:\/\/www.pielnet.fr\/carnet\/wp-content\/uploads\/2018\/04\/aP1060827.jpg\",\"datePublished\":\"2018-04-01T16:53:29+00:00\",\"dateModified\":\"2021-12-09T10:26:25+00:00\",\"breadcrumb\":{\"@id\":\"https:\/\/www.pielnet.fr\/carnet\/film-une-journee-a-la-maison-verte-de-niort\/#breadcrumb\"},\"inLanguage\":\"fr-FR\",\"potentialAction\":[{\"@type\":\"ReadAction\",\"target\":[\"https:\/\/www.pielnet.fr\/carnet\/film-une-journee-a-la-maison-verte-de-niort\/\"]}]},{\"@type\":\"ImageObject\",\"inLanguage\":\"fr-FR\",\"@id\":\"https:\/\/www.pielnet.fr\/carnet\/film-une-journee-a-la-maison-verte-de-niort\/#primaryimage\",\"url\":\"https:\/\/www.pielnet.fr\/carnet\/wp-content\/uploads\/2018\/04\/aP1060827.jpg\",\"contentUrl\":\"https:\/\/www.pielnet.fr\/carnet\/wp-content\/uploads\/2018\/04\/aP1060827.jpg\",\"width\":1000,\"height\":557,\"caption\":\"La mAison verte de nIort\"},{\"@type\":\"BreadcrumbList\",\"@id\":\"https:\/\/www.pielnet.fr\/carnet\/film-une-journee-a-la-maison-verte-de-niort\/#breadcrumb\",\"itemListElement\":[{\"@type\":\"ListItem\",\"position\":1,\"name\":\"Accueil\",\"item\":\"https:\/\/www.pielnet.fr\/carnet\/\"},{\"@type\":\"ListItem\",\"position\":2,\"name\":\"Film : Une journ\u00e9e \u00e0 la Maison Verte de Niort\"}]},{\"@type\":\"WebSite\",\"@id\":\"https:\/\/www.pielnet.fr\/carnet\/#website\",\"url\":\"https:\/\/www.pielnet.fr\/carnet\/\",\"name\":\"le carnet - Piel\",\"description\":\"R\u00e9cits &amp; Territoires - Raconter en images les r\u00e9cits du sensible\",\"publisher\":{\"@id\":\"https:\/\/www.pielnet.fr\/carnet\/#\/schema\/person\/7c09d20dd138514cf3647ce37f1f755d\"},\"potentialAction\":[{\"@type\":\"SearchAction\",\"target\":{\"@type\":\"EntryPoint\",\"urlTemplate\":\"https:\/\/www.pielnet.fr\/carnet\/?s={search_term_string}\"},\"query-input\":{\"@type\":\"PropertyValueSpecification\",\"valueRequired\":true,\"valueName\":\"search_term_string\"}}],\"inLanguage\":\"fr-FR\"},{\"@type\":[\"Person\",\"Organization\"],\"@id\":\"https:\/\/www.pielnet.fr\/carnet\/#\/schema\/person\/7c09d20dd138514cf3647ce37f1f755d\",\"name\":\"arnopiel\",\"image\":{\"@type\":\"ImageObject\",\"inLanguage\":\"fr-FR\",\"@id\":\"https:\/\/www.pielnet.fr\/carnet\/#\/schema\/person\/image\/\",\"url\":\"https:\/\/www.pielnet.fr\/carnet\/wp-content\/uploads\/2021\/01\/IMG_20201212_150932.jpg\",\"contentUrl\":\"https:\/\/www.pielnet.fr\/carnet\/wp-content\/uploads\/2021\/01\/IMG_20201212_150932.jpg\",\"width\":1432,\"height\":1432,\"caption\":\"arnopiel\"},\"logo\":{\"@id\":\"https:\/\/www.pielnet.fr\/carnet\/#\/schema\/person\/image\/\"}}]}<\/script>\n<!-- \/ Yoast SEO plugin. -->","yoast_head_json":{"title":"Film : Une journ\u00e9e \u00e0 la Maison Verte de Niort - le carnet - Piel","robots":{"index":"index","follow":"follow","max-snippet":"max-snippet:-1","max-image-preview":"max-image-preview:large","max-video-preview":"max-video-preview:-1"},"canonical":"https:\/\/www.pielnet.fr\/carnet\/film-une-journee-a-la-maison-verte-de-niort\/","og_locale":"fr_FR","og_type":"article","og_title":"Film : Une journ\u00e9e \u00e0 la Maison Verte de Niort - le carnet - Piel","og_description":"J&rsquo;ai eu l&rsquo;occasion, en f\u00e9vrier\/mars 2018, de r\u00e9aliser une petite vid\u00e9o de pr\u00e9sentation de la Maison Verte via une commande de la structure (ici : https:\/\/www.youtube.com\/watch?v=7oLC84RMvWM). Cette Maison Verte est particuli\u00e8re car associative et le personnel, c&rsquo;est \u00e0 dire les accueillants (psychologues,psychanalystes-infirmiers&#8230;), y sont b\u00e9n\u00e9voles. J&rsquo;ai pu y appr\u00e9cier l&rsquo;atmosph\u00e8re et y faire des rencontres [&hellip;]","og_url":"https:\/\/www.pielnet.fr\/carnet\/film-une-journee-a-la-maison-verte-de-niort\/","og_site_name":"le carnet - Piel","article_published_time":"2018-04-01T16:53:29+00:00","article_modified_time":"2021-12-09T10:26:25+00:00","og_image":[{"width":1000,"height":557,"url":"https:\/\/www.pielnet.fr\/carnet\/wp-content\/uploads\/2018\/04\/aP1060827.jpg","type":"image\/jpeg"}],"author":"arnopiel","twitter_card":"summary_large_image","twitter_misc":{"\u00c9crit par":"arnopiel","Dur\u00e9e de lecture estim\u00e9e":"3 minutes"},"schema":{"@context":"https:\/\/schema.org","@graph":[{"@type":"Article","@id":"https:\/\/www.pielnet.fr\/carnet\/film-une-journee-a-la-maison-verte-de-niort\/#article","isPartOf":{"@id":"https:\/\/www.pielnet.fr\/carnet\/film-une-journee-a-la-maison-verte-de-niort\/"},"author":{"name":"arnopiel","@id":"https:\/\/www.pielnet.fr\/carnet\/#\/schema\/person\/7c09d20dd138514cf3647ce37f1f755d"},"headline":"Film : Une journ\u00e9e \u00e0 la Maison Verte de Niort","datePublished":"2018-04-01T16:53:29+00:00","dateModified":"2021-12-09T10:26:25+00:00","mainEntityOfPage":{"@id":"https:\/\/www.pielnet.fr\/carnet\/film-une-journee-a-la-maison-verte-de-niort\/"},"wordCount":384,"commentCount":1,"publisher":{"@id":"https:\/\/www.pielnet.fr\/carnet\/#\/schema\/person\/7c09d20dd138514cf3647ce37f1f755d"},"image":{"@id":"https:\/\/www.pielnet.fr\/carnet\/film-une-journee-a-la-maison-verte-de-niort\/#primaryimage"},"thumbnailUrl":"https:\/\/www.pielnet.fr\/carnet\/wp-content\/uploads\/2018\/04\/aP1060827.jpg","keywords":["dolto","maison verte","niort","petite enfance"],"articleSection":["Doc","Films"],"inLanguage":"fr-FR","potentialAction":[{"@type":"CommentAction","name":"Comment","target":["https:\/\/www.pielnet.fr\/carnet\/film-une-journee-a-la-maison-verte-de-niort\/#respond"]}]},{"@type":"WebPage","@id":"https:\/\/www.pielnet.fr\/carnet\/film-une-journee-a-la-maison-verte-de-niort\/","url":"https:\/\/www.pielnet.fr\/carnet\/film-une-journee-a-la-maison-verte-de-niort\/","name":"Film : Une journ\u00e9e \u00e0 la Maison Verte de Niort - le carnet - Piel","isPartOf":{"@id":"https:\/\/www.pielnet.fr\/carnet\/#website"},"primaryImageOfPage":{"@id":"https:\/\/www.pielnet.fr\/carnet\/film-une-journee-a-la-maison-verte-de-niort\/#primaryimage"},"image":{"@id":"https:\/\/www.pielnet.fr\/carnet\/film-une-journee-a-la-maison-verte-de-niort\/#primaryimage"},"thumbnailUrl":"https:\/\/www.pielnet.fr\/carnet\/wp-content\/uploads\/2018\/04\/aP1060827.jpg","datePublished":"2018-04-01T16:53:29+00:00","dateModified":"2021-12-09T10:26:25+00:00","breadcrumb":{"@id":"https:\/\/www.pielnet.fr\/carnet\/film-une-journee-a-la-maison-verte-de-niort\/#breadcrumb"},"inLanguage":"fr-FR","potentialAction":[{"@type":"ReadAction","target":["https:\/\/www.pielnet.fr\/carnet\/film-une-journee-a-la-maison-verte-de-niort\/"]}]},{"@type":"ImageObject","inLanguage":"fr-FR","@id":"https:\/\/www.pielnet.fr\/carnet\/film-une-journee-a-la-maison-verte-de-niort\/#primaryimage","url":"https:\/\/www.pielnet.fr\/carnet\/wp-content\/uploads\/2018\/04\/aP1060827.jpg","contentUrl":"https:\/\/www.pielnet.fr\/carnet\/wp-content\/uploads\/2018\/04\/aP1060827.jpg","width":1000,"height":557,"caption":"La mAison verte de nIort"},{"@type":"BreadcrumbList","@id":"https:\/\/www.pielnet.fr\/carnet\/film-une-journee-a-la-maison-verte-de-niort\/#breadcrumb","itemListElement":[{"@type":"ListItem","position":1,"name":"Accueil","item":"https:\/\/www.pielnet.fr\/carnet\/"},{"@type":"ListItem","position":2,"name":"Film : Une journ\u00e9e \u00e0 la Maison Verte de Niort"}]},{"@type":"WebSite","@id":"https:\/\/www.pielnet.fr\/carnet\/#website","url":"https:\/\/www.pielnet.fr\/carnet\/","name":"le carnet - Piel","description":"R\u00e9cits &amp; Territoires - Raconter en images les r\u00e9cits du sensible","publisher":{"@id":"https:\/\/www.pielnet.fr\/carnet\/#\/schema\/person\/7c09d20dd138514cf3647ce37f1f755d"},"potentialAction":[{"@type":"SearchAction","target":{"@type":"EntryPoint","urlTemplate":"https:\/\/www.pielnet.fr\/carnet\/?s={search_term_string}"},"query-input":{"@type":"PropertyValueSpecification","valueRequired":true,"valueName":"search_term_string"}}],"inLanguage":"fr-FR"},{"@type":["Person","Organization"],"@id":"https:\/\/www.pielnet.fr\/carnet\/#\/schema\/person\/7c09d20dd138514cf3647ce37f1f755d","name":"arnopiel","image":{"@type":"ImageObject","inLanguage":"fr-FR","@id":"https:\/\/www.pielnet.fr\/carnet\/#\/schema\/person\/image\/","url":"https:\/\/www.pielnet.fr\/carnet\/wp-content\/uploads\/2021\/01\/IMG_20201212_150932.jpg","contentUrl":"https:\/\/www.pielnet.fr\/carnet\/wp-content\/uploads\/2021\/01\/IMG_20201212_150932.jpg","width":1432,"height":1432,"caption":"arnopiel"},"logo":{"@id":"https:\/\/www.pielnet.fr\/carnet\/#\/schema\/person\/image\/"}}]}},"_links":{"self":[{"href":"https:\/\/www.pielnet.fr\/carnet\/wp-json\/wp\/v2\/posts\/711","targetHints":{"allow":["GET"]}}],"collection":[{"href":"https:\/\/www.pielnet.fr\/carnet\/wp-json\/wp\/v2\/posts"}],"about":[{"href":"https:\/\/www.pielnet.fr\/carnet\/wp-json\/wp\/v2\/types\/post"}],"author":[{"embeddable":true,"href":"https:\/\/www.pielnet.fr\/carnet\/wp-json\/wp\/v2\/users\/1"}],"replies":[{"embeddable":true,"href":"https:\/\/www.pielnet.fr\/carnet\/wp-json\/wp\/v2\/comments?post=711"}],"version-history":[{"count":6,"href":"https:\/\/www.pielnet.fr\/carnet\/wp-json\/wp\/v2\/posts\/711\/revisions"}],"predecessor-version":[{"id":2476,"href":"https:\/\/www.pielnet.fr\/carnet\/wp-json\/wp\/v2\/posts\/711\/revisions\/2476"}],"wp:featuredmedia":[{"embeddable":true,"href":"https:\/\/www.pielnet.fr\/carnet\/wp-json\/wp\/v2\/media\/725"}],"wp:attachment":[{"href":"https:\/\/www.pielnet.fr\/carnet\/wp-json\/wp\/v2\/media?parent=711"}],"wp:term":[{"taxonomy":"category","embeddable":true,"href":"https:\/\/www.pielnet.fr\/carnet\/wp-json\/wp\/v2\/categories?post=711"},{"taxonomy":"post_tag","embeddable":true,"href":"https:\/\/www.pielnet.fr\/carnet\/wp-json\/wp\/v2\/tags?post=711"}],"curies":[{"name":"wp","href":"https:\/\/api.w.org\/{rel}","templated":true}]}}