{"id":661,"date":"2018-11-28T16:33:50","date_gmt":"2018-11-28T15:33:50","guid":{"rendered":"http:\/\/www.pielnet.fr\/carnet\/?p=661"},"modified":"2021-04-05T07:37:18","modified_gmt":"2021-04-05T06:37:18","slug":"sansais-la-garette","status":"publish","type":"post","link":"https:\/\/www.pielnet.fr\/carnet\/sansais-la-garette\/","title":{"rendered":"WEB : le site de Sansais &#8211; la Garette"},"content":{"rendered":"\n<figure class=\"wp-block-image size-large\"><img loading=\"lazy\" decoding=\"async\" width=\"1024\" height=\"574\" src=\"http:\/\/www.pielnet.fr\/carnet\/wp-content\/uploads\/2019\/04\/SANSAIS-Lagarette-1024x574.png\" alt=\"\" class=\"wp-image-1114\" srcset=\"https:\/\/www.pielnet.fr\/carnet\/wp-content\/uploads\/2019\/04\/SANSAIS-Lagarette-1024x574.png 1024w, https:\/\/www.pielnet.fr\/carnet\/wp-content\/uploads\/2019\/04\/SANSAIS-Lagarette-300x168.png 300w, https:\/\/www.pielnet.fr\/carnet\/wp-content\/uploads\/2019\/04\/SANSAIS-Lagarette-768x430.png 768w, https:\/\/www.pielnet.fr\/carnet\/wp-content\/uploads\/2019\/04\/SANSAIS-Lagarette-990x556.png 990w, https:\/\/www.pielnet.fr\/carnet\/wp-content\/uploads\/2019\/04\/SANSAIS-Lagarette.png 1920w\" sizes=\"auto, (max-width: 1024px) 100vw, 1024px\" \/><figcaption>Le site de Sansais-La Garette<\/figcaption><\/figure>\n\n\n\n<figure class=\"wp-block-embed-wordpress wp-block-embed is-type-wp-embed is-provider-le-site-de-sansais-la-garette\"><div class=\"wp-block-embed__wrapper\">\nhttps:\/\/sansais-lagarette.com\/le-mot-du-maire-novembre-2018\/\n<\/div><\/figure>\n\n\n\n<p>Voil\u00e0 c&rsquo;est fait le nouveau site de la commune de Sansais &#8211; La Garette, au c\u0153ur du Marais mouill\u00e9 du Marais Poitevin, est r\u00e9alis\u00e9 et tourne :&nbsp;<em><a href=\"http:\/\/www.sansais-lagarette.com\ufeff\">www.sansais-lagarette.com<\/a><\/em><\/p>\n\n\n\n<p>C&rsquo;est une grande joie pour moi de m&rsquo;occuper de ce site qui est (encore) la commune de la maison familiale.&nbsp; Merci Rabah, Mr le Maire, de m&rsquo;avoir fait confiance.<\/p>\n\n\n\n<p><\/p>\n","protected":false},"excerpt":{"rendered":"<p>Voil\u00e0 c&rsquo;est fait le nouveau site de la commune de Sansais &#8211; La Garette, au c\u0153ur du Marais mouill\u00e9 du Marais Poitevin, est r\u00e9alis\u00e9 et tourne :&nbsp;www.sansais-lagarette.com C&rsquo;est une grande joie pour moi de m&rsquo;occuper de ce site qui est (encore) la commune de la maison familiale.&nbsp; Merci Rabah, Mr le Maire, de m&rsquo;avoir fait [&hellip;]<\/p>\n","protected":false},"author":1,"featured_media":668,"comment_status":"open","ping_status":"open","sticky":false,"template":"templates\/right-sidebar.php","format":"standard","meta":{"footnotes":""},"categories":[1],"tags":[7,447],"class_list":["post-661","post","type-post","status-publish","format-standard","has-post-thumbnail","hentry","category-creations","tag-site","tag-web"],"yoast_head":"<!-- This site is optimized with the Yoast SEO plugin v26.7 - https:\/\/yoast.com\/wordpress\/plugins\/seo\/ -->\n<title>WEB : le site de Sansais - la Garette - le carnet - Piel<\/title>\n<meta name=\"robots\" content=\"index, follow, max-snippet:-1, max-image-preview:large, max-video-preview:-1\" \/>\n<link rel=\"canonical\" href=\"https:\/\/www.pielnet.fr\/carnet\/sansais-la-garette\/\" \/>\n<meta property=\"og:locale\" content=\"fr_FR\" \/>\n<meta property=\"og:type\" content=\"article\" \/>\n<meta property=\"og:title\" content=\"WEB : le site de Sansais - la Garette - le carnet - Piel\" \/>\n<meta property=\"og:description\" content=\"Voil\u00e0 c&rsquo;est fait le nouveau site de la commune de Sansais &#8211; La Garette, au c\u0153ur du Marais mouill\u00e9 du Marais Poitevin, est r\u00e9alis\u00e9 et tourne :&nbsp;www.sansais-lagarette.com C&rsquo;est une grande joie pour moi de m&rsquo;occuper de ce site qui est (encore) la commune de la maison familiale.&nbsp; Merci Rabah, Mr le Maire, de m&rsquo;avoir fait [&hellip;]\" \/>\n<meta property=\"og:url\" content=\"https:\/\/www.pielnet.fr\/carnet\/sansais-la-garette\/\" \/>\n<meta property=\"og:site_name\" content=\"le carnet - Piel\" \/>\n<meta property=\"article:published_time\" content=\"2018-11-28T15:33:50+00:00\" \/>\n<meta property=\"article:modified_time\" content=\"2021-04-05T06:37:18+00:00\" \/>\n<meta property=\"og:image\" content=\"https:\/\/www.pielnet.fr\/carnet\/wp-content\/uploads\/2018\/12\/aPHOTO-COMPLEXE-2.jpg\" \/>\n\t<meta property=\"og:image:width\" content=\"1500\" \/>\n\t<meta property=\"og:image:height\" content=\"1000\" \/>\n\t<meta property=\"og:image:type\" content=\"image\/jpeg\" \/>\n<meta name=\"author\" content=\"arnopiel\" \/>\n<meta name=\"twitter:card\" content=\"summary_large_image\" \/>\n<meta name=\"twitter:label1\" content=\"\u00c9crit par\" \/>\n\t<meta name=\"twitter:data1\" content=\"arnopiel\" \/>\n<script type=\"application\/ld+json\" class=\"yoast-schema-graph\">{\"@context\":\"https:\/\/schema.org\",\"@graph\":[{\"@type\":\"Article\",\"@id\":\"https:\/\/www.pielnet.fr\/carnet\/sansais-la-garette\/#article\",\"isPartOf\":{\"@id\":\"https:\/\/www.pielnet.fr\/carnet\/sansais-la-garette\/\"},\"author\":{\"name\":\"arnopiel\",\"@id\":\"https:\/\/www.pielnet.fr\/carnet\/#\/schema\/person\/7c09d20dd138514cf3647ce37f1f755d\"},\"headline\":\"WEB : le site de Sansais &#8211; la Garette\",\"datePublished\":\"2018-11-28T15:33:50+00:00\",\"dateModified\":\"2021-04-05T06:37:18+00:00\",\"mainEntityOfPage\":{\"@id\":\"https:\/\/www.pielnet.fr\/carnet\/sansais-la-garette\/\"},\"wordCount\":83,\"commentCount\":0,\"publisher\":{\"@id\":\"https:\/\/www.pielnet.fr\/carnet\/#\/schema\/person\/7c09d20dd138514cf3647ce37f1f755d\"},\"image\":{\"@id\":\"https:\/\/www.pielnet.fr\/carnet\/sansais-la-garette\/#primaryimage\"},\"thumbnailUrl\":\"https:\/\/www.pielnet.fr\/carnet\/wp-content\/uploads\/2018\/12\/aPHOTO-COMPLEXE-2.jpg\",\"keywords\":[\"site\",\"web\"],\"articleSection\":[\"Sites\"],\"inLanguage\":\"fr-FR\",\"potentialAction\":[{\"@type\":\"CommentAction\",\"name\":\"Comment\",\"target\":[\"https:\/\/www.pielnet.fr\/carnet\/sansais-la-garette\/#respond\"]}]},{\"@type\":\"WebPage\",\"@id\":\"https:\/\/www.pielnet.fr\/carnet\/sansais-la-garette\/\",\"url\":\"https:\/\/www.pielnet.fr\/carnet\/sansais-la-garette\/\",\"name\":\"WEB : le site de Sansais - la Garette - le carnet - Piel\",\"isPartOf\":{\"@id\":\"https:\/\/www.pielnet.fr\/carnet\/#website\"},\"primaryImageOfPage\":{\"@id\":\"https:\/\/www.pielnet.fr\/carnet\/sansais-la-garette\/#primaryimage\"},\"image\":{\"@id\":\"https:\/\/www.pielnet.fr\/carnet\/sansais-la-garette\/#primaryimage\"},\"thumbnailUrl\":\"https:\/\/www.pielnet.fr\/carnet\/wp-content\/uploads\/2018\/12\/aPHOTO-COMPLEXE-2.jpg\",\"datePublished\":\"2018-11-28T15:33:50+00:00\",\"dateModified\":\"2021-04-05T06:37:18+00:00\",\"breadcrumb\":{\"@id\":\"https:\/\/www.pielnet.fr\/carnet\/sansais-la-garette\/#breadcrumb\"},\"inLanguage\":\"fr-FR\",\"potentialAction\":[{\"@type\":\"ReadAction\",\"target\":[\"https:\/\/www.pielnet.fr\/carnet\/sansais-la-garette\/\"]}]},{\"@type\":\"ImageObject\",\"inLanguage\":\"fr-FR\",\"@id\":\"https:\/\/www.pielnet.fr\/carnet\/sansais-la-garette\/#primaryimage\",\"url\":\"https:\/\/www.pielnet.fr\/carnet\/wp-content\/uploads\/2018\/12\/aPHOTO-COMPLEXE-2.jpg\",\"contentUrl\":\"https:\/\/www.pielnet.fr\/carnet\/wp-content\/uploads\/2018\/12\/aPHOTO-COMPLEXE-2.jpg\",\"width\":1500,\"height\":1000,\"caption\":\"SANSAIS LE GARETTE\"},{\"@type\":\"BreadcrumbList\",\"@id\":\"https:\/\/www.pielnet.fr\/carnet\/sansais-la-garette\/#breadcrumb\",\"itemListElement\":[{\"@type\":\"ListItem\",\"position\":1,\"name\":\"Accueil\",\"item\":\"https:\/\/www.pielnet.fr\/carnet\/\"},{\"@type\":\"ListItem\",\"position\":2,\"name\":\"WEB : le site de Sansais &#8211; la Garette\"}]},{\"@type\":\"WebSite\",\"@id\":\"https:\/\/www.pielnet.fr\/carnet\/#website\",\"url\":\"https:\/\/www.pielnet.fr\/carnet\/\",\"name\":\"le carnet - Piel\",\"description\":\"R\u00e9cits &amp; Territoires - Raconter en images les r\u00e9cits du sensible\",\"publisher\":{\"@id\":\"https:\/\/www.pielnet.fr\/carnet\/#\/schema\/person\/7c09d20dd138514cf3647ce37f1f755d\"},\"potentialAction\":[{\"@type\":\"SearchAction\",\"target\":{\"@type\":\"EntryPoint\",\"urlTemplate\":\"https:\/\/www.pielnet.fr\/carnet\/?s={search_term_string}\"},\"query-input\":{\"@type\":\"PropertyValueSpecification\",\"valueRequired\":true,\"valueName\":\"search_term_string\"}}],\"inLanguage\":\"fr-FR\"},{\"@type\":[\"Person\",\"Organization\"],\"@id\":\"https:\/\/www.pielnet.fr\/carnet\/#\/schema\/person\/7c09d20dd138514cf3647ce37f1f755d\",\"name\":\"arnopiel\",\"image\":{\"@type\":\"ImageObject\",\"inLanguage\":\"fr-FR\",\"@id\":\"https:\/\/www.pielnet.fr\/carnet\/#\/schema\/person\/image\/\",\"url\":\"https:\/\/www.pielnet.fr\/carnet\/wp-content\/uploads\/2021\/01\/IMG_20201212_150932.jpg\",\"contentUrl\":\"https:\/\/www.pielnet.fr\/carnet\/wp-content\/uploads\/2021\/01\/IMG_20201212_150932.jpg\",\"width\":1432,\"height\":1432,\"caption\":\"arnopiel\"},\"logo\":{\"@id\":\"https:\/\/www.pielnet.fr\/carnet\/#\/schema\/person\/image\/\"}}]}<\/script>\n<!-- \/ Yoast SEO plugin. -->","yoast_head_json":{"title":"WEB : le site de Sansais - la Garette - le carnet - Piel","robots":{"index":"index","follow":"follow","max-snippet":"max-snippet:-1","max-image-preview":"max-image-preview:large","max-video-preview":"max-video-preview:-1"},"canonical":"https:\/\/www.pielnet.fr\/carnet\/sansais-la-garette\/","og_locale":"fr_FR","og_type":"article","og_title":"WEB : le site de Sansais - la Garette - le carnet - Piel","og_description":"Voil\u00e0 c&rsquo;est fait le nouveau site de la commune de Sansais &#8211; La Garette, au c\u0153ur du Marais mouill\u00e9 du Marais Poitevin, est r\u00e9alis\u00e9 et tourne :&nbsp;www.sansais-lagarette.com C&rsquo;est une grande joie pour moi de m&rsquo;occuper de ce site qui est (encore) la commune de la maison familiale.&nbsp; Merci Rabah, Mr le Maire, de m&rsquo;avoir fait [&hellip;]","og_url":"https:\/\/www.pielnet.fr\/carnet\/sansais-la-garette\/","og_site_name":"le carnet - Piel","article_published_time":"2018-11-28T15:33:50+00:00","article_modified_time":"2021-04-05T06:37:18+00:00","og_image":[{"width":1500,"height":1000,"url":"https:\/\/www.pielnet.fr\/carnet\/wp-content\/uploads\/2018\/12\/aPHOTO-COMPLEXE-2.jpg","type":"image\/jpeg"}],"author":"arnopiel","twitter_card":"summary_large_image","twitter_misc":{"\u00c9crit par":"arnopiel"},"schema":{"@context":"https:\/\/schema.org","@graph":[{"@type":"Article","@id":"https:\/\/www.pielnet.fr\/carnet\/sansais-la-garette\/#article","isPartOf":{"@id":"https:\/\/www.pielnet.fr\/carnet\/sansais-la-garette\/"},"author":{"name":"arnopiel","@id":"https:\/\/www.pielnet.fr\/carnet\/#\/schema\/person\/7c09d20dd138514cf3647ce37f1f755d"},"headline":"WEB : le site de Sansais &#8211; la Garette","datePublished":"2018-11-28T15:33:50+00:00","dateModified":"2021-04-05T06:37:18+00:00","mainEntityOfPage":{"@id":"https:\/\/www.pielnet.fr\/carnet\/sansais-la-garette\/"},"wordCount":83,"commentCount":0,"publisher":{"@id":"https:\/\/www.pielnet.fr\/carnet\/#\/schema\/person\/7c09d20dd138514cf3647ce37f1f755d"},"image":{"@id":"https:\/\/www.pielnet.fr\/carnet\/sansais-la-garette\/#primaryimage"},"thumbnailUrl":"https:\/\/www.pielnet.fr\/carnet\/wp-content\/uploads\/2018\/12\/aPHOTO-COMPLEXE-2.jpg","keywords":["site","web"],"articleSection":["Sites"],"inLanguage":"fr-FR","potentialAction":[{"@type":"CommentAction","name":"Comment","target":["https:\/\/www.pielnet.fr\/carnet\/sansais-la-garette\/#respond"]}]},{"@type":"WebPage","@id":"https:\/\/www.pielnet.fr\/carnet\/sansais-la-garette\/","url":"https:\/\/www.pielnet.fr\/carnet\/sansais-la-garette\/","name":"WEB : le site de Sansais - la Garette - le carnet - Piel","isPartOf":{"@id":"https:\/\/www.pielnet.fr\/carnet\/#website"},"primaryImageOfPage":{"@id":"https:\/\/www.pielnet.fr\/carnet\/sansais-la-garette\/#primaryimage"},"image":{"@id":"https:\/\/www.pielnet.fr\/carnet\/sansais-la-garette\/#primaryimage"},"thumbnailUrl":"https:\/\/www.pielnet.fr\/carnet\/wp-content\/uploads\/2018\/12\/aPHOTO-COMPLEXE-2.jpg","datePublished":"2018-11-28T15:33:50+00:00","dateModified":"2021-04-05T06:37:18+00:00","breadcrumb":{"@id":"https:\/\/www.pielnet.fr\/carnet\/sansais-la-garette\/#breadcrumb"},"inLanguage":"fr-FR","potentialAction":[{"@type":"ReadAction","target":["https:\/\/www.pielnet.fr\/carnet\/sansais-la-garette\/"]}]},{"@type":"ImageObject","inLanguage":"fr-FR","@id":"https:\/\/www.pielnet.fr\/carnet\/sansais-la-garette\/#primaryimage","url":"https:\/\/www.pielnet.fr\/carnet\/wp-content\/uploads\/2018\/12\/aPHOTO-COMPLEXE-2.jpg","contentUrl":"https:\/\/www.pielnet.fr\/carnet\/wp-content\/uploads\/2018\/12\/aPHOTO-COMPLEXE-2.jpg","width":1500,"height":1000,"caption":"SANSAIS LE GARETTE"},{"@type":"BreadcrumbList","@id":"https:\/\/www.pielnet.fr\/carnet\/sansais-la-garette\/#breadcrumb","itemListElement":[{"@type":"ListItem","position":1,"name":"Accueil","item":"https:\/\/www.pielnet.fr\/carnet\/"},{"@type":"ListItem","position":2,"name":"WEB : le site de Sansais &#8211; la Garette"}]},{"@type":"WebSite","@id":"https:\/\/www.pielnet.fr\/carnet\/#website","url":"https:\/\/www.pielnet.fr\/carnet\/","name":"le carnet - Piel","description":"R\u00e9cits &amp; Territoires - Raconter en images les r\u00e9cits du sensible","publisher":{"@id":"https:\/\/www.pielnet.fr\/carnet\/#\/schema\/person\/7c09d20dd138514cf3647ce37f1f755d"},"potentialAction":[{"@type":"SearchAction","target":{"@type":"EntryPoint","urlTemplate":"https:\/\/www.pielnet.fr\/carnet\/?s={search_term_string}"},"query-input":{"@type":"PropertyValueSpecification","valueRequired":true,"valueName":"search_term_string"}}],"inLanguage":"fr-FR"},{"@type":["Person","Organization"],"@id":"https:\/\/www.pielnet.fr\/carnet\/#\/schema\/person\/7c09d20dd138514cf3647ce37f1f755d","name":"arnopiel","image":{"@type":"ImageObject","inLanguage":"fr-FR","@id":"https:\/\/www.pielnet.fr\/carnet\/#\/schema\/person\/image\/","url":"https:\/\/www.pielnet.fr\/carnet\/wp-content\/uploads\/2021\/01\/IMG_20201212_150932.jpg","contentUrl":"https:\/\/www.pielnet.fr\/carnet\/wp-content\/uploads\/2021\/01\/IMG_20201212_150932.jpg","width":1432,"height":1432,"caption":"arnopiel"},"logo":{"@id":"https:\/\/www.pielnet.fr\/carnet\/#\/schema\/person\/image\/"}}]}},"_links":{"self":[{"href":"https:\/\/www.pielnet.fr\/carnet\/wp-json\/wp\/v2\/posts\/661","targetHints":{"allow":["GET"]}}],"collection":[{"href":"https:\/\/www.pielnet.fr\/carnet\/wp-json\/wp\/v2\/posts"}],"about":[{"href":"https:\/\/www.pielnet.fr\/carnet\/wp-json\/wp\/v2\/types\/post"}],"author":[{"embeddable":true,"href":"https:\/\/www.pielnet.fr\/carnet\/wp-json\/wp\/v2\/users\/1"}],"replies":[{"embeddable":true,"href":"https:\/\/www.pielnet.fr\/carnet\/wp-json\/wp\/v2\/comments?post=661"}],"version-history":[{"count":10,"href":"https:\/\/www.pielnet.fr\/carnet\/wp-json\/wp\/v2\/posts\/661\/revisions"}],"predecessor-version":[{"id":1496,"href":"https:\/\/www.pielnet.fr\/carnet\/wp-json\/wp\/v2\/posts\/661\/revisions\/1496"}],"wp:featuredmedia":[{"embeddable":true,"href":"https:\/\/www.pielnet.fr\/carnet\/wp-json\/wp\/v2\/media\/668"}],"wp:attachment":[{"href":"https:\/\/www.pielnet.fr\/carnet\/wp-json\/wp\/v2\/media?parent=661"}],"wp:term":[{"taxonomy":"category","embeddable":true,"href":"https:\/\/www.pielnet.fr\/carnet\/wp-json\/wp\/v2\/categories?post=661"},{"taxonomy":"post_tag","embeddable":true,"href":"https:\/\/www.pielnet.fr\/carnet\/wp-json\/wp\/v2\/tags?post=661"}],"curies":[{"name":"wp","href":"https:\/\/api.w.org\/{rel}","templated":true}]}}