{"id":3355,"date":"2025-04-05T15:21:59","date_gmt":"2025-04-05T14:21:59","guid":{"rendered":"https:\/\/www.pielnet.fr\/carnet\/?p=3355"},"modified":"2026-01-01T20:03:41","modified_gmt":"2026-01-01T19:03:41","slug":"transect-paysage-en-perigord-limousin","status":"publish","type":"post","link":"https:\/\/www.pielnet.fr\/carnet\/transect-paysage-en-perigord-limousin\/","title":{"rendered":"\u00c9lus \u00e0 v\u00e9lo, paysages en d\u00e9bat"},"content":{"rendered":"\n<figure class=\"wp-block-embed is-type-video is-provider-youtube wp-block-embed-youtube wp-embed-aspect-16-9 wp-has-aspect-ratio\"><div class=\"wp-block-embed__wrapper\">\n<iframe loading=\"lazy\" title=\"Transect Paysage en P\u00e9rigord-Limousin\" width=\"500\" height=\"281\" src=\"https:\/\/www.youtube.com\/embed\/svyO8-oBxKU?feature=oembed\" frameborder=\"0\" allow=\"accelerometer; autoplay; clipboard-write; encrypted-media; gyroscope; picture-in-picture; web-share\" referrerpolicy=\"strict-origin-when-cross-origin\" allowfullscreen><\/iframe>\n<\/div><\/figure>\n\n\n\n<p>Des \u00e9lus sur le terrain ! C&rsquo;est aussi \u00e7a le travail d&rsquo;un Parc naturel.<\/p>\n\n\n\n<p>Dans le Parc naturel P\u00e9rigord-Limousin, apprendre le territoire en le traversant<\/p>\n\n\n\n<p>Il est 9h45. Casques ajust\u00e9s, v\u00e9los \u00e9lectriques pr\u00eats \u00e0 partir, \u00e9lus et techniciens se rassemblent. Direction : les chemins, les villages, les ruptures de paysage du Parc naturel r\u00e9gional P\u00e9rigord-Limousin. Ici, pas de salle de r\u00e9union ni de diaporama. La formation se fait dehors, au fil des kilom\u00e8tres.<\/p>\n\n\n\n<p>\u00ab L\u2019int\u00e9r\u00eat de ces journ\u00e9es apprenantes, c\u2019est de passer une journ\u00e9e compl\u00e8te sur le territoire \u00bb, explique Muriel Lehericy, du Parc naturel r\u00e9gional. \u00ab On r\u00e9alise un transect paysager, on traverse plusieurs unit\u00e9s de paysage, pour comprendre les diff\u00e9rences g\u00e9ologiques, mais aussi humaines. \u00bb<\/p>\n\n\n\n<p>Apr\u00e8s des \u00e9ditions en bus, le v\u00e9lo \u00e9lectrique s\u2019est impos\u00e9 comme un compromis. Plus lent, plus immersif. \u00ab On voit la r\u00e9alit\u00e9 des choses \u00bb, souligne-t-elle. \u00ab On prend conscience de ce qui se vit vraiment sur le territoire. \u00bb<\/p>\n\n\n\n<h3 class=\"wp-block-heading\">Lire le paysage comme une archive vivante<\/h3>\n\n\n\n<p>Au d\u00e9tour d\u2019un arr\u00eat, une carte ancienne circule de main en main. Ici, autrefois, un ch\u00e2teau, une \u00e9glise, un cimeti\u00e8re. Un syst\u00e8me m\u00e9di\u00e9val. Aujourd\u2019hui, les traces ont chang\u00e9 de forme, mais le paysage continue de raconter son histoire. \u00ab Les cartes sont des outils pr\u00e9cieux pour le diagnostic paysager \u00bb, rappelle Muriel Lehericy. Elles permettent de lire les \u00e9volutions, d\u2019identifier les ruptures, les continuit\u00e9s\u2026 et les choix.<\/p>\n\n\n\n<p>Car le paysage n\u2019est jamais neutre. Il est le r\u00e9sultat de d\u00e9cisions politiques, \u00e9conomiques et sociales. \u00c9nergies renouvelables, agriculture, habitat : tous les sujets s\u2019invitent naturellement dans la discussion. \u00ab Transformer des p\u00e2tures semi-naturelles en zones de production \u00e9lectrique, c\u2019est un choix \u00bb, glisse une participante. \u00ab Il faut savoir lequel on fait. \u00bb<\/p>\n\n\n\n<h3 class=\"wp-block-heading\">\u00c9nergies renouvelables : arbitrer sans simplifier<\/h3>\n\n\n\n<p>\u00c9oliennes, panneaux photovolta\u00efques, objectifs climatiques \u00e0 horizon 2050 : les d\u00e9bats sont francs. Faut-il produire pour l\u2019autonomie du territoire ou pour alimenter les grandes villes voisines ? Accepter des \u00e9oliennes, mais \u00e0 quelle hauteur ? \u00c0 quel co\u00fbt paysager ?<\/p>\n\n\n\n<p>\u00ab On travaille sur une charte \u00e9nergies renouvelables \u00bb, explique Muriel Lehericy. \u00ab L\u2019enjeu, c\u2019est de d\u00e9finir collectivement ce que l\u2019on veut pour nos paysages de demain. \u00bb Un d\u00e9bat qui d\u00e9passe les chiffres pour interroger le sens : quelle place pour le visible, pour le vivant, pour l\u2019acceptabilit\u00e9 locale ?<\/p>\n\n\n\n<h3 class=\"wp-block-heading\">Quand le paysage devient outil politique<\/h3>\n\n\n\n<p>Sur le terrain, les \u00e9lus prennent la mesure concr\u00e8te de notions souvent abstraites : PLUi, SCOT, zones agricoles, corridors \u00e9cologiques. \u00ab \u00c7a rejoint tout ce qu\u2019on \u00e9tudie \u00bb, confie l\u2019un d\u2019eux. \u00ab Mais abord\u00e9 de cette mani\u00e8re, c\u2019est beaucoup plus parlant que dans une r\u00e9union intercommunale. \u00bb<\/p>\n\n\n\n<p>Le parcours traverse des sites sensibles : carri\u00e8res utilis\u00e9es par les chauves-souris, plateaux calcaires riches en orchid\u00e9es \u2014 plus de 25 esp\u00e8ces recens\u00e9es \u2014, anciennes zones viticoles marqu\u00e9es par le changement climatique. Partout, la question de l\u2019\u00e9quilibre entre usages, protection et d\u00e9veloppement.<\/p>\n\n\n\n<p>\u00ab Le paysage est un pr\u00e9texte \u00bb, r\u00e9sume Muriel Lehericy. \u00ab Un pr\u00e9texte pour comprendre le territoire dans sa globalit\u00e9. \u00bb<\/p>\n\n\n\n<h3 class=\"wp-block-heading\">Du patrimoine au quotidien des habitants<\/h3>\n\n\n\n<p>Au fil des kilom\u00e8tres, les \u00e9changes glissent vers l\u2019\u00e9chelle plus intime : jardins, cl\u00f4tures, espaces privatifs, b\u00e2ti ancien. Comment impliquer les habitants ? Comment pr\u00e9server le caract\u00e8re tout en r\u00e9pondant aux usages contemporains ? \u00ab Il y a des artisans locaux qui ont encore ce savoir-faire \u00bb, note une intervenante. \u00ab Travailler les bons mat\u00e9riaux, de la bonne mani\u00e8re. \u00bb<\/p>\n\n\n\n<p>M\u00eame la mobilit\u00e9 devient un sujet d\u2019\u00e9tude. Le v\u00e9lo r\u00e9v\u00e8le ce qui fonctionne et ce qui coince : routes agr\u00e9ables, secteurs dangereux, zones peu adapt\u00e9es. Une immersion totale.<\/p>\n\n\n\n<h3 class=\"wp-block-heading\">Former autrement pour d\u00e9cider mieux<\/h3>\n\n\n\n<p>\u00c0 mi-parcours, une \u00e9vidence se d\u00e9gage : comprendre un territoire ne peut se faire uniquement derri\u00e8re un bureau. \u00ab Chaque s\u00e9ance est plus riche que la pr\u00e9c\u00e9dente \u00bb, observe une participante. \u00ab On comprend mieux l\u2019importance du paysage dans notre quotidien d\u2019\u00e9lus. \u00bb<\/p>\n\n\n\n<p>Ici, le paysage n\u2019est ni d\u00e9cor ni contrainte. Il est un outil de lecture, de d\u00e9bat et de d\u00e9cision. Un espace commun o\u00f9 se croisent m\u00e9moire, biodiversit\u00e9, \u00e9nergie, agriculture et qualit\u00e9 de vie.<\/p>\n\n\n\n<p>\u00c0 la fin de la journ\u00e9e, les jambes sont fatigu\u00e9es, mais les id\u00e9es plus claires. Dans le Parc naturel P\u00e9rigord-Limousin, apprendre en roulant, c\u2019est aussi apprendre \u00e0 d\u00e9cider autrement.<\/p>\n","protected":false},"excerpt":{"rendered":"<p>Transect Paysage en P\u00e9rigord-Limousin <\/p>\n","protected":false},"author":1,"featured_media":3356,"comment_status":"open","ping_status":"open","sticky":true,"template":"","format":"standard","meta":{"footnotes":""},"categories":[472,69],"tags":[],"class_list":["post-3355","post","type-post","status-publish","format-standard","has-post-thumbnail","hentry","category-doc","category-films"],"yoast_head":"<!-- This site is optimized with the Yoast SEO plugin v26.7 - https:\/\/yoast.com\/wordpress\/plugins\/seo\/ -->\n<title>\u00c9lus \u00e0 v\u00e9lo, paysages en d\u00e9bat - le carnet - Piel<\/title>\n<meta name=\"robots\" content=\"index, follow, max-snippet:-1, max-image-preview:large, max-video-preview:-1\" \/>\n<link rel=\"canonical\" href=\"https:\/\/www.pielnet.fr\/carnet\/transect-paysage-en-perigord-limousin\/\" \/>\n<meta property=\"og:locale\" content=\"fr_FR\" \/>\n<meta property=\"og:type\" content=\"article\" \/>\n<meta property=\"og:title\" content=\"\u00c9lus \u00e0 v\u00e9lo, paysages en d\u00e9bat - le carnet - Piel\" \/>\n<meta property=\"og:description\" content=\"Transect Paysage en P\u00e9rigord-Limousin\" \/>\n<meta property=\"og:url\" content=\"https:\/\/www.pielnet.fr\/carnet\/transect-paysage-en-perigord-limousin\/\" \/>\n<meta property=\"og:site_name\" content=\"le carnet - Piel\" \/>\n<meta property=\"article:published_time\" content=\"2025-04-05T14:21:59+00:00\" \/>\n<meta property=\"article:modified_time\" content=\"2026-01-01T19:03:41+00:00\" \/>\n<meta property=\"og:image\" content=\"https:\/\/www.pielnet.fr\/carnet\/wp-content\/uploads\/2025\/04\/Capture-decran-2025-04-05-162146-1024x536.png\" \/>\n\t<meta property=\"og:image:width\" content=\"1024\" \/>\n\t<meta property=\"og:image:height\" content=\"536\" \/>\n\t<meta property=\"og:image:type\" content=\"image\/png\" \/>\n<meta name=\"author\" content=\"arnopiel\" \/>\n<meta name=\"twitter:card\" content=\"summary_large_image\" \/>\n<meta name=\"twitter:label1\" content=\"\u00c9crit par\" \/>\n\t<meta name=\"twitter:data1\" content=\"arnopiel\" \/>\n\t<meta name=\"twitter:label2\" content=\"Dur\u00e9e de lecture estim\u00e9e\" \/>\n\t<meta name=\"twitter:data2\" content=\"4 minutes\" \/>\n<script type=\"application\/ld+json\" class=\"yoast-schema-graph\">{\"@context\":\"https:\/\/schema.org\",\"@graph\":[{\"@type\":\"Article\",\"@id\":\"https:\/\/www.pielnet.fr\/carnet\/transect-paysage-en-perigord-limousin\/#article\",\"isPartOf\":{\"@id\":\"https:\/\/www.pielnet.fr\/carnet\/transect-paysage-en-perigord-limousin\/\"},\"author\":{\"name\":\"arnopiel\",\"@id\":\"https:\/\/www.pielnet.fr\/carnet\/#\/schema\/person\/7c09d20dd138514cf3647ce37f1f755d\"},\"headline\":\"\u00c9lus \u00e0 v\u00e9lo, paysages en d\u00e9bat\",\"datePublished\":\"2025-04-05T14:21:59+00:00\",\"dateModified\":\"2026-01-01T19:03:41+00:00\",\"mainEntityOfPage\":{\"@id\":\"https:\/\/www.pielnet.fr\/carnet\/transect-paysage-en-perigord-limousin\/\"},\"wordCount\":764,\"commentCount\":0,\"publisher\":{\"@id\":\"https:\/\/www.pielnet.fr\/carnet\/#\/schema\/person\/7c09d20dd138514cf3647ce37f1f755d\"},\"image\":{\"@id\":\"https:\/\/www.pielnet.fr\/carnet\/transect-paysage-en-perigord-limousin\/#primaryimage\"},\"thumbnailUrl\":\"https:\/\/www.pielnet.fr\/carnet\/wp-content\/uploads\/2025\/04\/Capture-decran-2025-04-05-162146.png\",\"articleSection\":[\"Doc\",\"Films\"],\"inLanguage\":\"fr-FR\",\"potentialAction\":[{\"@type\":\"CommentAction\",\"name\":\"Comment\",\"target\":[\"https:\/\/www.pielnet.fr\/carnet\/transect-paysage-en-perigord-limousin\/#respond\"]}]},{\"@type\":\"WebPage\",\"@id\":\"https:\/\/www.pielnet.fr\/carnet\/transect-paysage-en-perigord-limousin\/\",\"url\":\"https:\/\/www.pielnet.fr\/carnet\/transect-paysage-en-perigord-limousin\/\",\"name\":\"\u00c9lus \u00e0 v\u00e9lo, paysages en d\u00e9bat - le carnet - Piel\",\"isPartOf\":{\"@id\":\"https:\/\/www.pielnet.fr\/carnet\/#website\"},\"primaryImageOfPage\":{\"@id\":\"https:\/\/www.pielnet.fr\/carnet\/transect-paysage-en-perigord-limousin\/#primaryimage\"},\"image\":{\"@id\":\"https:\/\/www.pielnet.fr\/carnet\/transect-paysage-en-perigord-limousin\/#primaryimage\"},\"thumbnailUrl\":\"https:\/\/www.pielnet.fr\/carnet\/wp-content\/uploads\/2025\/04\/Capture-decran-2025-04-05-162146.png\",\"datePublished\":\"2025-04-05T14:21:59+00:00\",\"dateModified\":\"2026-01-01T19:03:41+00:00\",\"breadcrumb\":{\"@id\":\"https:\/\/www.pielnet.fr\/carnet\/transect-paysage-en-perigord-limousin\/#breadcrumb\"},\"inLanguage\":\"fr-FR\",\"potentialAction\":[{\"@type\":\"ReadAction\",\"target\":[\"https:\/\/www.pielnet.fr\/carnet\/transect-paysage-en-perigord-limousin\/\"]}]},{\"@type\":\"ImageObject\",\"inLanguage\":\"fr-FR\",\"@id\":\"https:\/\/www.pielnet.fr\/carnet\/transect-paysage-en-perigord-limousin\/#primaryimage\",\"url\":\"https:\/\/www.pielnet.fr\/carnet\/wp-content\/uploads\/2025\/04\/Capture-decran-2025-04-05-162146.png\",\"contentUrl\":\"https:\/\/www.pielnet.fr\/carnet\/wp-content\/uploads\/2025\/04\/Capture-decran-2025-04-05-162146.png\",\"width\":1916,\"height\":1002},{\"@type\":\"BreadcrumbList\",\"@id\":\"https:\/\/www.pielnet.fr\/carnet\/transect-paysage-en-perigord-limousin\/#breadcrumb\",\"itemListElement\":[{\"@type\":\"ListItem\",\"position\":1,\"name\":\"Accueil\",\"item\":\"https:\/\/www.pielnet.fr\/carnet\/\"},{\"@type\":\"ListItem\",\"position\":2,\"name\":\"\u00c9lus \u00e0 v\u00e9lo, paysages en d\u00e9bat\"}]},{\"@type\":\"WebSite\",\"@id\":\"https:\/\/www.pielnet.fr\/carnet\/#website\",\"url\":\"https:\/\/www.pielnet.fr\/carnet\/\",\"name\":\"le carnet - Piel\",\"description\":\"R\u00e9cits &amp; Territoires - Raconter en images les r\u00e9cits du sensible\",\"publisher\":{\"@id\":\"https:\/\/www.pielnet.fr\/carnet\/#\/schema\/person\/7c09d20dd138514cf3647ce37f1f755d\"},\"potentialAction\":[{\"@type\":\"SearchAction\",\"target\":{\"@type\":\"EntryPoint\",\"urlTemplate\":\"https:\/\/www.pielnet.fr\/carnet\/?s={search_term_string}\"},\"query-input\":{\"@type\":\"PropertyValueSpecification\",\"valueRequired\":true,\"valueName\":\"search_term_string\"}}],\"inLanguage\":\"fr-FR\"},{\"@type\":[\"Person\",\"Organization\"],\"@id\":\"https:\/\/www.pielnet.fr\/carnet\/#\/schema\/person\/7c09d20dd138514cf3647ce37f1f755d\",\"name\":\"arnopiel\",\"image\":{\"@type\":\"ImageObject\",\"inLanguage\":\"fr-FR\",\"@id\":\"https:\/\/www.pielnet.fr\/carnet\/#\/schema\/person\/image\/\",\"url\":\"https:\/\/www.pielnet.fr\/carnet\/wp-content\/uploads\/2021\/01\/IMG_20201212_150932.jpg\",\"contentUrl\":\"https:\/\/www.pielnet.fr\/carnet\/wp-content\/uploads\/2021\/01\/IMG_20201212_150932.jpg\",\"width\":1432,\"height\":1432,\"caption\":\"arnopiel\"},\"logo\":{\"@id\":\"https:\/\/www.pielnet.fr\/carnet\/#\/schema\/person\/image\/\"}}]}<\/script>\n<!-- \/ Yoast SEO plugin. -->","yoast_head_json":{"title":"\u00c9lus \u00e0 v\u00e9lo, paysages en d\u00e9bat - le carnet - Piel","robots":{"index":"index","follow":"follow","max-snippet":"max-snippet:-1","max-image-preview":"max-image-preview:large","max-video-preview":"max-video-preview:-1"},"canonical":"https:\/\/www.pielnet.fr\/carnet\/transect-paysage-en-perigord-limousin\/","og_locale":"fr_FR","og_type":"article","og_title":"\u00c9lus \u00e0 v\u00e9lo, paysages en d\u00e9bat - le carnet - Piel","og_description":"Transect Paysage en P\u00e9rigord-Limousin","og_url":"https:\/\/www.pielnet.fr\/carnet\/transect-paysage-en-perigord-limousin\/","og_site_name":"le carnet - Piel","article_published_time":"2025-04-05T14:21:59+00:00","article_modified_time":"2026-01-01T19:03:41+00:00","og_image":[{"width":1024,"height":536,"url":"https:\/\/www.pielnet.fr\/carnet\/wp-content\/uploads\/2025\/04\/Capture-decran-2025-04-05-162146-1024x536.png","type":"image\/png"}],"author":"arnopiel","twitter_card":"summary_large_image","twitter_misc":{"\u00c9crit par":"arnopiel","Dur\u00e9e de lecture estim\u00e9e":"4 minutes"},"schema":{"@context":"https:\/\/schema.org","@graph":[{"@type":"Article","@id":"https:\/\/www.pielnet.fr\/carnet\/transect-paysage-en-perigord-limousin\/#article","isPartOf":{"@id":"https:\/\/www.pielnet.fr\/carnet\/transect-paysage-en-perigord-limousin\/"},"author":{"name":"arnopiel","@id":"https:\/\/www.pielnet.fr\/carnet\/#\/schema\/person\/7c09d20dd138514cf3647ce37f1f755d"},"headline":"\u00c9lus \u00e0 v\u00e9lo, paysages en d\u00e9bat","datePublished":"2025-04-05T14:21:59+00:00","dateModified":"2026-01-01T19:03:41+00:00","mainEntityOfPage":{"@id":"https:\/\/www.pielnet.fr\/carnet\/transect-paysage-en-perigord-limousin\/"},"wordCount":764,"commentCount":0,"publisher":{"@id":"https:\/\/www.pielnet.fr\/carnet\/#\/schema\/person\/7c09d20dd138514cf3647ce37f1f755d"},"image":{"@id":"https:\/\/www.pielnet.fr\/carnet\/transect-paysage-en-perigord-limousin\/#primaryimage"},"thumbnailUrl":"https:\/\/www.pielnet.fr\/carnet\/wp-content\/uploads\/2025\/04\/Capture-decran-2025-04-05-162146.png","articleSection":["Doc","Films"],"inLanguage":"fr-FR","potentialAction":[{"@type":"CommentAction","name":"Comment","target":["https:\/\/www.pielnet.fr\/carnet\/transect-paysage-en-perigord-limousin\/#respond"]}]},{"@type":"WebPage","@id":"https:\/\/www.pielnet.fr\/carnet\/transect-paysage-en-perigord-limousin\/","url":"https:\/\/www.pielnet.fr\/carnet\/transect-paysage-en-perigord-limousin\/","name":"\u00c9lus \u00e0 v\u00e9lo, paysages en d\u00e9bat - le carnet - Piel","isPartOf":{"@id":"https:\/\/www.pielnet.fr\/carnet\/#website"},"primaryImageOfPage":{"@id":"https:\/\/www.pielnet.fr\/carnet\/transect-paysage-en-perigord-limousin\/#primaryimage"},"image":{"@id":"https:\/\/www.pielnet.fr\/carnet\/transect-paysage-en-perigord-limousin\/#primaryimage"},"thumbnailUrl":"https:\/\/www.pielnet.fr\/carnet\/wp-content\/uploads\/2025\/04\/Capture-decran-2025-04-05-162146.png","datePublished":"2025-04-05T14:21:59+00:00","dateModified":"2026-01-01T19:03:41+00:00","breadcrumb":{"@id":"https:\/\/www.pielnet.fr\/carnet\/transect-paysage-en-perigord-limousin\/#breadcrumb"},"inLanguage":"fr-FR","potentialAction":[{"@type":"ReadAction","target":["https:\/\/www.pielnet.fr\/carnet\/transect-paysage-en-perigord-limousin\/"]}]},{"@type":"ImageObject","inLanguage":"fr-FR","@id":"https:\/\/www.pielnet.fr\/carnet\/transect-paysage-en-perigord-limousin\/#primaryimage","url":"https:\/\/www.pielnet.fr\/carnet\/wp-content\/uploads\/2025\/04\/Capture-decran-2025-04-05-162146.png","contentUrl":"https:\/\/www.pielnet.fr\/carnet\/wp-content\/uploads\/2025\/04\/Capture-decran-2025-04-05-162146.png","width":1916,"height":1002},{"@type":"BreadcrumbList","@id":"https:\/\/www.pielnet.fr\/carnet\/transect-paysage-en-perigord-limousin\/#breadcrumb","itemListElement":[{"@type":"ListItem","position":1,"name":"Accueil","item":"https:\/\/www.pielnet.fr\/carnet\/"},{"@type":"ListItem","position":2,"name":"\u00c9lus \u00e0 v\u00e9lo, paysages en d\u00e9bat"}]},{"@type":"WebSite","@id":"https:\/\/www.pielnet.fr\/carnet\/#website","url":"https:\/\/www.pielnet.fr\/carnet\/","name":"le carnet - Piel","description":"R\u00e9cits &amp; Territoires - Raconter en images les r\u00e9cits du sensible","publisher":{"@id":"https:\/\/www.pielnet.fr\/carnet\/#\/schema\/person\/7c09d20dd138514cf3647ce37f1f755d"},"potentialAction":[{"@type":"SearchAction","target":{"@type":"EntryPoint","urlTemplate":"https:\/\/www.pielnet.fr\/carnet\/?s={search_term_string}"},"query-input":{"@type":"PropertyValueSpecification","valueRequired":true,"valueName":"search_term_string"}}],"inLanguage":"fr-FR"},{"@type":["Person","Organization"],"@id":"https:\/\/www.pielnet.fr\/carnet\/#\/schema\/person\/7c09d20dd138514cf3647ce37f1f755d","name":"arnopiel","image":{"@type":"ImageObject","inLanguage":"fr-FR","@id":"https:\/\/www.pielnet.fr\/carnet\/#\/schema\/person\/image\/","url":"https:\/\/www.pielnet.fr\/carnet\/wp-content\/uploads\/2021\/01\/IMG_20201212_150932.jpg","contentUrl":"https:\/\/www.pielnet.fr\/carnet\/wp-content\/uploads\/2021\/01\/IMG_20201212_150932.jpg","width":1432,"height":1432,"caption":"arnopiel"},"logo":{"@id":"https:\/\/www.pielnet.fr\/carnet\/#\/schema\/person\/image\/"}}]}},"_links":{"self":[{"href":"https:\/\/www.pielnet.fr\/carnet\/wp-json\/wp\/v2\/posts\/3355","targetHints":{"allow":["GET"]}}],"collection":[{"href":"https:\/\/www.pielnet.fr\/carnet\/wp-json\/wp\/v2\/posts"}],"about":[{"href":"https:\/\/www.pielnet.fr\/carnet\/wp-json\/wp\/v2\/types\/post"}],"author":[{"embeddable":true,"href":"https:\/\/www.pielnet.fr\/carnet\/wp-json\/wp\/v2\/users\/1"}],"replies":[{"embeddable":true,"href":"https:\/\/www.pielnet.fr\/carnet\/wp-json\/wp\/v2\/comments?post=3355"}],"version-history":[{"count":3,"href":"https:\/\/www.pielnet.fr\/carnet\/wp-json\/wp\/v2\/posts\/3355\/revisions"}],"predecessor-version":[{"id":3428,"href":"https:\/\/www.pielnet.fr\/carnet\/wp-json\/wp\/v2\/posts\/3355\/revisions\/3428"}],"wp:featuredmedia":[{"embeddable":true,"href":"https:\/\/www.pielnet.fr\/carnet\/wp-json\/wp\/v2\/media\/3356"}],"wp:attachment":[{"href":"https:\/\/www.pielnet.fr\/carnet\/wp-json\/wp\/v2\/media?parent=3355"}],"wp:term":[{"taxonomy":"category","embeddable":true,"href":"https:\/\/www.pielnet.fr\/carnet\/wp-json\/wp\/v2\/categories?post=3355"},{"taxonomy":"post_tag","embeddable":true,"href":"https:\/\/www.pielnet.fr\/carnet\/wp-json\/wp\/v2\/tags?post=3355"}],"curies":[{"name":"wp","href":"https:\/\/api.w.org\/{rel}","templated":true}]}}