{"id":3288,"date":"2024-11-14T09:25:59","date_gmt":"2024-11-14T08:25:59","guid":{"rendered":"https:\/\/www.pielnet.fr\/carnet\/?p=3288"},"modified":"2026-01-10T19:15:17","modified_gmt":"2026-01-10T18:15:17","slug":"quietude-attitude-dans-les-vosges","status":"publish","type":"post","link":"https:\/\/www.pielnet.fr\/carnet\/quietude-attitude-dans-les-vosges\/","title":{"rendered":"Dans les Vosges, randonner autrement pour laisser la faune tranquille"},"content":{"rendered":"\n<figure class=\"wp-block-embed is-type-video is-provider-youtube wp-block-embed-youtube wp-embed-aspect-16-9 wp-has-aspect-ratio\"><div class=\"wp-block-embed__wrapper\">\n<iframe loading=\"lazy\" title=\"#61 Pour une fr\u00e9quentation touristique respectueuse, adoptez la Quie\u0301tude attitude !\" width=\"500\" height=\"281\" src=\"https:\/\/www.youtube.com\/embed\/N8JlhYo8XTA?feature=oembed\" frameborder=\"0\" allow=\"accelerometer; autoplay; clipboard-write; encrypted-media; gyroscope; picture-in-picture; web-share\" referrerpolicy=\"strict-origin-when-cross-origin\" allowfullscreen><\/iframe>\n<\/div><figcaption class=\"wp-element-caption\">Qui\u00e9tude Attitude<\/figcaption><\/figure>\n\n\n\n<p>Aujourd&rsquo;hui rendez-vous dans le Parc des Ballons des Vosges pour y d\u00e9couvrir un dispositif efficace mis en place pour un partage harmonieux de l\u2019espace entre humains et autres \u00eatres vivants : le programme \u00ab Qui\u00e9tude Attitude \u00bb. Une belle initiative d&rsquo;incitation (et non d&rsquo;interdiction) \u00e0 randonner sans perturber la faune, lorsqu\u2019elle se reproduit ou hiberne par exemple. Le programme initi\u00e9 dans le Parc du Haut-Jura, s&rsquo;est prolong\u00e9 dans celui des Ardennes, et fera, \u00e0 coup s\u00fbr, des petits \u00e0 travers toute la France.<\/p>\n\n\n\n<h2 class=\"wp-block-heading\"><strong>Le programme Qui\u00e9tude Attitude, une p\u00e9dagogie du respect en montagne<\/strong><\/h2>\n\n\n\n<p>Au c\u0153ur du parc naturel r\u00e9gional des Ballons des Vosges, la for\u00eat semble silencieuse. Un silence trompeur, fait de battements d\u2019ailes, de chants discrets et de pr\u00e9sences invisibles. Ce matin-l\u00e0, Antoine Andr\u00e9 s\u2019arr\u00eate net sur le sentier. \u00ab Le Pouillot Fitis \u00bb, glisse-t-il en montrant une branche. Premier chant de l\u2019ann\u00e9e. Ici, la randonn\u00e9e commence par l\u2019\u00e9coute.<\/p>\n\n\n\n<p>Antoine est coordinateur du programme <strong>Qui\u00e9tude Attitude<\/strong>, une initiative pionni\u00e8re en France pour concilier protection de la biodiversit\u00e9 et pratiques de loisirs en nature. Lanc\u00e9 en 2015 par le Parc naturel r\u00e9gional des Ballons des Vosges, en partenariat avec le Parc du Haut-Jura, le programme repose sur une id\u00e9e simple : convaincre plut\u00f4t que contraindre.<\/p>\n\n\n\n<h3 class=\"wp-block-heading\">D\u00e9vier pour mieux prot\u00e9ger<\/h3>\n\n\n\n<p>Nous sommes sur l\u2019ancien trac\u00e9 du GR5, autrefois tr\u00e8s fr\u00e9quent\u00e9. Le sentier existe toujours, mais il n\u2019est plus entretenu ni balis\u00e9. \u00ab On le laisse volontairement en l\u2019\u00e9tat \u00bb, explique Antoine Andr\u00e9. \u00ab L\u2019objectif est de sensibiliser les randonneurs au fait qu\u2019ils entrent dans une zone de qui\u00e9tude. \u00bb<\/p>\n\n\n\n<p>Le principe : canaliser la fr\u00e9quentation vers des itin\u00e9raires alternatifs pour sanctuariser certains espaces, notamment durant les p\u00e9riodes sensibles comme la reproduction. Ici, sur le massif du Grand Br\u00e9zouard, cette strat\u00e9gie vise en particulier le grand t\u00e9tras, une esp\u00e8ce embl\u00e9matique et menac\u00e9e.<\/p>\n\n\n\n<p>Lorsque des randonneurs s\u2019arr\u00eatent, intrigu\u00e9s par un panneau, le dialogue s\u2019engage naturellement. \u00ab On voulait faire le tour du Grand Br\u00e9zouard \u00bb, expliquent-ils. Antoine prend le temps, carte \u00e0 la main, de proposer un autre itin\u00e9raire, tout aussi spectaculaire. \u00ab C\u2019est intelligent \u00bb, r\u00e9pondent-ils. \u00ab On comprend la d\u00e9marche. Il faut respecter la faune. \u00bb<\/p>\n\n\n\n<h3 class=\"wp-block-heading\">Une for\u00eat multifonctionnelle<\/h3>\n\n\n\n<p>\u00c0 Sainte-Marie-aux-Mines, commune foresti\u00e8re \u00e0 80 %, la d\u00e9marche a trouv\u00e9 un \u00e9cho politique fort. \u00ab Quand nous sommes entr\u00e9s en fonction en 2020, nous voulions aborder la for\u00eat dans toutes ses dimensions \u00bb, explique la maire, No\u00ebllie Hestin. \u00ab Le GR5 traversait un secteur tr\u00e8s fr\u00e9quent\u00e9. Nous avons r\u00e9ussi \u00e0 le d\u00e9vier pour cr\u00e9er une v\u00e9ritable zone de qui\u00e9tude, en lien avec le programme du parc. \u00bb<\/p>\n\n\n\n<p>Au-del\u00e0 des sentiers, le projet s\u2019inscrit dans une gestion globale du massif : ouvertures paysag\u00e8res, trou\u00e9es foresti\u00e8res favorables au grand t\u00e9tras, actions men\u00e9es avec des partenaires locaux, comme le lyc\u00e9e technique de Sainte-Marie-aux-Mines. \u00ab On fait attention \u00e0 ne pas tout montrer \u00bb, pr\u00e9cise Antoine Andr\u00e9. \u00ab L\u2019id\u00e9e n\u2019est pas d\u2019attirer davantage de visiteurs dans ces zones sensibles. \u00bb<\/p>\n\n\n\n<h3 class=\"wp-block-heading\">Un r\u00e9seau qui s\u2019\u00e9tend<\/h3>\n\n\n\n<p>Qui\u00e9tude Attitude ne repose pas uniquement sur des panneaux. Le programme s\u2019appuie sur un large r\u00e9seau de partenaires : accompagnateurs en montagne, collectivit\u00e9s, offices de tourisme, associations. Tous relaient les m\u00eames messages : adapter ses comportements, conna\u00eetre les zones sensibles, adopter les bons r\u00e9flexes.<\/p>\n\n\n\n<p>\u00ab Le programme parle \u00e0 beaucoup d\u2019acteurs et \u00e0 beaucoup de territoires \u00bb, observe Antoine Andr\u00e9. Le Parc naturel r\u00e9gional des Ardennes a d\u00e9j\u00e0 adopt\u00e9 la d\u00e9marche. D\u2019autres devraient suivre, soutenus par la r\u00e9gion Grand Est \u00e0 travers le programme <strong>Life Biodiv\u2019Est<\/strong>, qui vise notamment la cr\u00e9ation d\u2019une cinquantaine de zones de qui\u00e9tude \u00e0 l\u2019\u00e9chelle r\u00e9gionale.<\/p>\n\n\n\n<h3 class=\"wp-block-heading\">Pr\u00e9server sans exclure<\/h3>\n\n\n\n<p>Dans un contexte de fr\u00e9quentation croissante des espaces naturels, Qui\u00e9tude Attitude propose une autre voie. Ni interdiction syst\u00e9matique, ni sanctuarisation invisible. Mais une p\u00e9dagogie du respect, fond\u00e9e sur l\u2019information, le dialogue et la responsabilit\u00e9 individuelle.<\/p>\n\n\n\n<p>Ici, dans les Vosges, randonner autrement, c\u2019est accepter de faire parfois un pas de c\u00f4t\u00e9. Pour mieux partager la montagne avec ceux qui y vivent toute l\u2019ann\u00e9e, \u00e0 l\u2019abri des sentiers.<\/p>\n\n\n\n<figure class=\"wp-block-embed is-type-wp-embed is-provider-qui-tude-attitude wp-block-embed-qui-tude-attitude\"><div class=\"wp-block-embed__wrapper\">\n<blockquote class=\"wp-embedded-content\" data-secret=\"OsvrO0DfQy\"><a href=\"https:\/\/quietudeattitude.fr\/\">Accueil<\/a><\/blockquote><iframe loading=\"lazy\" class=\"wp-embedded-content\" sandbox=\"allow-scripts\" security=\"restricted\" style=\"position: absolute; visibility: hidden;\" title=\"&#8220;Accueil&#8221; &#8212; Qui\u00e9tude Attitude\" src=\"https:\/\/quietudeattitude.fr\/embed\/#?secret=qq7GjJ2LZw#?secret=OsvrO0DfQy\" data-secret=\"OsvrO0DfQy\" width=\"500\" height=\"282\" frameborder=\"0\" marginwidth=\"0\" marginheight=\"0\" scrolling=\"no\"><\/iframe>\n<\/div><figcaption class=\"wp-element-caption\">le site Qui\u00e9tude Attitude<\/figcaption><\/figure>\n\n\n\n<hr class=\"wp-block-separator has-alpha-channel-opacity\"\/>\n","protected":false},"excerpt":{"rendered":"<p>Ici, dans les Vosges, randonner autrement, c\u2019est accepter de faire parfois un pas de c\u00f4t\u00e9. Pour mieux partager la montagne avec ceux qui y vivent toute l\u2019ann\u00e9e, \u00e0 l\u2019abri des sentiers.<\/p>\n","protected":false},"author":1,"featured_media":3289,"comment_status":"open","ping_status":"open","sticky":true,"template":"","format":"standard","meta":{"footnotes":""},"categories":[472,69],"tags":[],"class_list":["post-3288","post","type-post","status-publish","format-standard","has-post-thumbnail","hentry","category-doc","category-films"],"yoast_head":"<!-- This site is optimized with the Yoast SEO plugin v26.7 - https:\/\/yoast.com\/wordpress\/plugins\/seo\/ -->\n<title>Dans les Vosges, randonner autrement pour laisser la faune tranquille - le carnet - Piel<\/title>\n<meta name=\"description\" content=\"Qui\u00e9tude attitude dans les Vosges\" \/>\n<meta name=\"robots\" content=\"index, follow, max-snippet:-1, max-image-preview:large, max-video-preview:-1\" \/>\n<link rel=\"canonical\" href=\"https:\/\/www.pielnet.fr\/carnet\/quietude-attitude-dans-les-vosges\/\" \/>\n<meta property=\"og:locale\" content=\"fr_FR\" \/>\n<meta property=\"og:type\" content=\"article\" \/>\n<meta property=\"og:title\" content=\"Dans les Vosges, randonner autrement pour laisser la faune tranquille - le carnet - Piel\" \/>\n<meta property=\"og:description\" content=\"Qui\u00e9tude attitude dans les Vosges\" \/>\n<meta property=\"og:url\" content=\"https:\/\/www.pielnet.fr\/carnet\/quietude-attitude-dans-les-vosges\/\" \/>\n<meta property=\"og:site_name\" content=\"le carnet - Piel\" \/>\n<meta property=\"article:published_time\" content=\"2024-11-14T08:25:59+00:00\" \/>\n<meta property=\"article:modified_time\" content=\"2026-01-10T18:15:17+00:00\" \/>\n<meta property=\"og:image\" content=\"https:\/\/www.pielnet.fr\/carnet\/wp-content\/uploads\/2024\/11\/page_tetrashiver.webp\" \/>\n\t<meta property=\"og:image:width\" content=\"1080\" \/>\n\t<meta property=\"og:image:height\" content=\"720\" \/>\n\t<meta property=\"og:image:type\" content=\"image\/webp\" \/>\n<meta name=\"author\" content=\"arnopiel\" \/>\n<meta name=\"twitter:card\" content=\"summary_large_image\" \/>\n<meta name=\"twitter:label1\" content=\"\u00c9crit par\" \/>\n\t<meta name=\"twitter:data1\" content=\"arnopiel\" \/>\n\t<meta name=\"twitter:label2\" content=\"Dur\u00e9e de lecture estim\u00e9e\" \/>\n\t<meta name=\"twitter:data2\" content=\"4 minutes\" \/>\n<script type=\"application\/ld+json\" class=\"yoast-schema-graph\">{\"@context\":\"https:\/\/schema.org\",\"@graph\":[{\"@type\":\"Article\",\"@id\":\"https:\/\/www.pielnet.fr\/carnet\/quietude-attitude-dans-les-vosges\/#article\",\"isPartOf\":{\"@id\":\"https:\/\/www.pielnet.fr\/carnet\/quietude-attitude-dans-les-vosges\/\"},\"author\":{\"name\":\"arnopiel\",\"@id\":\"https:\/\/www.pielnet.fr\/carnet\/#\/schema\/person\/7c09d20dd138514cf3647ce37f1f755d\"},\"headline\":\"Dans les Vosges, randonner autrement pour laisser la faune tranquille\",\"datePublished\":\"2024-11-14T08:25:59+00:00\",\"dateModified\":\"2026-01-10T18:15:17+00:00\",\"mainEntityOfPage\":{\"@id\":\"https:\/\/www.pielnet.fr\/carnet\/quietude-attitude-dans-les-vosges\/\"},\"wordCount\":753,\"commentCount\":0,\"publisher\":{\"@id\":\"https:\/\/www.pielnet.fr\/carnet\/#\/schema\/person\/7c09d20dd138514cf3647ce37f1f755d\"},\"image\":{\"@id\":\"https:\/\/www.pielnet.fr\/carnet\/quietude-attitude-dans-les-vosges\/#primaryimage\"},\"thumbnailUrl\":\"https:\/\/www.pielnet.fr\/carnet\/wp-content\/uploads\/2024\/11\/page_tetrashiver.webp\",\"articleSection\":[\"Doc\",\"Films\"],\"inLanguage\":\"fr-FR\",\"potentialAction\":[{\"@type\":\"CommentAction\",\"name\":\"Comment\",\"target\":[\"https:\/\/www.pielnet.fr\/carnet\/quietude-attitude-dans-les-vosges\/#respond\"]}]},{\"@type\":\"WebPage\",\"@id\":\"https:\/\/www.pielnet.fr\/carnet\/quietude-attitude-dans-les-vosges\/\",\"url\":\"https:\/\/www.pielnet.fr\/carnet\/quietude-attitude-dans-les-vosges\/\",\"name\":\"Dans les Vosges, randonner autrement pour laisser la faune tranquille - le carnet - Piel\",\"isPartOf\":{\"@id\":\"https:\/\/www.pielnet.fr\/carnet\/#website\"},\"primaryImageOfPage\":{\"@id\":\"https:\/\/www.pielnet.fr\/carnet\/quietude-attitude-dans-les-vosges\/#primaryimage\"},\"image\":{\"@id\":\"https:\/\/www.pielnet.fr\/carnet\/quietude-attitude-dans-les-vosges\/#primaryimage\"},\"thumbnailUrl\":\"https:\/\/www.pielnet.fr\/carnet\/wp-content\/uploads\/2024\/11\/page_tetrashiver.webp\",\"datePublished\":\"2024-11-14T08:25:59+00:00\",\"dateModified\":\"2026-01-10T18:15:17+00:00\",\"description\":\"Qui\u00e9tude attitude dans les Vosges\",\"breadcrumb\":{\"@id\":\"https:\/\/www.pielnet.fr\/carnet\/quietude-attitude-dans-les-vosges\/#breadcrumb\"},\"inLanguage\":\"fr-FR\",\"potentialAction\":[{\"@type\":\"ReadAction\",\"target\":[\"https:\/\/www.pielnet.fr\/carnet\/quietude-attitude-dans-les-vosges\/\"]}]},{\"@type\":\"ImageObject\",\"inLanguage\":\"fr-FR\",\"@id\":\"https:\/\/www.pielnet.fr\/carnet\/quietude-attitude-dans-les-vosges\/#primaryimage\",\"url\":\"https:\/\/www.pielnet.fr\/carnet\/wp-content\/uploads\/2024\/11\/page_tetrashiver.webp\",\"contentUrl\":\"https:\/\/www.pielnet.fr\/carnet\/wp-content\/uploads\/2024\/11\/page_tetrashiver.webp\",\"width\":1080,\"height\":720,\"caption\":\"T\u00e9tras des Vosges\"},{\"@type\":\"BreadcrumbList\",\"@id\":\"https:\/\/www.pielnet.fr\/carnet\/quietude-attitude-dans-les-vosges\/#breadcrumb\",\"itemListElement\":[{\"@type\":\"ListItem\",\"position\":1,\"name\":\"Accueil\",\"item\":\"https:\/\/www.pielnet.fr\/carnet\/\"},{\"@type\":\"ListItem\",\"position\":2,\"name\":\"Dans les Vosges, randonner autrement pour laisser la faune tranquille\"}]},{\"@type\":\"WebSite\",\"@id\":\"https:\/\/www.pielnet.fr\/carnet\/#website\",\"url\":\"https:\/\/www.pielnet.fr\/carnet\/\",\"name\":\"le carnet - Piel\",\"description\":\"R\u00e9cits &amp; Territoires - Raconter en images les r\u00e9cits du sensible\",\"publisher\":{\"@id\":\"https:\/\/www.pielnet.fr\/carnet\/#\/schema\/person\/7c09d20dd138514cf3647ce37f1f755d\"},\"potentialAction\":[{\"@type\":\"SearchAction\",\"target\":{\"@type\":\"EntryPoint\",\"urlTemplate\":\"https:\/\/www.pielnet.fr\/carnet\/?s={search_term_string}\"},\"query-input\":{\"@type\":\"PropertyValueSpecification\",\"valueRequired\":true,\"valueName\":\"search_term_string\"}}],\"inLanguage\":\"fr-FR\"},{\"@type\":[\"Person\",\"Organization\"],\"@id\":\"https:\/\/www.pielnet.fr\/carnet\/#\/schema\/person\/7c09d20dd138514cf3647ce37f1f755d\",\"name\":\"arnopiel\",\"image\":{\"@type\":\"ImageObject\",\"inLanguage\":\"fr-FR\",\"@id\":\"https:\/\/www.pielnet.fr\/carnet\/#\/schema\/person\/image\/\",\"url\":\"https:\/\/www.pielnet.fr\/carnet\/wp-content\/uploads\/2021\/01\/IMG_20201212_150932.jpg\",\"contentUrl\":\"https:\/\/www.pielnet.fr\/carnet\/wp-content\/uploads\/2021\/01\/IMG_20201212_150932.jpg\",\"width\":1432,\"height\":1432,\"caption\":\"arnopiel\"},\"logo\":{\"@id\":\"https:\/\/www.pielnet.fr\/carnet\/#\/schema\/person\/image\/\"}}]}<\/script>\n<!-- \/ Yoast SEO plugin. -->","yoast_head_json":{"title":"Dans les Vosges, randonner autrement pour laisser la faune tranquille - le carnet - Piel","description":"Qui\u00e9tude attitude dans les Vosges","robots":{"index":"index","follow":"follow","max-snippet":"max-snippet:-1","max-image-preview":"max-image-preview:large","max-video-preview":"max-video-preview:-1"},"canonical":"https:\/\/www.pielnet.fr\/carnet\/quietude-attitude-dans-les-vosges\/","og_locale":"fr_FR","og_type":"article","og_title":"Dans les Vosges, randonner autrement pour laisser la faune tranquille - le carnet - Piel","og_description":"Qui\u00e9tude attitude dans les Vosges","og_url":"https:\/\/www.pielnet.fr\/carnet\/quietude-attitude-dans-les-vosges\/","og_site_name":"le carnet - Piel","article_published_time":"2024-11-14T08:25:59+00:00","article_modified_time":"2026-01-10T18:15:17+00:00","og_image":[{"width":1080,"height":720,"url":"https:\/\/www.pielnet.fr\/carnet\/wp-content\/uploads\/2024\/11\/page_tetrashiver.webp","type":"image\/webp"}],"author":"arnopiel","twitter_card":"summary_large_image","twitter_misc":{"\u00c9crit par":"arnopiel","Dur\u00e9e de lecture estim\u00e9e":"4 minutes"},"schema":{"@context":"https:\/\/schema.org","@graph":[{"@type":"Article","@id":"https:\/\/www.pielnet.fr\/carnet\/quietude-attitude-dans-les-vosges\/#article","isPartOf":{"@id":"https:\/\/www.pielnet.fr\/carnet\/quietude-attitude-dans-les-vosges\/"},"author":{"name":"arnopiel","@id":"https:\/\/www.pielnet.fr\/carnet\/#\/schema\/person\/7c09d20dd138514cf3647ce37f1f755d"},"headline":"Dans les Vosges, randonner autrement pour laisser la faune tranquille","datePublished":"2024-11-14T08:25:59+00:00","dateModified":"2026-01-10T18:15:17+00:00","mainEntityOfPage":{"@id":"https:\/\/www.pielnet.fr\/carnet\/quietude-attitude-dans-les-vosges\/"},"wordCount":753,"commentCount":0,"publisher":{"@id":"https:\/\/www.pielnet.fr\/carnet\/#\/schema\/person\/7c09d20dd138514cf3647ce37f1f755d"},"image":{"@id":"https:\/\/www.pielnet.fr\/carnet\/quietude-attitude-dans-les-vosges\/#primaryimage"},"thumbnailUrl":"https:\/\/www.pielnet.fr\/carnet\/wp-content\/uploads\/2024\/11\/page_tetrashiver.webp","articleSection":["Doc","Films"],"inLanguage":"fr-FR","potentialAction":[{"@type":"CommentAction","name":"Comment","target":["https:\/\/www.pielnet.fr\/carnet\/quietude-attitude-dans-les-vosges\/#respond"]}]},{"@type":"WebPage","@id":"https:\/\/www.pielnet.fr\/carnet\/quietude-attitude-dans-les-vosges\/","url":"https:\/\/www.pielnet.fr\/carnet\/quietude-attitude-dans-les-vosges\/","name":"Dans les Vosges, randonner autrement pour laisser la faune tranquille - le carnet - Piel","isPartOf":{"@id":"https:\/\/www.pielnet.fr\/carnet\/#website"},"primaryImageOfPage":{"@id":"https:\/\/www.pielnet.fr\/carnet\/quietude-attitude-dans-les-vosges\/#primaryimage"},"image":{"@id":"https:\/\/www.pielnet.fr\/carnet\/quietude-attitude-dans-les-vosges\/#primaryimage"},"thumbnailUrl":"https:\/\/www.pielnet.fr\/carnet\/wp-content\/uploads\/2024\/11\/page_tetrashiver.webp","datePublished":"2024-11-14T08:25:59+00:00","dateModified":"2026-01-10T18:15:17+00:00","description":"Qui\u00e9tude attitude dans les Vosges","breadcrumb":{"@id":"https:\/\/www.pielnet.fr\/carnet\/quietude-attitude-dans-les-vosges\/#breadcrumb"},"inLanguage":"fr-FR","potentialAction":[{"@type":"ReadAction","target":["https:\/\/www.pielnet.fr\/carnet\/quietude-attitude-dans-les-vosges\/"]}]},{"@type":"ImageObject","inLanguage":"fr-FR","@id":"https:\/\/www.pielnet.fr\/carnet\/quietude-attitude-dans-les-vosges\/#primaryimage","url":"https:\/\/www.pielnet.fr\/carnet\/wp-content\/uploads\/2024\/11\/page_tetrashiver.webp","contentUrl":"https:\/\/www.pielnet.fr\/carnet\/wp-content\/uploads\/2024\/11\/page_tetrashiver.webp","width":1080,"height":720,"caption":"T\u00e9tras des Vosges"},{"@type":"BreadcrumbList","@id":"https:\/\/www.pielnet.fr\/carnet\/quietude-attitude-dans-les-vosges\/#breadcrumb","itemListElement":[{"@type":"ListItem","position":1,"name":"Accueil","item":"https:\/\/www.pielnet.fr\/carnet\/"},{"@type":"ListItem","position":2,"name":"Dans les Vosges, randonner autrement pour laisser la faune tranquille"}]},{"@type":"WebSite","@id":"https:\/\/www.pielnet.fr\/carnet\/#website","url":"https:\/\/www.pielnet.fr\/carnet\/","name":"le carnet - Piel","description":"R\u00e9cits &amp; Territoires - Raconter en images les r\u00e9cits du sensible","publisher":{"@id":"https:\/\/www.pielnet.fr\/carnet\/#\/schema\/person\/7c09d20dd138514cf3647ce37f1f755d"},"potentialAction":[{"@type":"SearchAction","target":{"@type":"EntryPoint","urlTemplate":"https:\/\/www.pielnet.fr\/carnet\/?s={search_term_string}"},"query-input":{"@type":"PropertyValueSpecification","valueRequired":true,"valueName":"search_term_string"}}],"inLanguage":"fr-FR"},{"@type":["Person","Organization"],"@id":"https:\/\/www.pielnet.fr\/carnet\/#\/schema\/person\/7c09d20dd138514cf3647ce37f1f755d","name":"arnopiel","image":{"@type":"ImageObject","inLanguage":"fr-FR","@id":"https:\/\/www.pielnet.fr\/carnet\/#\/schema\/person\/image\/","url":"https:\/\/www.pielnet.fr\/carnet\/wp-content\/uploads\/2021\/01\/IMG_20201212_150932.jpg","contentUrl":"https:\/\/www.pielnet.fr\/carnet\/wp-content\/uploads\/2021\/01\/IMG_20201212_150932.jpg","width":1432,"height":1432,"caption":"arnopiel"},"logo":{"@id":"https:\/\/www.pielnet.fr\/carnet\/#\/schema\/person\/image\/"}}]}},"_links":{"self":[{"href":"https:\/\/www.pielnet.fr\/carnet\/wp-json\/wp\/v2\/posts\/3288","targetHints":{"allow":["GET"]}}],"collection":[{"href":"https:\/\/www.pielnet.fr\/carnet\/wp-json\/wp\/v2\/posts"}],"about":[{"href":"https:\/\/www.pielnet.fr\/carnet\/wp-json\/wp\/v2\/types\/post"}],"author":[{"embeddable":true,"href":"https:\/\/www.pielnet.fr\/carnet\/wp-json\/wp\/v2\/users\/1"}],"replies":[{"embeddable":true,"href":"https:\/\/www.pielnet.fr\/carnet\/wp-json\/wp\/v2\/comments?post=3288"}],"version-history":[{"count":6,"href":"https:\/\/www.pielnet.fr\/carnet\/wp-json\/wp\/v2\/posts\/3288\/revisions"}],"predecessor-version":[{"id":3529,"href":"https:\/\/www.pielnet.fr\/carnet\/wp-json\/wp\/v2\/posts\/3288\/revisions\/3529"}],"wp:featuredmedia":[{"embeddable":true,"href":"https:\/\/www.pielnet.fr\/carnet\/wp-json\/wp\/v2\/media\/3289"}],"wp:attachment":[{"href":"https:\/\/www.pielnet.fr\/carnet\/wp-json\/wp\/v2\/media?parent=3288"}],"wp:term":[{"taxonomy":"category","embeddable":true,"href":"https:\/\/www.pielnet.fr\/carnet\/wp-json\/wp\/v2\/categories?post=3288"},{"taxonomy":"post_tag","embeddable":true,"href":"https:\/\/www.pielnet.fr\/carnet\/wp-json\/wp\/v2\/tags?post=3288"}],"curies":[{"name":"wp","href":"https:\/\/api.w.org\/{rel}","templated":true}]}}