{"id":3256,"date":"2024-05-13T07:52:54","date_gmt":"2024-05-13T06:52:54","guid":{"rendered":"https:\/\/www.pielnet.fr\/carnet\/?p=3256"},"modified":"2026-01-14T17:25:17","modified_gmt":"2026-01-14T16:25:17","slug":"la-part-du-paysage","status":"publish","type":"post","link":"https:\/\/www.pielnet.fr\/carnet\/la-part-du-paysage\/","title":{"rendered":"La part du Paysage &#8211; bient\u00f4t"},"content":{"rendered":"\n<figure class=\"wp-block-embed is-type-video is-provider-youtube wp-block-embed-youtube wp-embed-aspect-16-9 wp-has-aspect-ratio\"><div class=\"wp-block-embed__wrapper\">\n<iframe loading=\"lazy\" title=\"Pitch Arno LA PART DU PAYSAGE - Bient\u00f4t !\" width=\"500\" height=\"281\" src=\"https:\/\/www.youtube.com\/embed\/l0Tes1yOi8c?feature=oembed\" frameborder=\"0\" allow=\"accelerometer; autoplay; clipboard-write; encrypted-media; gyroscope; picture-in-picture; web-share\" referrerpolicy=\"strict-origin-when-cross-origin\" allowfullscreen><\/iframe>\n<\/div><figcaption class=\"wp-element-caption\">Pitch Arnaud Lien pour vous pr\u00e9-inscrire \u00e0 la future campagne KissKissBankBank :<br><a href=\"https:\/\/www.kisskissbankbank.com\/fr\/projects\/la-part-du-paysage\" target=\"_blank\" rel=\"noreferrer noopener\">https:\/\/www.kisskissbankbank.com\/fr\/projects\/la-part-du-paysage<\/a><\/figcaption><\/figure>\n\n\n\n<figure class=\"wp-block-image size-large\"><a href=\"https:\/\/www.pielnet.fr\/carnet\/wp-content\/uploads\/2024\/05\/France-relief-2-SD7.png\"><img loading=\"lazy\" decoding=\"async\" width=\"1006\" height=\"1024\" src=\"https:\/\/www.pielnet.fr\/carnet\/wp-content\/uploads\/2024\/05\/France-relief-2-SD7-1006x1024.png\" alt=\"\" class=\"wp-image-3554\" srcset=\"https:\/\/www.pielnet.fr\/carnet\/wp-content\/uploads\/2024\/05\/France-relief-2-SD7-1006x1024.png 1006w, https:\/\/www.pielnet.fr\/carnet\/wp-content\/uploads\/2024\/05\/France-relief-2-SD7-295x300.png 295w, https:\/\/www.pielnet.fr\/carnet\/wp-content\/uploads\/2024\/05\/France-relief-2-SD7-768x782.png 768w, https:\/\/www.pielnet.fr\/carnet\/wp-content\/uploads\/2024\/05\/France-relief-2-SD7-50x50.png 50w, https:\/\/www.pielnet.fr\/carnet\/wp-content\/uploads\/2024\/05\/France-relief-2-SD7.png 1330w\" sizes=\"auto, (max-width: 1006px) 100vw, 1006px\" \/><\/a><\/figure>\n\n\n\n<h1 class=\"wp-block-heading\">LA PART DU PAYSAGE<\/h1>\n\n\n\n<p>S\u00e9rie documentaire d\u2019Arnaud Jamin<\/p>\n\n\n\n<p>avec l\u2019appui des Parcs naturels r\u00e9gionaux de France<\/p>\n\n\n\n<p><br>Le tout r\u00e9cent film PAYSAGE pour les 30 ans de la loi paysage, floril\u00e8ge de mes sept ans de travaux audiovisuels avec les Parcs naturels, qui donne le ton du film \u201cla part du paysage\u201d est l\u00e0&nbsp; : <\/p>\n\n\n\n<figure class=\"wp-block-embed is-type-video is-provider-youtube wp-block-embed-youtube wp-embed-aspect-16-9 wp-has-aspect-ratio\"><div class=\"wp-block-embed__wrapper\">\n<iframe loading=\"lazy\" title=\"Hors-s\u00e9rie :  30 ans de la loi Paysage\" width=\"500\" height=\"281\" src=\"https:\/\/www.youtube.com\/embed\/fYIG_QeCS1g?feature=oembed\" frameborder=\"0\" allow=\"accelerometer; autoplay; clipboard-write; encrypted-media; gyroscope; picture-in-picture; web-share\" referrerpolicy=\"strict-origin-when-cross-origin\" allowfullscreen><\/iframe>\n<\/div><figcaption class=\"wp-element-caption\">30 ans de la loi paysage<\/figcaption><\/figure>\n\n\n\n<p>Un best-of Inventer Demain :<\/p>\n\n\n\n<figure class=\"wp-block-embed is-type-video is-provider-youtube wp-block-embed-youtube wp-embed-aspect-16-9 wp-has-aspect-ratio\"><div class=\"wp-block-embed__wrapper\">\n<iframe loading=\"lazy\" title=\"BEST OF Inventer Demain HD\" width=\"500\" height=\"281\" src=\"https:\/\/www.youtube.com\/embed\/IXtF5Uj21rk?feature=oembed\" frameborder=\"0\" allow=\"accelerometer; autoplay; clipboard-write; encrypted-media; gyroscope; picture-in-picture; web-share\" referrerpolicy=\"strict-origin-when-cross-origin\" allowfullscreen><\/iframe>\n<\/div><figcaption class=\"wp-element-caption\">Best of Inventer Demain<\/figcaption><\/figure>\n\n\n\n<figure class=\"wp-block-image size-large\"><a href=\"https:\/\/www.pielnet.fr\/carnet\/wp-content\/uploads\/2024\/05\/LAPARTduPAYSAGEexpand.png\"><img loading=\"lazy\" decoding=\"async\" width=\"1024\" height=\"585\" src=\"https:\/\/www.pielnet.fr\/carnet\/wp-content\/uploads\/2024\/05\/LAPARTduPAYSAGEexpand-1024x585.png\" alt=\"La part du Paysage un film d'Arnaud Jamin\" class=\"wp-image-3257\" srcset=\"https:\/\/www.pielnet.fr\/carnet\/wp-content\/uploads\/2024\/05\/LAPARTduPAYSAGEexpand-1024x585.png 1024w, https:\/\/www.pielnet.fr\/carnet\/wp-content\/uploads\/2024\/05\/LAPARTduPAYSAGEexpand-300x171.png 300w, https:\/\/www.pielnet.fr\/carnet\/wp-content\/uploads\/2024\/05\/LAPARTduPAYSAGEexpand-768x439.png 768w, https:\/\/www.pielnet.fr\/carnet\/wp-content\/uploads\/2024\/05\/LAPARTduPAYSAGEexpand-1536x878.png 1536w, https:\/\/www.pielnet.fr\/carnet\/wp-content\/uploads\/2024\/05\/LAPARTduPAYSAGEexpand.png 1792w\" sizes=\"auto, (max-width: 1024px) 100vw, 1024px\" \/><\/a><figcaption class=\"wp-element-caption\">La part du Paysage<\/figcaption><\/figure>\n\n\n\n<p>C\u2019est l\u2019histoire de Piel, citadin qui vit dans un monde virtuel, hyper-connect\u00e9 et m\u00eame assist\u00e9 par une intelligence artificielle effective et qui se pose des questions, recherche un \u00e9quilibre, d\u00e9cide un jour de tout plaquer pour partir sur les routes de France qu\u2019il va traverser \u00e0 pieds, \u00e0 v\u00e9lo, \u00e0 dos d\u2019\u00e2ne&#8230; Piel vit sa transition, sa transformation et apr\u00e8s plusieurs exp\u00e9riences concr\u00e8tes dans le monde r\u00e9el, finit par vivre en coh\u00e9rence avec lui-m\u00eame et son milieu; son paysage.<\/p>\n\n\n\n<p>le Pitch :<\/p>\n\n\n\n<p>Moi, c\u2019est Piel, la trentaine, jeune papa et enfin d\u00e9cid\u00e9 \u00e0 habiter cette terre. Mais o\u00f9 et comment habiter ? Comment habiter le paysage, mon paysage ? Et le paysage, tiens, est-ce une carte postale ou, au-del\u00e0, tout ce qui m&rsquo;entoure ? Et peut-\u00eatre m\u00eame une seconde peau ? c\u2019est d\u00e9cid\u00e9, je quitte la ville et pars l\u00e0 o\u00f9 j&rsquo;ai le plus de chances de trouver ce que je cherche : sur les routes de France, \u00e0 travers les Parcs naturels, d\u00e9cid\u00e9 \u00e0 m\u2019inspirer, \u00e0 me nourrir, \u00e0 comprendre pourquoi et comment je r\u00e9sonne avec mon milieu pour mieux habiter mon paysage, savoir qui je suis et o\u00f9 et comment j\u2019ai envie de voir grandir mon fils.<\/p>\n\n\n\n<figure class=\"wp-block-image size-full\"><a href=\"https:\/\/www.pielnet.fr\/carnet\/wp-content\/uploads\/2024\/05\/Capture-decran-2024-01-17-075058.png\"><img loading=\"lazy\" decoding=\"async\" width=\"873\" height=\"367\" src=\"https:\/\/www.pielnet.fr\/carnet\/wp-content\/uploads\/2024\/05\/Capture-decran-2024-01-17-075058.png\" alt=\"\" class=\"wp-image-3258\" srcset=\"https:\/\/www.pielnet.fr\/carnet\/wp-content\/uploads\/2024\/05\/Capture-decran-2024-01-17-075058.png 873w, https:\/\/www.pielnet.fr\/carnet\/wp-content\/uploads\/2024\/05\/Capture-decran-2024-01-17-075058-300x126.png 300w, https:\/\/www.pielnet.fr\/carnet\/wp-content\/uploads\/2024\/05\/Capture-decran-2024-01-17-075058-768x323.png 768w\" sizes=\"auto, (max-width: 873px) 100vw, 873px\" \/><\/a><\/figure>\n\n\n\n<p>Vous est-il d\u00e9j\u00e0 arriv\u00e9 cette chose \u00e9trange, une manifestation physique, une chose qui se r\u00e9v\u00e8le, sous vos yeux, comme une \u00e9vidence ? \u00c7a m&rsquo;est arriv\u00e9 un jour et \u00e7a m&rsquo;a chang\u00e9 la vie : c&rsquo;\u00e9tait l&rsquo;ann\u00e9e du bac, une ann\u00e9e pleine, pleine de tout, un tout \u00e9motionnel, mental\u2026 beaucoup trop, s\u00fbrement. Je vivais alors en Bretagne et pour \u00e9vacuer ce trop-plein j&rsquo;avais pris l&rsquo;habitude d&rsquo;aller marcher sur la plage, puis de monter au Cap Fr\u00e9hel, le visage au vent, sentir le brise sur ma peau, les embruns avaient ce pouvoir de me changer les id\u00e9es, de me revigorer. J&rsquo;ai remarqu\u00e9, lors d&rsquo;un retour d&rsquo;une de ces balades salvatrices, empruntant le m\u00eame chemin, suivant les traces de pas laiss\u00e9s sur le sable \u00e0 l&rsquo;aller, que mes traces du retour \u00e9taient moins profondes&#8230; c&rsquo;\u00e9tait clair j&rsquo;\u00e9tais plus l\u00e9ger\u2026 mon empreinte sur le paysage \u00e9tait moindre.<\/p>\n\n\n\n<p>Lien pour vous pr\u00e9inscrire \u00e0 la future campagne KissKissBankBank :<\/p>\n\n\n\n<p><span><font color=\"#888888\"><font color=\"#888888\"><span><font color=\"#888888\"><a href=\"https:\/\/www.kisskissbankbank.com\/fr\/projects\/la-part-du-paysage\" target=\"_blank\" rel=\"noopener\"><span class=\"gmail_default\" style=\"font-family: verdana, sans-serif;\"><\/span>https:\/\/www.kisskissbankbank.com\/fr\/projects\/la-part-du-paysage<\/a><\/font><\/span><\/font><\/font><\/span><\/p>\n\n\n\n<p><\/p>\n","protected":false},"excerpt":{"rendered":"<p>LA PART DU PAYSAGE S\u00e9rie documentaire d\u2019Arnaud Jamin avec l\u2019appui des Parcs naturels r\u00e9gionaux de France Le tout r\u00e9cent film PAYSAGE pour les 30 ans de la loi paysage, floril\u00e8ge de mes sept ans de travaux audiovisuels avec les Parcs naturels, qui donne le ton du film \u201cla part du paysage\u201d est l\u00e0&nbsp; : Un [&hellip;]<\/p>\n","protected":false},"author":1,"featured_media":3281,"comment_status":"open","ping_status":"open","sticky":true,"template":"","format":"standard","meta":{"footnotes":""},"categories":[20,472,69],"tags":[],"class_list":["post-3256","post","type-post","status-publish","format-standard","has-post-thumbnail","hentry","category-a-noter","category-doc","category-films"],"yoast_head":"<!-- This site is optimized with the Yoast SEO plugin v26.7 - https:\/\/yoast.com\/wordpress\/plugins\/seo\/ -->\n<title>La part du Paysage - bient\u00f4t - le carnet - Piel<\/title>\n<meta name=\"description\" content=\"la part du paysage un film d&#039;Arnaud Jamin, bient\u00f4t ! C\u2019est l\u2019histoire de Piel, citadin qui vit dans un monde virtuel, hyper-connect\u00e9 et m\u00eame assist\u00e9 par une intelligence artificielle effective et qui se pose des questions, recherche un \u00e9quilibre, d\u00e9cide un jour de tout plaquer pour partir sur les routes de France qu\u2019il va traverser \u00e0 pieds, \u00e0 v\u00e9lo, \u00e0 dos d\u2019\u00e2ne... Piel vit sa transition, sa transformation et apr\u00e8s plusieurs exp\u00e9riences concr\u00e8tes dans le monde r\u00e9el, finit par vivre en coh\u00e9rence avec lui-m\u00eame et son milieu; son paysage.\" \/>\n<meta name=\"robots\" content=\"index, follow, max-snippet:-1, max-image-preview:large, max-video-preview:-1\" \/>\n<link rel=\"canonical\" href=\"https:\/\/www.pielnet.fr\/carnet\/la-part-du-paysage\/\" \/>\n<meta property=\"og:locale\" content=\"fr_FR\" \/>\n<meta property=\"og:type\" content=\"article\" \/>\n<meta property=\"og:title\" content=\"La part du Paysage - bient\u00f4t - le carnet - Piel\" \/>\n<meta property=\"og:description\" content=\"la part du paysage un film d&#039;Arnaud Jamin, bient\u00f4t ! C\u2019est l\u2019histoire de Piel, citadin qui vit dans un monde virtuel, hyper-connect\u00e9 et m\u00eame assist\u00e9 par une intelligence artificielle effective et qui se pose des questions, recherche un \u00e9quilibre, d\u00e9cide un jour de tout plaquer pour partir sur les routes de France qu\u2019il va traverser \u00e0 pieds, \u00e0 v\u00e9lo, \u00e0 dos d\u2019\u00e2ne... Piel vit sa transition, sa transformation et apr\u00e8s plusieurs exp\u00e9riences concr\u00e8tes dans le monde r\u00e9el, finit par vivre en coh\u00e9rence avec lui-m\u00eame et son milieu; son paysage.\" \/>\n<meta property=\"og:url\" content=\"https:\/\/www.pielnet.fr\/carnet\/la-part-du-paysage\/\" \/>\n<meta property=\"og:site_name\" content=\"le carnet - Piel\" \/>\n<meta property=\"article:published_time\" content=\"2024-05-13T06:52:54+00:00\" \/>\n<meta property=\"article:modified_time\" content=\"2026-01-14T16:25:17+00:00\" \/>\n<meta property=\"og:image\" content=\"https:\/\/www.pielnet.fr\/carnet\/wp-content\/uploads\/2024\/09\/IMG-20240921-WA0000.jpg\" \/>\n\t<meta property=\"og:image:width\" content=\"1600\" \/>\n\t<meta property=\"og:image:height\" content=\"1200\" \/>\n\t<meta property=\"og:image:type\" content=\"image\/jpeg\" \/>\n<meta name=\"author\" content=\"arnopiel\" \/>\n<meta name=\"twitter:card\" content=\"summary_large_image\" \/>\n<meta name=\"twitter:label1\" content=\"\u00c9crit par\" \/>\n\t<meta name=\"twitter:data1\" content=\"arnopiel\" \/>\n\t<meta name=\"twitter:label2\" content=\"Dur\u00e9e de lecture estim\u00e9e\" \/>\n\t<meta name=\"twitter:data2\" content=\"4 minutes\" \/>\n<script type=\"application\/ld+json\" class=\"yoast-schema-graph\">{\"@context\":\"https:\/\/schema.org\",\"@graph\":[{\"@type\":\"Article\",\"@id\":\"https:\/\/www.pielnet.fr\/carnet\/la-part-du-paysage\/#article\",\"isPartOf\":{\"@id\":\"https:\/\/www.pielnet.fr\/carnet\/la-part-du-paysage\/\"},\"author\":{\"name\":\"arnopiel\",\"@id\":\"https:\/\/www.pielnet.fr\/carnet\/#\/schema\/person\/7c09d20dd138514cf3647ce37f1f755d\"},\"headline\":\"La part du Paysage &#8211; bient\u00f4t\",\"datePublished\":\"2024-05-13T06:52:54+00:00\",\"dateModified\":\"2026-01-14T16:25:17+00:00\",\"mainEntityOfPage\":{\"@id\":\"https:\/\/www.pielnet.fr\/carnet\/la-part-du-paysage\/\"},\"wordCount\":518,\"commentCount\":0,\"publisher\":{\"@id\":\"https:\/\/www.pielnet.fr\/carnet\/#\/schema\/person\/7c09d20dd138514cf3647ce37f1f755d\"},\"image\":{\"@id\":\"https:\/\/www.pielnet.fr\/carnet\/la-part-du-paysage\/#primaryimage\"},\"thumbnailUrl\":\"https:\/\/www.pielnet.fr\/carnet\/wp-content\/uploads\/2024\/09\/IMG-20240921-WA0000.jpg\",\"articleSection\":[\"A noter\",\"Doc\",\"Films\"],\"inLanguage\":\"fr-FR\",\"potentialAction\":[{\"@type\":\"CommentAction\",\"name\":\"Comment\",\"target\":[\"https:\/\/www.pielnet.fr\/carnet\/la-part-du-paysage\/#respond\"]}]},{\"@type\":\"WebPage\",\"@id\":\"https:\/\/www.pielnet.fr\/carnet\/la-part-du-paysage\/\",\"url\":\"https:\/\/www.pielnet.fr\/carnet\/la-part-du-paysage\/\",\"name\":\"La part du Paysage - bient\u00f4t - le carnet - Piel\",\"isPartOf\":{\"@id\":\"https:\/\/www.pielnet.fr\/carnet\/#website\"},\"primaryImageOfPage\":{\"@id\":\"https:\/\/www.pielnet.fr\/carnet\/la-part-du-paysage\/#primaryimage\"},\"image\":{\"@id\":\"https:\/\/www.pielnet.fr\/carnet\/la-part-du-paysage\/#primaryimage\"},\"thumbnailUrl\":\"https:\/\/www.pielnet.fr\/carnet\/wp-content\/uploads\/2024\/09\/IMG-20240921-WA0000.jpg\",\"datePublished\":\"2024-05-13T06:52:54+00:00\",\"dateModified\":\"2026-01-14T16:25:17+00:00\",\"description\":\"la part du paysage un film d'Arnaud Jamin, bient\u00f4t ! C\u2019est l\u2019histoire de Piel, citadin qui vit dans un monde virtuel, hyper-connect\u00e9 et m\u00eame assist\u00e9 par une intelligence artificielle effective et qui se pose des questions, recherche un \u00e9quilibre, d\u00e9cide un jour de tout plaquer pour partir sur les routes de France qu\u2019il va traverser \u00e0 pieds, \u00e0 v\u00e9lo, \u00e0 dos d\u2019\u00e2ne... Piel vit sa transition, sa transformation et apr\u00e8s plusieurs exp\u00e9riences concr\u00e8tes dans le monde r\u00e9el, finit par vivre en coh\u00e9rence avec lui-m\u00eame et son milieu; son paysage.\",\"breadcrumb\":{\"@id\":\"https:\/\/www.pielnet.fr\/carnet\/la-part-du-paysage\/#breadcrumb\"},\"inLanguage\":\"fr-FR\",\"potentialAction\":[{\"@type\":\"ReadAction\",\"target\":[\"https:\/\/www.pielnet.fr\/carnet\/la-part-du-paysage\/\"]}]},{\"@type\":\"ImageObject\",\"inLanguage\":\"fr-FR\",\"@id\":\"https:\/\/www.pielnet.fr\/carnet\/la-part-du-paysage\/#primaryimage\",\"url\":\"https:\/\/www.pielnet.fr\/carnet\/wp-content\/uploads\/2024\/09\/IMG-20240921-WA0000.jpg\",\"contentUrl\":\"https:\/\/www.pielnet.fr\/carnet\/wp-content\/uploads\/2024\/09\/IMG-20240921-WA0000.jpg\",\"width\":1600,\"height\":1200,\"caption\":\"LA PART DU PAYSAGE pitch 1\"},{\"@type\":\"BreadcrumbList\",\"@id\":\"https:\/\/www.pielnet.fr\/carnet\/la-part-du-paysage\/#breadcrumb\",\"itemListElement\":[{\"@type\":\"ListItem\",\"position\":1,\"name\":\"Accueil\",\"item\":\"https:\/\/www.pielnet.fr\/carnet\/\"},{\"@type\":\"ListItem\",\"position\":2,\"name\":\"La part du Paysage &#8211; bient\u00f4t\"}]},{\"@type\":\"WebSite\",\"@id\":\"https:\/\/www.pielnet.fr\/carnet\/#website\",\"url\":\"https:\/\/www.pielnet.fr\/carnet\/\",\"name\":\"le carnet - Piel\",\"description\":\"R\u00e9cits &amp; Territoires - Raconter en images les r\u00e9cits du sensible\",\"publisher\":{\"@id\":\"https:\/\/www.pielnet.fr\/carnet\/#\/schema\/person\/7c09d20dd138514cf3647ce37f1f755d\"},\"potentialAction\":[{\"@type\":\"SearchAction\",\"target\":{\"@type\":\"EntryPoint\",\"urlTemplate\":\"https:\/\/www.pielnet.fr\/carnet\/?s={search_term_string}\"},\"query-input\":{\"@type\":\"PropertyValueSpecification\",\"valueRequired\":true,\"valueName\":\"search_term_string\"}}],\"inLanguage\":\"fr-FR\"},{\"@type\":[\"Person\",\"Organization\"],\"@id\":\"https:\/\/www.pielnet.fr\/carnet\/#\/schema\/person\/7c09d20dd138514cf3647ce37f1f755d\",\"name\":\"arnopiel\",\"image\":{\"@type\":\"ImageObject\",\"inLanguage\":\"fr-FR\",\"@id\":\"https:\/\/www.pielnet.fr\/carnet\/#\/schema\/person\/image\/\",\"url\":\"https:\/\/www.pielnet.fr\/carnet\/wp-content\/uploads\/2021\/01\/IMG_20201212_150932.jpg\",\"contentUrl\":\"https:\/\/www.pielnet.fr\/carnet\/wp-content\/uploads\/2021\/01\/IMG_20201212_150932.jpg\",\"width\":1432,\"height\":1432,\"caption\":\"arnopiel\"},\"logo\":{\"@id\":\"https:\/\/www.pielnet.fr\/carnet\/#\/schema\/person\/image\/\"}}]}<\/script>\n<!-- \/ Yoast SEO plugin. -->","yoast_head_json":{"title":"La part du Paysage - bient\u00f4t - le carnet - Piel","description":"la part du paysage un film d'Arnaud Jamin, bient\u00f4t ! C\u2019est l\u2019histoire de Piel, citadin qui vit dans un monde virtuel, hyper-connect\u00e9 et m\u00eame assist\u00e9 par une intelligence artificielle effective et qui se pose des questions, recherche un \u00e9quilibre, d\u00e9cide un jour de tout plaquer pour partir sur les routes de France qu\u2019il va traverser \u00e0 pieds, \u00e0 v\u00e9lo, \u00e0 dos d\u2019\u00e2ne... Piel vit sa transition, sa transformation et apr\u00e8s plusieurs exp\u00e9riences concr\u00e8tes dans le monde r\u00e9el, finit par vivre en coh\u00e9rence avec lui-m\u00eame et son milieu; son paysage.","robots":{"index":"index","follow":"follow","max-snippet":"max-snippet:-1","max-image-preview":"max-image-preview:large","max-video-preview":"max-video-preview:-1"},"canonical":"https:\/\/www.pielnet.fr\/carnet\/la-part-du-paysage\/","og_locale":"fr_FR","og_type":"article","og_title":"La part du Paysage - bient\u00f4t - le carnet - Piel","og_description":"la part du paysage un film d'Arnaud Jamin, bient\u00f4t ! C\u2019est l\u2019histoire de Piel, citadin qui vit dans un monde virtuel, hyper-connect\u00e9 et m\u00eame assist\u00e9 par une intelligence artificielle effective et qui se pose des questions, recherche un \u00e9quilibre, d\u00e9cide un jour de tout plaquer pour partir sur les routes de France qu\u2019il va traverser \u00e0 pieds, \u00e0 v\u00e9lo, \u00e0 dos d\u2019\u00e2ne... Piel vit sa transition, sa transformation et apr\u00e8s plusieurs exp\u00e9riences concr\u00e8tes dans le monde r\u00e9el, finit par vivre en coh\u00e9rence avec lui-m\u00eame et son milieu; son paysage.","og_url":"https:\/\/www.pielnet.fr\/carnet\/la-part-du-paysage\/","og_site_name":"le carnet - Piel","article_published_time":"2024-05-13T06:52:54+00:00","article_modified_time":"2026-01-14T16:25:17+00:00","og_image":[{"width":1600,"height":1200,"url":"https:\/\/www.pielnet.fr\/carnet\/wp-content\/uploads\/2024\/09\/IMG-20240921-WA0000.jpg","type":"image\/jpeg"}],"author":"arnopiel","twitter_card":"summary_large_image","twitter_misc":{"\u00c9crit par":"arnopiel","Dur\u00e9e de lecture estim\u00e9e":"4 minutes"},"schema":{"@context":"https:\/\/schema.org","@graph":[{"@type":"Article","@id":"https:\/\/www.pielnet.fr\/carnet\/la-part-du-paysage\/#article","isPartOf":{"@id":"https:\/\/www.pielnet.fr\/carnet\/la-part-du-paysage\/"},"author":{"name":"arnopiel","@id":"https:\/\/www.pielnet.fr\/carnet\/#\/schema\/person\/7c09d20dd138514cf3647ce37f1f755d"},"headline":"La part du Paysage &#8211; bient\u00f4t","datePublished":"2024-05-13T06:52:54+00:00","dateModified":"2026-01-14T16:25:17+00:00","mainEntityOfPage":{"@id":"https:\/\/www.pielnet.fr\/carnet\/la-part-du-paysage\/"},"wordCount":518,"commentCount":0,"publisher":{"@id":"https:\/\/www.pielnet.fr\/carnet\/#\/schema\/person\/7c09d20dd138514cf3647ce37f1f755d"},"image":{"@id":"https:\/\/www.pielnet.fr\/carnet\/la-part-du-paysage\/#primaryimage"},"thumbnailUrl":"https:\/\/www.pielnet.fr\/carnet\/wp-content\/uploads\/2024\/09\/IMG-20240921-WA0000.jpg","articleSection":["A noter","Doc","Films"],"inLanguage":"fr-FR","potentialAction":[{"@type":"CommentAction","name":"Comment","target":["https:\/\/www.pielnet.fr\/carnet\/la-part-du-paysage\/#respond"]}]},{"@type":"WebPage","@id":"https:\/\/www.pielnet.fr\/carnet\/la-part-du-paysage\/","url":"https:\/\/www.pielnet.fr\/carnet\/la-part-du-paysage\/","name":"La part du Paysage - bient\u00f4t - le carnet - Piel","isPartOf":{"@id":"https:\/\/www.pielnet.fr\/carnet\/#website"},"primaryImageOfPage":{"@id":"https:\/\/www.pielnet.fr\/carnet\/la-part-du-paysage\/#primaryimage"},"image":{"@id":"https:\/\/www.pielnet.fr\/carnet\/la-part-du-paysage\/#primaryimage"},"thumbnailUrl":"https:\/\/www.pielnet.fr\/carnet\/wp-content\/uploads\/2024\/09\/IMG-20240921-WA0000.jpg","datePublished":"2024-05-13T06:52:54+00:00","dateModified":"2026-01-14T16:25:17+00:00","description":"la part du paysage un film d'Arnaud Jamin, bient\u00f4t ! C\u2019est l\u2019histoire de Piel, citadin qui vit dans un monde virtuel, hyper-connect\u00e9 et m\u00eame assist\u00e9 par une intelligence artificielle effective et qui se pose des questions, recherche un \u00e9quilibre, d\u00e9cide un jour de tout plaquer pour partir sur les routes de France qu\u2019il va traverser \u00e0 pieds, \u00e0 v\u00e9lo, \u00e0 dos d\u2019\u00e2ne... Piel vit sa transition, sa transformation et apr\u00e8s plusieurs exp\u00e9riences concr\u00e8tes dans le monde r\u00e9el, finit par vivre en coh\u00e9rence avec lui-m\u00eame et son milieu; son paysage.","breadcrumb":{"@id":"https:\/\/www.pielnet.fr\/carnet\/la-part-du-paysage\/#breadcrumb"},"inLanguage":"fr-FR","potentialAction":[{"@type":"ReadAction","target":["https:\/\/www.pielnet.fr\/carnet\/la-part-du-paysage\/"]}]},{"@type":"ImageObject","inLanguage":"fr-FR","@id":"https:\/\/www.pielnet.fr\/carnet\/la-part-du-paysage\/#primaryimage","url":"https:\/\/www.pielnet.fr\/carnet\/wp-content\/uploads\/2024\/09\/IMG-20240921-WA0000.jpg","contentUrl":"https:\/\/www.pielnet.fr\/carnet\/wp-content\/uploads\/2024\/09\/IMG-20240921-WA0000.jpg","width":1600,"height":1200,"caption":"LA PART DU PAYSAGE pitch 1"},{"@type":"BreadcrumbList","@id":"https:\/\/www.pielnet.fr\/carnet\/la-part-du-paysage\/#breadcrumb","itemListElement":[{"@type":"ListItem","position":1,"name":"Accueil","item":"https:\/\/www.pielnet.fr\/carnet\/"},{"@type":"ListItem","position":2,"name":"La part du Paysage &#8211; bient\u00f4t"}]},{"@type":"WebSite","@id":"https:\/\/www.pielnet.fr\/carnet\/#website","url":"https:\/\/www.pielnet.fr\/carnet\/","name":"le carnet - Piel","description":"R\u00e9cits &amp; Territoires - Raconter en images les r\u00e9cits du sensible","publisher":{"@id":"https:\/\/www.pielnet.fr\/carnet\/#\/schema\/person\/7c09d20dd138514cf3647ce37f1f755d"},"potentialAction":[{"@type":"SearchAction","target":{"@type":"EntryPoint","urlTemplate":"https:\/\/www.pielnet.fr\/carnet\/?s={search_term_string}"},"query-input":{"@type":"PropertyValueSpecification","valueRequired":true,"valueName":"search_term_string"}}],"inLanguage":"fr-FR"},{"@type":["Person","Organization"],"@id":"https:\/\/www.pielnet.fr\/carnet\/#\/schema\/person\/7c09d20dd138514cf3647ce37f1f755d","name":"arnopiel","image":{"@type":"ImageObject","inLanguage":"fr-FR","@id":"https:\/\/www.pielnet.fr\/carnet\/#\/schema\/person\/image\/","url":"https:\/\/www.pielnet.fr\/carnet\/wp-content\/uploads\/2021\/01\/IMG_20201212_150932.jpg","contentUrl":"https:\/\/www.pielnet.fr\/carnet\/wp-content\/uploads\/2021\/01\/IMG_20201212_150932.jpg","width":1432,"height":1432,"caption":"arnopiel"},"logo":{"@id":"https:\/\/www.pielnet.fr\/carnet\/#\/schema\/person\/image\/"}}]}},"_links":{"self":[{"href":"https:\/\/www.pielnet.fr\/carnet\/wp-json\/wp\/v2\/posts\/3256","targetHints":{"allow":["GET"]}}],"collection":[{"href":"https:\/\/www.pielnet.fr\/carnet\/wp-json\/wp\/v2\/posts"}],"about":[{"href":"https:\/\/www.pielnet.fr\/carnet\/wp-json\/wp\/v2\/types\/post"}],"author":[{"embeddable":true,"href":"https:\/\/www.pielnet.fr\/carnet\/wp-json\/wp\/v2\/users\/1"}],"replies":[{"embeddable":true,"href":"https:\/\/www.pielnet.fr\/carnet\/wp-json\/wp\/v2\/comments?post=3256"}],"version-history":[{"count":6,"href":"https:\/\/www.pielnet.fr\/carnet\/wp-json\/wp\/v2\/posts\/3256\/revisions"}],"predecessor-version":[{"id":3555,"href":"https:\/\/www.pielnet.fr\/carnet\/wp-json\/wp\/v2\/posts\/3256\/revisions\/3555"}],"wp:featuredmedia":[{"embeddable":true,"href":"https:\/\/www.pielnet.fr\/carnet\/wp-json\/wp\/v2\/media\/3281"}],"wp:attachment":[{"href":"https:\/\/www.pielnet.fr\/carnet\/wp-json\/wp\/v2\/media?parent=3256"}],"wp:term":[{"taxonomy":"category","embeddable":true,"href":"https:\/\/www.pielnet.fr\/carnet\/wp-json\/wp\/v2\/categories?post=3256"},{"taxonomy":"post_tag","embeddable":true,"href":"https:\/\/www.pielnet.fr\/carnet\/wp-json\/wp\/v2\/tags?post=3256"}],"curies":[{"name":"wp","href":"https:\/\/api.w.org\/{rel}","templated":true}]}}