{"id":3243,"date":"2024-02-28T08:55:09","date_gmt":"2024-02-28T07:55:09","guid":{"rendered":"https:\/\/www.pielnet.fr\/carnet\/?p=3243"},"modified":"2024-02-28T08:55:11","modified_gmt":"2024-02-28T07:55:11","slug":"reperes","status":"publish","type":"post","link":"https:\/\/www.pielnet.fr\/carnet\/reperes\/","title":{"rendered":"Rep\u00e8res"},"content":{"rendered":"\n<figure class=\"wp-block-image size-large\"><a href=\"https:\/\/www.pielnet.fr\/carnet\/wp-content\/uploads\/2024\/02\/Capture-decran-2023-03-13-094617.png\"><img loading=\"lazy\" decoding=\"async\" width=\"1024\" height=\"542\" src=\"https:\/\/www.pielnet.fr\/carnet\/wp-content\/uploads\/2024\/02\/Capture-decran-2023-03-13-094617-1024x542.png\" alt=\"\" class=\"wp-image-3247\" srcset=\"https:\/\/www.pielnet.fr\/carnet\/wp-content\/uploads\/2024\/02\/Capture-decran-2023-03-13-094617-1024x542.png 1024w, https:\/\/www.pielnet.fr\/carnet\/wp-content\/uploads\/2024\/02\/Capture-decran-2023-03-13-094617-300x159.png 300w, https:\/\/www.pielnet.fr\/carnet\/wp-content\/uploads\/2024\/02\/Capture-decran-2023-03-13-094617-768x407.png 768w, https:\/\/www.pielnet.fr\/carnet\/wp-content\/uploads\/2024\/02\/Capture-decran-2023-03-13-094617-1536x813.png 1536w, https:\/\/www.pielnet.fr\/carnet\/wp-content\/uploads\/2024\/02\/Capture-decran-2023-03-13-094617.png 1915w\" sizes=\"auto, (max-width: 1024px) 100vw, 1024px\" \/><\/a><\/figure>\n\n\n\n<p><em>ci-contre\u00a0: Inventer Demain &#8211; Plateforme Biodiv&rsquo;Livradois-Forez <a href=\"https:\/\/youtu.be\/MY5jX_X5XSw%20\">https:\/\/youtu.be\/MY5jX_X5XSw <\/a>(Inventer Demain FPNRF)<\/em><\/p>\n\n\n\n<p>R\u00e9alisateur, monteur truquiste chef depuis 2003 Freelance et salari\u00e9, auteur et r\u00e9alisateur de documentaires (personnels et commandes), de nombreuses interviews (c\u00e9l\u00e9brit\u00e9s, acteurs, professionnels, micros-trottoirs), de films pour des troupes de th\u00e9\u00e2tre, des artistes, des structures associatives sociales ou culturelles ou la F\u00e9d\u00e9ration des Parcs naturels r\u00e9gionaux de France et la Ville de Niort plus r\u00e9cemment. Form\u00e9 comme musicien (musique de films), webmaster (php \u2013 asp \u2013 java) et r\u00e9alisateur\/monteur truquiste. J\u2019ai travaill\u00e9 sur de tr\u00e8s int\u00e9ressants projets multim\u00e9dia artistiques (WEB et VIDEO), culturels, \u00e0 diff\u00e9rents postes, mais souvent \u00e0 mon compte, comme dans le cadre de Lille 2004, capitale europ\u00e9enne de la Culture. J\u2019ai \u00e9galement travaill\u00e9 pendant quelques ann\u00e9es comme r\u00e9alisateur et monteur truquiste chef pour <a href=\"https:\/\/www.daisyday.fr\/\">des soci\u00e9t\u00e9s de production parisiennes<\/a> (films pubs et institutionnels de grandes entreprises\u00a0: L&rsquo;Or\u00e9al Pro-Unilever-Jean Louis David&#8230;pour Vous Voulez Voir, Daisyday Films&#8230;) et comme artiste \u00e0 travers beaucoup de projets collectifs et personnels. CV joint. D\u00e9mo de 2020\u00a0: <a href=\"https:\/\/youtu.be\/JGdjqOBxh_U\">https:\/\/youtu.be\/JGdjqOBxh_U<\/a><\/p>\n\n\n\n<figure class=\"wp-block-image size-full\"><a href=\"https:\/\/www.pielnet.fr\/carnet\/wp-content\/uploads\/2024\/02\/image-1.png\"><img loading=\"lazy\" decoding=\"async\" width=\"828\" height=\"317\" src=\"https:\/\/www.pielnet.fr\/carnet\/wp-content\/uploads\/2024\/02\/image-1.png\" alt=\"\" class=\"wp-image-3244\" srcset=\"https:\/\/www.pielnet.fr\/carnet\/wp-content\/uploads\/2024\/02\/image-1.png 828w, https:\/\/www.pielnet.fr\/carnet\/wp-content\/uploads\/2024\/02\/image-1-300x115.png 300w, https:\/\/www.pielnet.fr\/carnet\/wp-content\/uploads\/2024\/02\/image-1-768x294.png 768w\" sizes=\"auto, (max-width: 828px) 100vw, 828px\" \/><\/a><\/figure>\n\n\n\n<p>6 exemples de vid\u00e9os (1er \u00e9pisode d&rsquo;Inventer Demain dans le Parc naturel r\u00e9gional de Scarpe Escaut ,2017 \u2013 Tournage au Panth\u00e9on \u00e0 l&rsquo;exposition Cl\u00e9menceau et interview de Sylvie Brodziak pour la Mairie de Niort (79) 2018 \u2013 Tournage Inventer Demain sur les Boudeuses \u00e0 Grenoble 2018 \u2013Film avec les enfants des Corbi\u00e8res en 2018 \u2013 Interview de Jack Lang pour le Happython 2004 \u2013 captation et montage du concert pour la paix \u00e0 la Halle aux grains \u00e0 Toulouse en 2010<\/p>\n\n\n\n<p>\u2192 r\u00e9f\u00e9rences d\u00e9taill\u00e9es, CV complet et filmographie disponibles&nbsp;:<\/p>\n\n\n\n<p><em><a href=\"https:\/\/www.pielnet.fr\/CV_ArnaudJAMIN_real_2022.pdf\">https:\/\/www.pielnet.fr\/CV_ArnaudJAMIN_real_2022.pdf<\/a> <\/em><em>et plus encore ici: <\/em><a href=\"https:\/\/www.pielnet.fr\/\"><em>https:\/\/www.pielnet.fr<\/em><\/a><\/p>\n\n\n\n<p>J&rsquo;ai, depuis 2017, r\u00e9alis\u00e9 toutes les vid\u00e9os de la s\u00e9rie Inventer Demain (plus de 50 \u00e9pisodes pour 4 d\u00e9partements de la F\u00e9d\u00e9ration des Parcs naturels r\u00e9gionaux de France (Urbanisme-am\u00e9nagement du territoire\/Climat-\u00e9nergie\/Alimentation-Agriculture-biodiversit\u00e9) en collaboration directe avec les services de la F\u00e9d\u00e9ration des Parcs naturels r\u00e9gionaux de France et de leurs partenaires (r\u00e9unions pr\u00e9paratoires &#8211; lignes \u00e9ditoriales &#8211; comit\u00e9s de pilotages). J&rsquo;ai de bonnes connaissances du r\u00e9seau et des th\u00e8mes m\u00eames li\u00e9s \u00e0 l\u2019environnement, \u00e0 l\u2019am\u00e9nagement du territoire, au climat, \u00e0 l&rsquo;\u00e9nergie et \u00e0 l&rsquo;alimentation. C\u2019est une s\u00e9rie pour laquelle j&rsquo;ai d\u00fb passer par l&rsquo;\u00e9criture et notamment celle de la voix off et des descriptions. Parall\u00e8lement j&rsquo;ai pu continuer \u00e0 travailler comme freelance pour diverses structures et avec des jeunes de missions locales ou les enfants de diff\u00e9rentes \u00e9coles primaire et hors temps scolaire \u00e9galement, en \u00e9ducation \u00e0 l&rsquo;image \u2013 \u00e9ducation \u00e0 l&rsquo;environnement, et notamment sur un projet LES ATELIERS DOCUMENTAIRES DU PAYSAGE que j&rsquo;ai d\u00e9velopp\u00e9 avec de nombreux partenaires (les Parcs individuellement (Marais Poitevin, Golfe du Morbihan, Haut-Languedoc, Millevaches en Limousin), les DRAC, les Acad\u00e9mies, les Communaut\u00e9s de Communes, p\u00f4les images et Passeurs d&rsquo;images \u2013 CNC etc.) sur des th\u00e8mes li\u00e9s \u00e0 l\u2019\u00e9cologie, la transition, le paysage. Depuis 2020, j&rsquo;ai entrepris un travail d&rsquo;\u00e9criture documentaire et ai \u00e9t\u00e9 laur\u00e9at d&rsquo;un concours pour un Pitch (une pr\u00e9sentation d&rsquo;id\u00e9es de sc\u00e9narios) \u00e0 Bordeaux et Limoges dans le cadre de Territoire d&rsquo;images avec la PENA Nouvelle-Aquitaine. J&rsquo;ai emport\u00e9 en 2022 un nouvel appel d&rsquo;offres pour 3 ans de films avec la F\u00e9d\u00e9ration des Parcs naturels, qui m&rsquo;assure des commandes pour la moiti\u00e9 de l&rsquo;ann\u00e9e et me laissant ainsi du temps pour d&rsquo;autres aventures.<\/p>\n\n\n\n<p>Un exemple r\u00e9cent et repr\u00e9sentatif de la s\u00e9rie&nbsp;avec drone et voix-off : le Train Jaune <a href=\"https:\/\/youtu.be\/JxHp3YpWVSo\">https:\/\/youtu.be\/JxHp3YpWVSo<\/a><\/p>\n\n\n\n<p>la s\u00e9rie Inventer Demain \u2013 <a href=\"https:\/\/youtube.com\/watch?v=5U9SqoMaFHk&amp;si=EnSIkaIECMiOmarE\">JARDINER AUTREMENT aujourd&rsquo;hui<\/a> (<a href=\"https:\/\/www.youtube.com\/watch?v=5U9SqoMaFHk\">https:\/\/www.youtube.com\/watch?v=5U9SqoMaFHk<\/a>) \u2013 Fili\u00e8re BOIS AOC en Chartreuse (<a href=\"https:\/\/youtu.be\/0nHkCauyVks\">https:\/\/youtu.be\/0nHkCauyVks<\/a>), \u00e0 <a href=\"https:\/\/www.youtube.com\/watch?v=5C0RZxD3dzg\">Plombi\u00e8res-les-Bains petite ville de demain<\/a> ou <a href=\"https:\/\/youtu.be\/I8FNNifHuAQ\">sur la reconversion touristique des stations de sports d&rsquo;hiver<\/a> ou encore en<a href=\"https:\/\/youtu.be\/tOHEkWswMp4\"> Normandie sur 2 innovations en terme d&rsquo;alimentation<\/a> (<a href=\"https:\/\/youtu.be\/tOHEkWswMp4\">https:\/\/youtu.be\/tOHEkWswMp4<\/a>) par exemple.<\/p>\n\n\n\n<p>Playlist <em><strong>Inventer <\/strong><\/em><strong>Demain : <\/strong><a href=\"https:\/\/www.youtube.com\/playlist?list=PLNc_1dg3gWHcDurnOpwEeiEAyZWWdlP4Z\"><strong>https:\/\/www.youtube.com\/playlist?list=PLNc_1dg3gWHcDurnOpwEeiEAyZWWdlP4Z<\/strong><\/a><\/p>\n","protected":false},"excerpt":{"rendered":"<p>ci-contre\u00a0: Inventer Demain &#8211; Plateforme Biodiv&rsquo;Livradois-Forez https:\/\/youtu.be\/MY5jX_X5XSw (Inventer Demain FPNRF) R\u00e9alisateur, monteur truquiste chef depuis 2003 Freelance et salari\u00e9, auteur et r\u00e9alisateur de documentaires (personnels et commandes), de nombreuses interviews (c\u00e9l\u00e9brit\u00e9s, acteurs, professionnels, micros-trottoirs), de films pour des troupes de th\u00e9\u00e2tre, des artistes, des structures associatives sociales ou culturelles ou la F\u00e9d\u00e9ration des Parcs naturels [&hellip;]<\/p>\n","protected":false},"author":1,"featured_media":3246,"comment_status":"open","ping_status":"open","sticky":false,"template":"","format":"standard","meta":{"footnotes":""},"categories":[195],"tags":[],"class_list":["post-3243","post","type-post","status-publish","format-standard","has-post-thumbnail","hentry","category-non-classe-fr"],"yoast_head":"<!-- This site is optimized with the Yoast SEO plugin v26.7 - https:\/\/yoast.com\/wordpress\/plugins\/seo\/ -->\n<title>Rep\u00e8res - le carnet - Piel<\/title>\n<meta name=\"robots\" content=\"index, follow, max-snippet:-1, max-image-preview:large, max-video-preview:-1\" \/>\n<link rel=\"canonical\" href=\"https:\/\/www.pielnet.fr\/carnet\/reperes\/\" \/>\n<meta property=\"og:locale\" content=\"fr_FR\" \/>\n<meta property=\"og:type\" content=\"article\" \/>\n<meta property=\"og:title\" content=\"Rep\u00e8res - le carnet - Piel\" \/>\n<meta property=\"og:description\" content=\"ci-contre\u00a0: Inventer Demain &#8211; Plateforme Biodiv&rsquo;Livradois-Forez https:\/\/youtu.be\/MY5jX_X5XSw (Inventer Demain FPNRF) R\u00e9alisateur, monteur truquiste chef depuis 2003 Freelance et salari\u00e9, auteur et r\u00e9alisateur de documentaires (personnels et commandes), de nombreuses interviews (c\u00e9l\u00e9brit\u00e9s, acteurs, professionnels, micros-trottoirs), de films pour des troupes de th\u00e9\u00e2tre, des artistes, des structures associatives sociales ou culturelles ou la F\u00e9d\u00e9ration des Parcs naturels [&hellip;]\" \/>\n<meta property=\"og:url\" content=\"https:\/\/www.pielnet.fr\/carnet\/reperes\/\" \/>\n<meta property=\"og:site_name\" content=\"le carnet - Piel\" \/>\n<meta property=\"article:published_time\" content=\"2024-02-28T07:55:09+00:00\" \/>\n<meta property=\"article:modified_time\" content=\"2024-02-28T07:55:11+00:00\" \/>\n<meta property=\"og:image\" content=\"https:\/\/www.pielnet.fr\/carnet\/wp-content\/uploads\/2024\/02\/logoPIEL_blanc4.png\" \/>\n\t<meta property=\"og:image:width\" content=\"753\" \/>\n\t<meta property=\"og:image:height\" content=\"752\" \/>\n\t<meta property=\"og:image:type\" content=\"image\/png\" \/>\n<meta name=\"author\" content=\"arnopiel\" \/>\n<meta name=\"twitter:card\" content=\"summary_large_image\" \/>\n<meta name=\"twitter:label1\" content=\"\u00c9crit par\" \/>\n\t<meta name=\"twitter:data1\" content=\"arnopiel\" \/>\n\t<meta name=\"twitter:label2\" content=\"Dur\u00e9e de lecture estim\u00e9e\" \/>\n\t<meta name=\"twitter:data2\" content=\"4 minutes\" \/>\n<script type=\"application\/ld+json\" class=\"yoast-schema-graph\">{\"@context\":\"https:\/\/schema.org\",\"@graph\":[{\"@type\":\"Article\",\"@id\":\"https:\/\/www.pielnet.fr\/carnet\/reperes\/#article\",\"isPartOf\":{\"@id\":\"https:\/\/www.pielnet.fr\/carnet\/reperes\/\"},\"author\":{\"name\":\"arnopiel\",\"@id\":\"https:\/\/www.pielnet.fr\/carnet\/#\/schema\/person\/7c09d20dd138514cf3647ce37f1f755d\"},\"headline\":\"Rep\u00e8res\",\"datePublished\":\"2024-02-28T07:55:09+00:00\",\"dateModified\":\"2024-02-28T07:55:11+00:00\",\"mainEntityOfPage\":{\"@id\":\"https:\/\/www.pielnet.fr\/carnet\/reperes\/\"},\"wordCount\":708,\"commentCount\":0,\"publisher\":{\"@id\":\"https:\/\/www.pielnet.fr\/carnet\/#\/schema\/person\/7c09d20dd138514cf3647ce37f1f755d\"},\"image\":{\"@id\":\"https:\/\/www.pielnet.fr\/carnet\/reperes\/#primaryimage\"},\"thumbnailUrl\":\"https:\/\/www.pielnet.fr\/carnet\/wp-content\/uploads\/2024\/02\/logoPIEL_blanc4.png\",\"inLanguage\":\"fr-FR\",\"potentialAction\":[{\"@type\":\"CommentAction\",\"name\":\"Comment\",\"target\":[\"https:\/\/www.pielnet.fr\/carnet\/reperes\/#respond\"]}]},{\"@type\":\"WebPage\",\"@id\":\"https:\/\/www.pielnet.fr\/carnet\/reperes\/\",\"url\":\"https:\/\/www.pielnet.fr\/carnet\/reperes\/\",\"name\":\"Rep\u00e8res - le carnet - Piel\",\"isPartOf\":{\"@id\":\"https:\/\/www.pielnet.fr\/carnet\/#website\"},\"primaryImageOfPage\":{\"@id\":\"https:\/\/www.pielnet.fr\/carnet\/reperes\/#primaryimage\"},\"image\":{\"@id\":\"https:\/\/www.pielnet.fr\/carnet\/reperes\/#primaryimage\"},\"thumbnailUrl\":\"https:\/\/www.pielnet.fr\/carnet\/wp-content\/uploads\/2024\/02\/logoPIEL_blanc4.png\",\"datePublished\":\"2024-02-28T07:55:09+00:00\",\"dateModified\":\"2024-02-28T07:55:11+00:00\",\"breadcrumb\":{\"@id\":\"https:\/\/www.pielnet.fr\/carnet\/reperes\/#breadcrumb\"},\"inLanguage\":\"fr-FR\",\"potentialAction\":[{\"@type\":\"ReadAction\",\"target\":[\"https:\/\/www.pielnet.fr\/carnet\/reperes\/\"]}]},{\"@type\":\"ImageObject\",\"inLanguage\":\"fr-FR\",\"@id\":\"https:\/\/www.pielnet.fr\/carnet\/reperes\/#primaryimage\",\"url\":\"https:\/\/www.pielnet.fr\/carnet\/wp-content\/uploads\/2024\/02\/logoPIEL_blanc4.png\",\"contentUrl\":\"https:\/\/www.pielnet.fr\/carnet\/wp-content\/uploads\/2024\/02\/logoPIEL_blanc4.png\",\"width\":753,\"height\":752},{\"@type\":\"BreadcrumbList\",\"@id\":\"https:\/\/www.pielnet.fr\/carnet\/reperes\/#breadcrumb\",\"itemListElement\":[{\"@type\":\"ListItem\",\"position\":1,\"name\":\"Accueil\",\"item\":\"https:\/\/www.pielnet.fr\/carnet\/\"},{\"@type\":\"ListItem\",\"position\":2,\"name\":\"Rep\u00e8res\"}]},{\"@type\":\"WebSite\",\"@id\":\"https:\/\/www.pielnet.fr\/carnet\/#website\",\"url\":\"https:\/\/www.pielnet.fr\/carnet\/\",\"name\":\"le carnet - Piel\",\"description\":\"R\u00e9cits &amp; Territoires - Raconter en images les r\u00e9cits du sensible\",\"publisher\":{\"@id\":\"https:\/\/www.pielnet.fr\/carnet\/#\/schema\/person\/7c09d20dd138514cf3647ce37f1f755d\"},\"potentialAction\":[{\"@type\":\"SearchAction\",\"target\":{\"@type\":\"EntryPoint\",\"urlTemplate\":\"https:\/\/www.pielnet.fr\/carnet\/?s={search_term_string}\"},\"query-input\":{\"@type\":\"PropertyValueSpecification\",\"valueRequired\":true,\"valueName\":\"search_term_string\"}}],\"inLanguage\":\"fr-FR\"},{\"@type\":[\"Person\",\"Organization\"],\"@id\":\"https:\/\/www.pielnet.fr\/carnet\/#\/schema\/person\/7c09d20dd138514cf3647ce37f1f755d\",\"name\":\"arnopiel\",\"image\":{\"@type\":\"ImageObject\",\"inLanguage\":\"fr-FR\",\"@id\":\"https:\/\/www.pielnet.fr\/carnet\/#\/schema\/person\/image\/\",\"url\":\"https:\/\/www.pielnet.fr\/carnet\/wp-content\/uploads\/2021\/01\/IMG_20201212_150932.jpg\",\"contentUrl\":\"https:\/\/www.pielnet.fr\/carnet\/wp-content\/uploads\/2021\/01\/IMG_20201212_150932.jpg\",\"width\":1432,\"height\":1432,\"caption\":\"arnopiel\"},\"logo\":{\"@id\":\"https:\/\/www.pielnet.fr\/carnet\/#\/schema\/person\/image\/\"}}]}<\/script>\n<!-- \/ Yoast SEO plugin. -->","yoast_head_json":{"title":"Rep\u00e8res - le carnet - Piel","robots":{"index":"index","follow":"follow","max-snippet":"max-snippet:-1","max-image-preview":"max-image-preview:large","max-video-preview":"max-video-preview:-1"},"canonical":"https:\/\/www.pielnet.fr\/carnet\/reperes\/","og_locale":"fr_FR","og_type":"article","og_title":"Rep\u00e8res - le carnet - Piel","og_description":"ci-contre\u00a0: Inventer Demain &#8211; Plateforme Biodiv&rsquo;Livradois-Forez https:\/\/youtu.be\/MY5jX_X5XSw (Inventer Demain FPNRF) R\u00e9alisateur, monteur truquiste chef depuis 2003 Freelance et salari\u00e9, auteur et r\u00e9alisateur de documentaires (personnels et commandes), de nombreuses interviews (c\u00e9l\u00e9brit\u00e9s, acteurs, professionnels, micros-trottoirs), de films pour des troupes de th\u00e9\u00e2tre, des artistes, des structures associatives sociales ou culturelles ou la F\u00e9d\u00e9ration des Parcs naturels [&hellip;]","og_url":"https:\/\/www.pielnet.fr\/carnet\/reperes\/","og_site_name":"le carnet - Piel","article_published_time":"2024-02-28T07:55:09+00:00","article_modified_time":"2024-02-28T07:55:11+00:00","og_image":[{"width":753,"height":752,"url":"https:\/\/www.pielnet.fr\/carnet\/wp-content\/uploads\/2024\/02\/logoPIEL_blanc4.png","type":"image\/png"}],"author":"arnopiel","twitter_card":"summary_large_image","twitter_misc":{"\u00c9crit par":"arnopiel","Dur\u00e9e de lecture estim\u00e9e":"4 minutes"},"schema":{"@context":"https:\/\/schema.org","@graph":[{"@type":"Article","@id":"https:\/\/www.pielnet.fr\/carnet\/reperes\/#article","isPartOf":{"@id":"https:\/\/www.pielnet.fr\/carnet\/reperes\/"},"author":{"name":"arnopiel","@id":"https:\/\/www.pielnet.fr\/carnet\/#\/schema\/person\/7c09d20dd138514cf3647ce37f1f755d"},"headline":"Rep\u00e8res","datePublished":"2024-02-28T07:55:09+00:00","dateModified":"2024-02-28T07:55:11+00:00","mainEntityOfPage":{"@id":"https:\/\/www.pielnet.fr\/carnet\/reperes\/"},"wordCount":708,"commentCount":0,"publisher":{"@id":"https:\/\/www.pielnet.fr\/carnet\/#\/schema\/person\/7c09d20dd138514cf3647ce37f1f755d"},"image":{"@id":"https:\/\/www.pielnet.fr\/carnet\/reperes\/#primaryimage"},"thumbnailUrl":"https:\/\/www.pielnet.fr\/carnet\/wp-content\/uploads\/2024\/02\/logoPIEL_blanc4.png","inLanguage":"fr-FR","potentialAction":[{"@type":"CommentAction","name":"Comment","target":["https:\/\/www.pielnet.fr\/carnet\/reperes\/#respond"]}]},{"@type":"WebPage","@id":"https:\/\/www.pielnet.fr\/carnet\/reperes\/","url":"https:\/\/www.pielnet.fr\/carnet\/reperes\/","name":"Rep\u00e8res - le carnet - Piel","isPartOf":{"@id":"https:\/\/www.pielnet.fr\/carnet\/#website"},"primaryImageOfPage":{"@id":"https:\/\/www.pielnet.fr\/carnet\/reperes\/#primaryimage"},"image":{"@id":"https:\/\/www.pielnet.fr\/carnet\/reperes\/#primaryimage"},"thumbnailUrl":"https:\/\/www.pielnet.fr\/carnet\/wp-content\/uploads\/2024\/02\/logoPIEL_blanc4.png","datePublished":"2024-02-28T07:55:09+00:00","dateModified":"2024-02-28T07:55:11+00:00","breadcrumb":{"@id":"https:\/\/www.pielnet.fr\/carnet\/reperes\/#breadcrumb"},"inLanguage":"fr-FR","potentialAction":[{"@type":"ReadAction","target":["https:\/\/www.pielnet.fr\/carnet\/reperes\/"]}]},{"@type":"ImageObject","inLanguage":"fr-FR","@id":"https:\/\/www.pielnet.fr\/carnet\/reperes\/#primaryimage","url":"https:\/\/www.pielnet.fr\/carnet\/wp-content\/uploads\/2024\/02\/logoPIEL_blanc4.png","contentUrl":"https:\/\/www.pielnet.fr\/carnet\/wp-content\/uploads\/2024\/02\/logoPIEL_blanc4.png","width":753,"height":752},{"@type":"BreadcrumbList","@id":"https:\/\/www.pielnet.fr\/carnet\/reperes\/#breadcrumb","itemListElement":[{"@type":"ListItem","position":1,"name":"Accueil","item":"https:\/\/www.pielnet.fr\/carnet\/"},{"@type":"ListItem","position":2,"name":"Rep\u00e8res"}]},{"@type":"WebSite","@id":"https:\/\/www.pielnet.fr\/carnet\/#website","url":"https:\/\/www.pielnet.fr\/carnet\/","name":"le carnet - Piel","description":"R\u00e9cits &amp; Territoires - Raconter en images les r\u00e9cits du sensible","publisher":{"@id":"https:\/\/www.pielnet.fr\/carnet\/#\/schema\/person\/7c09d20dd138514cf3647ce37f1f755d"},"potentialAction":[{"@type":"SearchAction","target":{"@type":"EntryPoint","urlTemplate":"https:\/\/www.pielnet.fr\/carnet\/?s={search_term_string}"},"query-input":{"@type":"PropertyValueSpecification","valueRequired":true,"valueName":"search_term_string"}}],"inLanguage":"fr-FR"},{"@type":["Person","Organization"],"@id":"https:\/\/www.pielnet.fr\/carnet\/#\/schema\/person\/7c09d20dd138514cf3647ce37f1f755d","name":"arnopiel","image":{"@type":"ImageObject","inLanguage":"fr-FR","@id":"https:\/\/www.pielnet.fr\/carnet\/#\/schema\/person\/image\/","url":"https:\/\/www.pielnet.fr\/carnet\/wp-content\/uploads\/2021\/01\/IMG_20201212_150932.jpg","contentUrl":"https:\/\/www.pielnet.fr\/carnet\/wp-content\/uploads\/2021\/01\/IMG_20201212_150932.jpg","width":1432,"height":1432,"caption":"arnopiel"},"logo":{"@id":"https:\/\/www.pielnet.fr\/carnet\/#\/schema\/person\/image\/"}}]}},"_links":{"self":[{"href":"https:\/\/www.pielnet.fr\/carnet\/wp-json\/wp\/v2\/posts\/3243","targetHints":{"allow":["GET"]}}],"collection":[{"href":"https:\/\/www.pielnet.fr\/carnet\/wp-json\/wp\/v2\/posts"}],"about":[{"href":"https:\/\/www.pielnet.fr\/carnet\/wp-json\/wp\/v2\/types\/post"}],"author":[{"embeddable":true,"href":"https:\/\/www.pielnet.fr\/carnet\/wp-json\/wp\/v2\/users\/1"}],"replies":[{"embeddable":true,"href":"https:\/\/www.pielnet.fr\/carnet\/wp-json\/wp\/v2\/comments?post=3243"}],"version-history":[{"count":1,"href":"https:\/\/www.pielnet.fr\/carnet\/wp-json\/wp\/v2\/posts\/3243\/revisions"}],"predecessor-version":[{"id":3248,"href":"https:\/\/www.pielnet.fr\/carnet\/wp-json\/wp\/v2\/posts\/3243\/revisions\/3248"}],"wp:featuredmedia":[{"embeddable":true,"href":"https:\/\/www.pielnet.fr\/carnet\/wp-json\/wp\/v2\/media\/3246"}],"wp:attachment":[{"href":"https:\/\/www.pielnet.fr\/carnet\/wp-json\/wp\/v2\/media?parent=3243"}],"wp:term":[{"taxonomy":"category","embeddable":true,"href":"https:\/\/www.pielnet.fr\/carnet\/wp-json\/wp\/v2\/categories?post=3243"},{"taxonomy":"post_tag","embeddable":true,"href":"https:\/\/www.pielnet.fr\/carnet\/wp-json\/wp\/v2\/tags?post=3243"}],"curies":[{"name":"wp","href":"https:\/\/api.w.org\/{rel}","templated":true}]}}