{"id":3119,"date":"2023-10-05T14:14:15","date_gmt":"2023-10-05T13:14:15","guid":{"rendered":"https:\/\/www.pielnet.fr\/carnet\/?p=3119"},"modified":"2026-01-03T16:19:53","modified_gmt":"2026-01-03T15:19:53","slug":"rencontre-avec-belaide-bedreddine-vice-president-du-departement-charge-de-lecologie-urbaine-pia-favali-chargee-detudes-natura-2000-et-vincent-gibaud-chef-de-service-du-parc-mission-int","status":"publish","type":"post","link":"https:\/\/www.pielnet.fr\/carnet\/rencontre-avec-belaide-bedreddine-vice-president-du-departement-charge-de-lecologie-urbaine-pia-favali-chargee-detudes-natura-2000-et-vincent-gibaud-chef-de-service-du-parc-mission-int\/","title":{"rendered":"Nature en ville : le Parc du Sausset"},"content":{"rendered":"\n<figure class=\"wp-block-embed is-type-video is-provider-youtube wp-block-embed-youtube wp-embed-aspect-16-9 wp-has-aspect-ratio\"><div class=\"wp-block-embed__wrapper\">\n<iframe loading=\"lazy\" title=\"Natura 2000 et zone urbaine dense avec Bela\u00efde Bedreddine\" width=\"500\" height=\"281\" src=\"https:\/\/www.youtube.com\/embed\/OH0ANmyzZeo?feature=oembed\" frameborder=\"0\" allow=\"accelerometer; autoplay; clipboard-write; encrypted-media; gyroscope; picture-in-picture; web-share\" referrerpolicy=\"strict-origin-when-cross-origin\" allowfullscreen><\/iframe>\n<\/div><\/figure>\n\n\n\n<p class=\"wp-embed-aspect-16-9 wp-has-aspect-ratio\">rencontre avec Bela\u00efde BEDREDDINE, Vice-pr\u00e9sident du D\u00e9partement charg\u00e9 de l\u2019\u00e9cologie urbaine, Pia Favali, charg\u00e9e d&rsquo;\u00e9tudes Natura 2000 et Vincent Gibaud, chef de service du parc DU SAUSSET. Mission inter-r\u00e9seaux Natura 2000 et territoires<\/p>\n\n\n\n<p class=\"wp-embed-aspect-16-9 wp-has-aspect-ratio\"><a href=\"https:\/\/www.linkedin.com\/company\/mission-inter-r%C3%A9seaux-natura-2000-et-territoires?trk=public_post_embed-text\">https:\/\/www.linkedin.com\/company\/mission-inter-r%C3%A9seaux-natura-2000-et-territoires?trk=public_post_embed-text<\/a><\/p>\n\n\n\n<h2 class=\"wp-block-heading wp-embed-aspect-16-9 wp-has-aspect-ratio\"><strong>Au Parc du Sausset, la nature reprend place au c\u0153ur de la ville<\/strong><\/h2>\n\n\n\n<p class=\"wp-embed-aspect-16-9 wp-has-aspect-ratio\">En Seine-Saint-Denis, aux portes de Villepinte et d\u2019Aulnay-sous-Bois, le parc du Sausset est devenu un laboratoire unique en Europe. Inscrit au r\u00e9seau Natura 2000, ce vaste espace naturel prouve qu\u2019il est possible de concilier forte fr\u00e9quentation populaire, biodiversit\u00e9 remarquable et ambitions sociales, au c\u0153ur d\u2019un territoire urbain dense.<\/p>\n\n\n\n<h3 class=\"wp-block-heading\"><strong>Un parc de proximit\u00e9 pour respirer<\/strong><\/h3>\n\n\n\n<p>Ici, plus de neuf visiteurs sur dix habitent \u00e0 proximit\u00e9. Une donn\u00e9e essentielle pour Bela\u00efde Bedreddine, vice-pr\u00e9sident du d\u00e9partement de la Seine-Saint-Denis en charge de l\u2019\u00e9cologie urbaine. \u00ab Notre volont\u00e9, c\u2019est toujours de mieux accueillir et de mieux prot\u00e9ger \u00bb, rappelle-t-il en arpentant les all\u00e9es du parc du Sausset.<\/p>\n\n\n\n<p>Dans ce territoire dense, o\u00f9 beaucoup d\u2019habitants partent peu en vacances, le parc joue un r\u00f4le vital. \u00ab Il faut que les gens puissent sortir de chez eux et arriver imm\u00e9diatement dans cet \u00e9crin de verdure, qui est \u00e0 la fois leur jardin et leur balcon \u00bb, souligne l\u2019\u00e9lu. Un lieu de respiration, mais aussi un espace vivant, pens\u00e9 pour un usage quotidien.<\/p>\n\n\n\n<h3 class=\"wp-block-heading\"><strong>Un site Natura 2000 unique en Europe<\/strong><\/h3>\n\n\n\n<p>Le parc du Sausset occupe une place \u00e0 part dans le r\u00e9seau europ\u00e9en Natura 2000. \u00ab C\u2019est le seul site en Europe situ\u00e9 dans un contexte urbain aussi dense \u00bb, explique Pia Fivali, charg\u00e9e de mission Natura 2000.<\/p>\n\n\n\n<p>Le site est notamment reconnu pour la reproduction du blongios nain, un petit h\u00e9ron rare et discret. \u00ab Cette ann\u00e9e, nous avons recens\u00e9 quatre couples nicheurs et treize jeunes \u00e0 l\u2019envol. C\u2019est un r\u00e9sultat tr\u00e8s remarquable \u00bb, pr\u00e9cise-t-elle. Un succ\u00e8s qui repose sur une gestion fine des milieux et une vigilance permanente face \u00e0 la fr\u00e9quentation du public.<\/p>\n\n\n\n<h3 class=\"wp-block-heading\"><strong>Accueillir le public, pr\u00e9server la biodiversit\u00e9<\/strong><\/h3>\n\n\n\n<p>Au Sausset, la pr\u00e9sence humaine n\u2019est pas per\u00e7ue comme un obstacle, mais comme un param\u00e8tre \u00e0 int\u00e9grer. \u00ab Le public est tr\u00e8s pr\u00e9sent. Notre travail consiste \u00e0 concilier cet accueil avec la pr\u00e9servation des esp\u00e8ces \u00bb, poursuit Pia Fivali.<\/p>\n\n\n\n<p>Animations nature, sorties ornithologiques, actions de sensibilisation men\u00e9es avec la Ligue pour la protection des oiseaux : la biodiversit\u00e9 n\u2019est pas seulement prot\u00e9g\u00e9e, elle est rendue visible et compr\u00e9hensible. Une p\u00e9dagogie de terrain, essentielle pour cr\u00e9er de l\u2019adh\u00e9sion.<\/p>\n\n\n\n<h3 class=\"wp-block-heading\"><strong>Un parc anim\u00e9, social et culturel<\/strong><\/h3>\n\n\n\n<p>Au-del\u00e0 de la nature, le parc du Sausset est aussi un espace de vie. Le d\u00e9partement y organise de nombreuses activit\u00e9s : sport, yoga, th\u00e9\u00e2tre, biblioth\u00e8ques en plein air, \u00e9v\u00e9nements culturels. \u00ab Les habitants viennent d\u00e9couvrir la flore, les oiseaux, mais aussi partager des moments collectifs \u00bb, insiste Bela\u00efde Bedreddine.<\/p>\n\n\n\n<p>Le parc devient ainsi un lieu de rencontres et de mixit\u00e9, \u00e0 l\u2019image du territoire qu\u2019il dessert.<\/p>\n\n\n\n<h3 class=\"wp-block-heading\"><strong>Agriculture urbaine et solidarit\u00e9<\/strong><\/h3>\n\n\n\n<p>Le Sausset accueille \u00e9galement une ferme, pens\u00e9e comme un outil social. \u00ab Nous avons mont\u00e9 un projet avec un foyer de l\u2019Aide sociale \u00e0 l\u2019enfance \u00e0 Villepinte. Cent quatre-vingts jeunes viennent cultiver avec l\u2019agriculteur et repartent avec des l\u00e9gumes \u00bb, explique l\u2019\u00e9lu.<\/p>\n\n\n\n<p>Une mani\u00e8re de rendre accessible une alimentation locale et biologique \u00e0 des publics qui en sont souvent \u00e9loign\u00e9s, tout en redonnant du sens au travail de la terre en milieu urbain.<\/p>\n\n\n\n<h3 class=\"wp-block-heading\"><strong>Des prairies entretenues par les animaux<\/strong><\/h3>\n\n\n\n<p>\u00c0 la sortie de la gare, le visiteur tombe nez \u00e0 nez avec des vaches passant dans la prairie. Un choix assum\u00e9 par les gestionnaires. \u00ab Le p\u00e2turage est l\u2019une des meilleures fa\u00e7ons d\u2019entretenir ces espaces \u00bb, explique Vincent Gibaud, gestionnaire du parc.<\/p>\n\n\n\n<p>Les animaux, issus de races rustiques faisant l\u2019objet de programmes de conservation, participent \u00e0 l\u2019\u00e9quilibre \u00e9cologique du site. La gestion du parc repose sur un zonage pr\u00e9cis, \u00e9labor\u00e9 avec Natura 2000 : certains secteurs sont ouverts aux manifestations et aux flux, d\u2019autres strictement pr\u00e9serv\u00e9s pour prot\u00e9ger les milieux les plus riches en biodiversit\u00e9.<\/p>\n\n\n\n<h3 class=\"wp-block-heading\"><strong>Un mod\u00e8le \u00e0 essaimer<\/strong><\/h3>\n\n\n\n<p>Pour Bela\u00efde Bedreddine, le parc du Sausset d\u00e9passe le cadre local. \u00ab Nous sommes les seuls en Europe \u00e0 avoir relev\u00e9 ce d\u00e9fi. Si on y arrive ici, en Seine-Saint-Denis, alors d\u2019autres villes peuvent suivre. \u00bb<\/p>\n\n\n\n<p>D\u00e9velopper de nouveaux espaces Natura 2000, renforcer l\u2019agriculture urbaine, soutenir des projets \u00e9conomiques, sociaux et solidaires : le Sausset incarne une \u00e9cologie du quotidien, accessible et partag\u00e9e. Une mani\u00e8re, selon l\u2019\u00e9lu, de \u00ab refaire du beau et de l\u2019agr\u00e9able \u00bb dans un territoire trop souvent r\u00e9duit \u00e0 ses difficult\u00e9s.<\/p>\n","protected":false},"excerpt":{"rendered":"<p>rencontre avec Bela\u00efde BEDREDDINE, Vice-pr\u00e9sident du D\u00e9partement charg\u00e9 de l\u2019\u00e9cologie urbaine, Pia Favali, charg\u00e9e d&rsquo;\u00e9tudes Natura 2000 et Vincent Gibaud, chef de service du parc DU SAUSSET. Mission inter-r\u00e9seaux Natura 2000 et territoires https:\/\/www.linkedin.com\/company\/mission-inter-r%C3%A9seaux-natura-2000-et-territoires?trk=public_post_embed-text Au Parc du Sausset, la nature reprend place au c\u0153ur de la ville En Seine-Saint-Denis, aux portes de Villepinte et d\u2019Aulnay-sous-Bois, [&hellip;]<\/p>\n","protected":false},"author":1,"featured_media":3123,"comment_status":"open","ping_status":"open","sticky":true,"template":"","format":"standard","meta":{"footnotes":""},"categories":[472,69],"tags":[],"class_list":["post-3119","post","type-post","status-publish","format-standard","has-post-thumbnail","hentry","category-doc","category-films"],"yoast_head":"<!-- This site is optimized with the Yoast SEO plugin v26.7 - https:\/\/yoast.com\/wordpress\/plugins\/seo\/ -->\n<title>Nature en ville : le Parc du Sausset - le carnet - Piel<\/title>\n<meta name=\"description\" content=\"Class\u00e9 Natura 2000, le Parc du Sausset \u00e0 Aulnay-sous-Bois et Villepinte allie pr\u00e9servation de la #biodiversit\u00e9 et accueil du public autour d\u2019animations culturelles, sportives ou encore festives. D\u2019une superficie de 200 hectares, sa v\u00e9g\u00e9talisation, son agriculture urbaine et ses esp\u00e8ces d\u2019oiseaux rares en font le lieu id\u00e9al pour se ressourcer au plus pr\u00e8s de la nature.\" \/>\n<meta name=\"robots\" content=\"index, follow, max-snippet:-1, max-image-preview:large, max-video-preview:-1\" \/>\n<link rel=\"canonical\" href=\"https:\/\/www.pielnet.fr\/carnet\/rencontre-avec-belaide-bedreddine-vice-president-du-departement-charge-de-lecologie-urbaine-pia-favali-chargee-detudes-natura-2000-et-vincent-gibaud-chef-de-service-du-parc-mission-int\/\" \/>\n<meta property=\"og:locale\" content=\"fr_FR\" \/>\n<meta property=\"og:type\" content=\"article\" \/>\n<meta property=\"og:title\" content=\"Nature en ville : le Parc du Sausset - le carnet - Piel\" \/>\n<meta property=\"og:description\" content=\"Class\u00e9 Natura 2000, le Parc du Sausset \u00e0 Aulnay-sous-Bois et Villepinte allie pr\u00e9servation de la #biodiversit\u00e9 et accueil du public autour d\u2019animations culturelles, sportives ou encore festives. D\u2019une superficie de 200 hectares, sa v\u00e9g\u00e9talisation, son agriculture urbaine et ses esp\u00e8ces d\u2019oiseaux rares en font le lieu id\u00e9al pour se ressourcer au plus pr\u00e8s de la nature.\" \/>\n<meta property=\"og:url\" content=\"https:\/\/www.pielnet.fr\/carnet\/rencontre-avec-belaide-bedreddine-vice-president-du-departement-charge-de-lecologie-urbaine-pia-favali-chargee-detudes-natura-2000-et-vincent-gibaud-chef-de-service-du-parc-mission-int\/\" \/>\n<meta property=\"og:site_name\" content=\"le carnet - Piel\" \/>\n<meta property=\"article:published_time\" content=\"2023-10-05T13:14:15+00:00\" \/>\n<meta property=\"article:modified_time\" content=\"2026-01-03T15:19:53+00:00\" \/>\n<meta property=\"og:image\" content=\"https:\/\/www.pielnet.fr\/carnet\/wp-content\/uploads\/2023\/10\/Capture-decran-2023-10-05-151644.png\" \/>\n\t<meta property=\"og:image:width\" content=\"1851\" \/>\n\t<meta property=\"og:image:height\" content=\"1008\" \/>\n\t<meta property=\"og:image:type\" content=\"image\/png\" \/>\n<meta name=\"author\" content=\"arnopiel\" \/>\n<meta name=\"twitter:card\" content=\"summary_large_image\" \/>\n<meta name=\"twitter:label1\" content=\"\u00c9crit par\" \/>\n\t<meta name=\"twitter:data1\" content=\"arnopiel\" \/>\n\t<meta name=\"twitter:label2\" content=\"Dur\u00e9e de lecture estim\u00e9e\" \/>\n\t<meta name=\"twitter:data2\" content=\"4 minutes\" \/>\n<script type=\"application\/ld+json\" class=\"yoast-schema-graph\">{\"@context\":\"https:\/\/schema.org\",\"@graph\":[{\"@type\":\"Article\",\"@id\":\"https:\/\/www.pielnet.fr\/carnet\/rencontre-avec-belaide-bedreddine-vice-president-du-departement-charge-de-lecologie-urbaine-pia-favali-chargee-detudes-natura-2000-et-vincent-gibaud-chef-de-service-du-parc-mission-int\/#article\",\"isPartOf\":{\"@id\":\"https:\/\/www.pielnet.fr\/carnet\/rencontre-avec-belaide-bedreddine-vice-president-du-departement-charge-de-lecologie-urbaine-pia-favali-chargee-detudes-natura-2000-et-vincent-gibaud-chef-de-service-du-parc-mission-int\/\"},\"author\":{\"name\":\"arnopiel\",\"@id\":\"https:\/\/www.pielnet.fr\/carnet\/#\/schema\/person\/7c09d20dd138514cf3647ce37f1f755d\"},\"headline\":\"Nature en ville : le Parc du Sausset\",\"datePublished\":\"2023-10-05T13:14:15+00:00\",\"dateModified\":\"2026-01-03T15:19:53+00:00\",\"mainEntityOfPage\":{\"@id\":\"https:\/\/www.pielnet.fr\/carnet\/rencontre-avec-belaide-bedreddine-vice-president-du-departement-charge-de-lecologie-urbaine-pia-favali-chargee-detudes-natura-2000-et-vincent-gibaud-chef-de-service-du-parc-mission-int\/\"},\"wordCount\":819,\"commentCount\":0,\"publisher\":{\"@id\":\"https:\/\/www.pielnet.fr\/carnet\/#\/schema\/person\/7c09d20dd138514cf3647ce37f1f755d\"},\"image\":{\"@id\":\"https:\/\/www.pielnet.fr\/carnet\/rencontre-avec-belaide-bedreddine-vice-president-du-departement-charge-de-lecologie-urbaine-pia-favali-chargee-detudes-natura-2000-et-vincent-gibaud-chef-de-service-du-parc-mission-int\/#primaryimage\"},\"thumbnailUrl\":\"https:\/\/www.pielnet.fr\/carnet\/wp-content\/uploads\/2023\/10\/Capture-decran-2023-10-05-151644.png\",\"articleSection\":[\"Doc\",\"Films\"],\"inLanguage\":\"fr-FR\",\"potentialAction\":[{\"@type\":\"CommentAction\",\"name\":\"Comment\",\"target\":[\"https:\/\/www.pielnet.fr\/carnet\/rencontre-avec-belaide-bedreddine-vice-president-du-departement-charge-de-lecologie-urbaine-pia-favali-chargee-detudes-natura-2000-et-vincent-gibaud-chef-de-service-du-parc-mission-int\/#respond\"]}]},{\"@type\":\"WebPage\",\"@id\":\"https:\/\/www.pielnet.fr\/carnet\/rencontre-avec-belaide-bedreddine-vice-president-du-departement-charge-de-lecologie-urbaine-pia-favali-chargee-detudes-natura-2000-et-vincent-gibaud-chef-de-service-du-parc-mission-int\/\",\"url\":\"https:\/\/www.pielnet.fr\/carnet\/rencontre-avec-belaide-bedreddine-vice-president-du-departement-charge-de-lecologie-urbaine-pia-favali-chargee-detudes-natura-2000-et-vincent-gibaud-chef-de-service-du-parc-mission-int\/\",\"name\":\"Nature en ville : le Parc du Sausset - le carnet - Piel\",\"isPartOf\":{\"@id\":\"https:\/\/www.pielnet.fr\/carnet\/#website\"},\"primaryImageOfPage\":{\"@id\":\"https:\/\/www.pielnet.fr\/carnet\/rencontre-avec-belaide-bedreddine-vice-president-du-departement-charge-de-lecologie-urbaine-pia-favali-chargee-detudes-natura-2000-et-vincent-gibaud-chef-de-service-du-parc-mission-int\/#primaryimage\"},\"image\":{\"@id\":\"https:\/\/www.pielnet.fr\/carnet\/rencontre-avec-belaide-bedreddine-vice-president-du-departement-charge-de-lecologie-urbaine-pia-favali-chargee-detudes-natura-2000-et-vincent-gibaud-chef-de-service-du-parc-mission-int\/#primaryimage\"},\"thumbnailUrl\":\"https:\/\/www.pielnet.fr\/carnet\/wp-content\/uploads\/2023\/10\/Capture-decran-2023-10-05-151644.png\",\"datePublished\":\"2023-10-05T13:14:15+00:00\",\"dateModified\":\"2026-01-03T15:19:53+00:00\",\"description\":\"Class\u00e9 Natura 2000, le Parc du Sausset \u00e0 Aulnay-sous-Bois et Villepinte allie pr\u00e9servation de la #biodiversit\u00e9 et accueil du public autour d\u2019animations culturelles, sportives ou encore festives. D\u2019une superficie de 200 hectares, sa v\u00e9g\u00e9talisation, son agriculture urbaine et ses esp\u00e8ces d\u2019oiseaux rares en font le lieu id\u00e9al pour se ressourcer au plus pr\u00e8s de la nature.\",\"breadcrumb\":{\"@id\":\"https:\/\/www.pielnet.fr\/carnet\/rencontre-avec-belaide-bedreddine-vice-president-du-departement-charge-de-lecologie-urbaine-pia-favali-chargee-detudes-natura-2000-et-vincent-gibaud-chef-de-service-du-parc-mission-int\/#breadcrumb\"},\"inLanguage\":\"fr-FR\",\"potentialAction\":[{\"@type\":\"ReadAction\",\"target\":[\"https:\/\/www.pielnet.fr\/carnet\/rencontre-avec-belaide-bedreddine-vice-president-du-departement-charge-de-lecologie-urbaine-pia-favali-chargee-detudes-natura-2000-et-vincent-gibaud-chef-de-service-du-parc-mission-int\/\"]}]},{\"@type\":\"ImageObject\",\"inLanguage\":\"fr-FR\",\"@id\":\"https:\/\/www.pielnet.fr\/carnet\/rencontre-avec-belaide-bedreddine-vice-president-du-departement-charge-de-lecologie-urbaine-pia-favali-chargee-detudes-natura-2000-et-vincent-gibaud-chef-de-service-du-parc-mission-int\/#primaryimage\",\"url\":\"https:\/\/www.pielnet.fr\/carnet\/wp-content\/uploads\/2023\/10\/Capture-decran-2023-10-05-151644.png\",\"contentUrl\":\"https:\/\/www.pielnet.fr\/carnet\/wp-content\/uploads\/2023\/10\/Capture-decran-2023-10-05-151644.png\",\"width\":1851,\"height\":1008,\"caption\":\"Bela\u00efde BEDREDDINE, Vice-pr\u00e9sident du D\u00e9partement charg\u00e9 de l\u2019\u00e9cologie urbaine\"},{\"@type\":\"BreadcrumbList\",\"@id\":\"https:\/\/www.pielnet.fr\/carnet\/rencontre-avec-belaide-bedreddine-vice-president-du-departement-charge-de-lecologie-urbaine-pia-favali-chargee-detudes-natura-2000-et-vincent-gibaud-chef-de-service-du-parc-mission-int\/#breadcrumb\",\"itemListElement\":[{\"@type\":\"ListItem\",\"position\":1,\"name\":\"Accueil\",\"item\":\"https:\/\/www.pielnet.fr\/carnet\/\"},{\"@type\":\"ListItem\",\"position\":2,\"name\":\"Nature en ville : le Parc du Sausset\"}]},{\"@type\":\"WebSite\",\"@id\":\"https:\/\/www.pielnet.fr\/carnet\/#website\",\"url\":\"https:\/\/www.pielnet.fr\/carnet\/\",\"name\":\"le carnet - Piel\",\"description\":\"R\u00e9cits &amp; Territoires - Raconter en images les r\u00e9cits du sensible\",\"publisher\":{\"@id\":\"https:\/\/www.pielnet.fr\/carnet\/#\/schema\/person\/7c09d20dd138514cf3647ce37f1f755d\"},\"potentialAction\":[{\"@type\":\"SearchAction\",\"target\":{\"@type\":\"EntryPoint\",\"urlTemplate\":\"https:\/\/www.pielnet.fr\/carnet\/?s={search_term_string}\"},\"query-input\":{\"@type\":\"PropertyValueSpecification\",\"valueRequired\":true,\"valueName\":\"search_term_string\"}}],\"inLanguage\":\"fr-FR\"},{\"@type\":[\"Person\",\"Organization\"],\"@id\":\"https:\/\/www.pielnet.fr\/carnet\/#\/schema\/person\/7c09d20dd138514cf3647ce37f1f755d\",\"name\":\"arnopiel\",\"image\":{\"@type\":\"ImageObject\",\"inLanguage\":\"fr-FR\",\"@id\":\"https:\/\/www.pielnet.fr\/carnet\/#\/schema\/person\/image\/\",\"url\":\"https:\/\/www.pielnet.fr\/carnet\/wp-content\/uploads\/2021\/01\/IMG_20201212_150932.jpg\",\"contentUrl\":\"https:\/\/www.pielnet.fr\/carnet\/wp-content\/uploads\/2021\/01\/IMG_20201212_150932.jpg\",\"width\":1432,\"height\":1432,\"caption\":\"arnopiel\"},\"logo\":{\"@id\":\"https:\/\/www.pielnet.fr\/carnet\/#\/schema\/person\/image\/\"}}]}<\/script>\n<!-- \/ Yoast SEO plugin. -->","yoast_head_json":{"title":"Nature en ville : le Parc du Sausset - le carnet - Piel","description":"Class\u00e9 Natura 2000, le Parc du Sausset \u00e0 Aulnay-sous-Bois et Villepinte allie pr\u00e9servation de la #biodiversit\u00e9 et accueil du public autour d\u2019animations culturelles, sportives ou encore festives. D\u2019une superficie de 200 hectares, sa v\u00e9g\u00e9talisation, son agriculture urbaine et ses esp\u00e8ces d\u2019oiseaux rares en font le lieu id\u00e9al pour se ressourcer au plus pr\u00e8s de la nature.","robots":{"index":"index","follow":"follow","max-snippet":"max-snippet:-1","max-image-preview":"max-image-preview:large","max-video-preview":"max-video-preview:-1"},"canonical":"https:\/\/www.pielnet.fr\/carnet\/rencontre-avec-belaide-bedreddine-vice-president-du-departement-charge-de-lecologie-urbaine-pia-favali-chargee-detudes-natura-2000-et-vincent-gibaud-chef-de-service-du-parc-mission-int\/","og_locale":"fr_FR","og_type":"article","og_title":"Nature en ville : le Parc du Sausset - le carnet - Piel","og_description":"Class\u00e9 Natura 2000, le Parc du Sausset \u00e0 Aulnay-sous-Bois et Villepinte allie pr\u00e9servation de la #biodiversit\u00e9 et accueil du public autour d\u2019animations culturelles, sportives ou encore festives. D\u2019une superficie de 200 hectares, sa v\u00e9g\u00e9talisation, son agriculture urbaine et ses esp\u00e8ces d\u2019oiseaux rares en font le lieu id\u00e9al pour se ressourcer au plus pr\u00e8s de la nature.","og_url":"https:\/\/www.pielnet.fr\/carnet\/rencontre-avec-belaide-bedreddine-vice-president-du-departement-charge-de-lecologie-urbaine-pia-favali-chargee-detudes-natura-2000-et-vincent-gibaud-chef-de-service-du-parc-mission-int\/","og_site_name":"le carnet - Piel","article_published_time":"2023-10-05T13:14:15+00:00","article_modified_time":"2026-01-03T15:19:53+00:00","og_image":[{"width":1851,"height":1008,"url":"https:\/\/www.pielnet.fr\/carnet\/wp-content\/uploads\/2023\/10\/Capture-decran-2023-10-05-151644.png","type":"image\/png"}],"author":"arnopiel","twitter_card":"summary_large_image","twitter_misc":{"\u00c9crit par":"arnopiel","Dur\u00e9e de lecture estim\u00e9e":"4 minutes"},"schema":{"@context":"https:\/\/schema.org","@graph":[{"@type":"Article","@id":"https:\/\/www.pielnet.fr\/carnet\/rencontre-avec-belaide-bedreddine-vice-president-du-departement-charge-de-lecologie-urbaine-pia-favali-chargee-detudes-natura-2000-et-vincent-gibaud-chef-de-service-du-parc-mission-int\/#article","isPartOf":{"@id":"https:\/\/www.pielnet.fr\/carnet\/rencontre-avec-belaide-bedreddine-vice-president-du-departement-charge-de-lecologie-urbaine-pia-favali-chargee-detudes-natura-2000-et-vincent-gibaud-chef-de-service-du-parc-mission-int\/"},"author":{"name":"arnopiel","@id":"https:\/\/www.pielnet.fr\/carnet\/#\/schema\/person\/7c09d20dd138514cf3647ce37f1f755d"},"headline":"Nature en ville : le Parc du Sausset","datePublished":"2023-10-05T13:14:15+00:00","dateModified":"2026-01-03T15:19:53+00:00","mainEntityOfPage":{"@id":"https:\/\/www.pielnet.fr\/carnet\/rencontre-avec-belaide-bedreddine-vice-president-du-departement-charge-de-lecologie-urbaine-pia-favali-chargee-detudes-natura-2000-et-vincent-gibaud-chef-de-service-du-parc-mission-int\/"},"wordCount":819,"commentCount":0,"publisher":{"@id":"https:\/\/www.pielnet.fr\/carnet\/#\/schema\/person\/7c09d20dd138514cf3647ce37f1f755d"},"image":{"@id":"https:\/\/www.pielnet.fr\/carnet\/rencontre-avec-belaide-bedreddine-vice-president-du-departement-charge-de-lecologie-urbaine-pia-favali-chargee-detudes-natura-2000-et-vincent-gibaud-chef-de-service-du-parc-mission-int\/#primaryimage"},"thumbnailUrl":"https:\/\/www.pielnet.fr\/carnet\/wp-content\/uploads\/2023\/10\/Capture-decran-2023-10-05-151644.png","articleSection":["Doc","Films"],"inLanguage":"fr-FR","potentialAction":[{"@type":"CommentAction","name":"Comment","target":["https:\/\/www.pielnet.fr\/carnet\/rencontre-avec-belaide-bedreddine-vice-president-du-departement-charge-de-lecologie-urbaine-pia-favali-chargee-detudes-natura-2000-et-vincent-gibaud-chef-de-service-du-parc-mission-int\/#respond"]}]},{"@type":"WebPage","@id":"https:\/\/www.pielnet.fr\/carnet\/rencontre-avec-belaide-bedreddine-vice-president-du-departement-charge-de-lecologie-urbaine-pia-favali-chargee-detudes-natura-2000-et-vincent-gibaud-chef-de-service-du-parc-mission-int\/","url":"https:\/\/www.pielnet.fr\/carnet\/rencontre-avec-belaide-bedreddine-vice-president-du-departement-charge-de-lecologie-urbaine-pia-favali-chargee-detudes-natura-2000-et-vincent-gibaud-chef-de-service-du-parc-mission-int\/","name":"Nature en ville : le Parc du Sausset - le carnet - Piel","isPartOf":{"@id":"https:\/\/www.pielnet.fr\/carnet\/#website"},"primaryImageOfPage":{"@id":"https:\/\/www.pielnet.fr\/carnet\/rencontre-avec-belaide-bedreddine-vice-president-du-departement-charge-de-lecologie-urbaine-pia-favali-chargee-detudes-natura-2000-et-vincent-gibaud-chef-de-service-du-parc-mission-int\/#primaryimage"},"image":{"@id":"https:\/\/www.pielnet.fr\/carnet\/rencontre-avec-belaide-bedreddine-vice-president-du-departement-charge-de-lecologie-urbaine-pia-favali-chargee-detudes-natura-2000-et-vincent-gibaud-chef-de-service-du-parc-mission-int\/#primaryimage"},"thumbnailUrl":"https:\/\/www.pielnet.fr\/carnet\/wp-content\/uploads\/2023\/10\/Capture-decran-2023-10-05-151644.png","datePublished":"2023-10-05T13:14:15+00:00","dateModified":"2026-01-03T15:19:53+00:00","description":"Class\u00e9 Natura 2000, le Parc du Sausset \u00e0 Aulnay-sous-Bois et Villepinte allie pr\u00e9servation de la #biodiversit\u00e9 et accueil du public autour d\u2019animations culturelles, sportives ou encore festives. D\u2019une superficie de 200 hectares, sa v\u00e9g\u00e9talisation, son agriculture urbaine et ses esp\u00e8ces d\u2019oiseaux rares en font le lieu id\u00e9al pour se ressourcer au plus pr\u00e8s de la nature.","breadcrumb":{"@id":"https:\/\/www.pielnet.fr\/carnet\/rencontre-avec-belaide-bedreddine-vice-president-du-departement-charge-de-lecologie-urbaine-pia-favali-chargee-detudes-natura-2000-et-vincent-gibaud-chef-de-service-du-parc-mission-int\/#breadcrumb"},"inLanguage":"fr-FR","potentialAction":[{"@type":"ReadAction","target":["https:\/\/www.pielnet.fr\/carnet\/rencontre-avec-belaide-bedreddine-vice-president-du-departement-charge-de-lecologie-urbaine-pia-favali-chargee-detudes-natura-2000-et-vincent-gibaud-chef-de-service-du-parc-mission-int\/"]}]},{"@type":"ImageObject","inLanguage":"fr-FR","@id":"https:\/\/www.pielnet.fr\/carnet\/rencontre-avec-belaide-bedreddine-vice-president-du-departement-charge-de-lecologie-urbaine-pia-favali-chargee-detudes-natura-2000-et-vincent-gibaud-chef-de-service-du-parc-mission-int\/#primaryimage","url":"https:\/\/www.pielnet.fr\/carnet\/wp-content\/uploads\/2023\/10\/Capture-decran-2023-10-05-151644.png","contentUrl":"https:\/\/www.pielnet.fr\/carnet\/wp-content\/uploads\/2023\/10\/Capture-decran-2023-10-05-151644.png","width":1851,"height":1008,"caption":"Bela\u00efde BEDREDDINE, Vice-pr\u00e9sident du D\u00e9partement charg\u00e9 de l\u2019\u00e9cologie urbaine"},{"@type":"BreadcrumbList","@id":"https:\/\/www.pielnet.fr\/carnet\/rencontre-avec-belaide-bedreddine-vice-president-du-departement-charge-de-lecologie-urbaine-pia-favali-chargee-detudes-natura-2000-et-vincent-gibaud-chef-de-service-du-parc-mission-int\/#breadcrumb","itemListElement":[{"@type":"ListItem","position":1,"name":"Accueil","item":"https:\/\/www.pielnet.fr\/carnet\/"},{"@type":"ListItem","position":2,"name":"Nature en ville : le Parc du Sausset"}]},{"@type":"WebSite","@id":"https:\/\/www.pielnet.fr\/carnet\/#website","url":"https:\/\/www.pielnet.fr\/carnet\/","name":"le carnet - Piel","description":"R\u00e9cits &amp; Territoires - Raconter en images les r\u00e9cits du sensible","publisher":{"@id":"https:\/\/www.pielnet.fr\/carnet\/#\/schema\/person\/7c09d20dd138514cf3647ce37f1f755d"},"potentialAction":[{"@type":"SearchAction","target":{"@type":"EntryPoint","urlTemplate":"https:\/\/www.pielnet.fr\/carnet\/?s={search_term_string}"},"query-input":{"@type":"PropertyValueSpecification","valueRequired":true,"valueName":"search_term_string"}}],"inLanguage":"fr-FR"},{"@type":["Person","Organization"],"@id":"https:\/\/www.pielnet.fr\/carnet\/#\/schema\/person\/7c09d20dd138514cf3647ce37f1f755d","name":"arnopiel","image":{"@type":"ImageObject","inLanguage":"fr-FR","@id":"https:\/\/www.pielnet.fr\/carnet\/#\/schema\/person\/image\/","url":"https:\/\/www.pielnet.fr\/carnet\/wp-content\/uploads\/2021\/01\/IMG_20201212_150932.jpg","contentUrl":"https:\/\/www.pielnet.fr\/carnet\/wp-content\/uploads\/2021\/01\/IMG_20201212_150932.jpg","width":1432,"height":1432,"caption":"arnopiel"},"logo":{"@id":"https:\/\/www.pielnet.fr\/carnet\/#\/schema\/person\/image\/"}}]}},"_links":{"self":[{"href":"https:\/\/www.pielnet.fr\/carnet\/wp-json\/wp\/v2\/posts\/3119","targetHints":{"allow":["GET"]}}],"collection":[{"href":"https:\/\/www.pielnet.fr\/carnet\/wp-json\/wp\/v2\/posts"}],"about":[{"href":"https:\/\/www.pielnet.fr\/carnet\/wp-json\/wp\/v2\/types\/post"}],"author":[{"embeddable":true,"href":"https:\/\/www.pielnet.fr\/carnet\/wp-json\/wp\/v2\/users\/1"}],"replies":[{"embeddable":true,"href":"https:\/\/www.pielnet.fr\/carnet\/wp-json\/wp\/v2\/comments?post=3119"}],"version-history":[{"count":11,"href":"https:\/\/www.pielnet.fr\/carnet\/wp-json\/wp\/v2\/posts\/3119\/revisions"}],"predecessor-version":[{"id":3505,"href":"https:\/\/www.pielnet.fr\/carnet\/wp-json\/wp\/v2\/posts\/3119\/revisions\/3505"}],"wp:featuredmedia":[{"embeddable":true,"href":"https:\/\/www.pielnet.fr\/carnet\/wp-json\/wp\/v2\/media\/3123"}],"wp:attachment":[{"href":"https:\/\/www.pielnet.fr\/carnet\/wp-json\/wp\/v2\/media?parent=3119"}],"wp:term":[{"taxonomy":"category","embeddable":true,"href":"https:\/\/www.pielnet.fr\/carnet\/wp-json\/wp\/v2\/categories?post=3119"},{"taxonomy":"post_tag","embeddable":true,"href":"https:\/\/www.pielnet.fr\/carnet\/wp-json\/wp\/v2\/tags?post=3119"}],"curies":[{"name":"wp","href":"https:\/\/api.w.org\/{rel}","templated":true}]}}