{"id":3105,"date":"2023-09-29T09:20:19","date_gmt":"2023-09-29T08:20:19","guid":{"rendered":"https:\/\/www.pielnet.fr\/carnet\/?p=3105"},"modified":"2026-01-01T23:02:07","modified_gmt":"2026-01-01T22:02:07","slug":"55-croc-bauges-une-epicerie-pas-comme-les-autres","status":"publish","type":"post","link":"https:\/\/www.pielnet.fr\/carnet\/55-croc-bauges-une-epicerie-pas-comme-les-autres\/","title":{"rendered":"#55 BIO Bauges, une \u00e9picerie pas comme les autres"},"content":{"rendered":"\n<figure class=\"wp-block-embed is-type-video is-provider-youtube wp-block-embed-youtube wp-embed-aspect-16-9 wp-has-aspect-ratio\"><div class=\"wp-block-embed__wrapper\">\n<iframe loading=\"lazy\" title=\"#55 Croc Bauges, une \u00e9picerie pas comme les autres\" width=\"500\" height=\"281\" src=\"https:\/\/www.youtube.com\/embed\/Wt3JzYO7X70?feature=oembed\" frameborder=\"0\" allow=\"accelerometer; autoplay; clipboard-write; encrypted-media; gyroscope; picture-in-picture; web-share\" referrerpolicy=\"strict-origin-when-cross-origin\" allowfullscreen><\/iframe>\n<\/div><figcaption class=\"wp-element-caption\">Croc Bauges, une \u00e9picerie pas comme les autres <\/figcaption><\/figure>\n\n\n\n<p>Au c\u0153ur du massif des Bauges, l\u2019\u00e9picerie citoyenne et bio <strong>Bio-Bauge<\/strong>s ne se limite pas \u00e0 vendre des produits locaux\u202f: elle invente de nouvelles fa\u00e7ons de cr\u00e9er du lien social et de promouvoir une alimentation saine. Avec son atelier de cuisine <strong>\u201cTous \u00e0 table\u201d<\/strong>, habitants et producteurs se retrouvent pour cuisiner, go\u00fbter et partager, dans un esprit de convivialit\u00e9 et de d\u00e9couverte.<\/p>\n\n\n\n<h3 class=\"wp-block-heading\"><strong>Un projet citoyen et collectif<\/strong><\/h3>\n\n\n\n<p>Depuis plus de dix ans, Bio-Bauges s\u2019inscrit comme un acteur incontournable du territoire. Dominique, habitante et cliente, t\u00e9moigne\u202f:<br><em>\u00ab\u00a0Je viens \u00e0 Bio-Bauges depuis dix ans et demi. J\u2019aime la proximit\u00e9, les produits qu\u2019ils vendent, et l\u2019id\u00e9e de communaut\u00e9. C\u2019est pour \u00e7a qu\u2019on vit ici, dans un endroit plus rural, pour faire vivre les gens qui travaillent localement.\u00a0\u00bb<\/em><\/p>\n\n\n\n<p>Fran\u00e7oise, administratrice de Bio-Bauges, explique le fonctionnement\u202f:<br><em>\u00ab\u00a0C\u2019est un groupe de citoyens qui souhaitait acc\u00e9der \u00e0 une alimentation bio et locale sans descendre dans les villes. Nous ne faisons partie d\u2019aucune grande cha\u00eene. La gouvernance est partag\u00e9e\u202f: chaque voix compte, et les d\u00e9cisions se prennent en commissions r\u00e9unissant salari\u00e9s, administrateurs, producteurs et consommateurs.\u00a0\u00bb<\/em><\/p>\n\n\n\n<h3 class=\"wp-block-heading\"><strong>\u201cTous \u00e0 table\u201d\u202f: cuisiner ensemble, d\u00e9couvrir et partager<\/strong><\/h3>\n\n\n\n<p>Le nouvel atelier de cuisine de l\u2019\u00e9picerie, <strong>\u201cTous \u00e0 table\u201d<\/strong>, permet \u00e0 chacun de participer \u00e0 des repas collectifs ou de suivre des ateliers pratiques. Fred, cultivateur de champignons et animateur, d\u00e9crit l\u2019esprit du projet\u202f:<br><em>\u00ab\u00a0C\u2019est plus qu\u2019un magasin, c\u2019est une famille. Chaque fois que j\u2019ai une nouvelle id\u00e9e de recette, je peux la tester ici et obtenir des retours directs. On \u00e9change, on go\u00fbte, on invente de nouveaux produits.\u00a0\u00bb<\/em><\/p>\n\n\n\n<p>Les participants profitent de ce moment pour d\u00e9couvrir de nouvelles saveurs et techniques. Mathias, un stagiaire, confie\u202f:<br><em>\u00ab\u00a0\u00c7a me permet de rencontrer des gens et d\u2019int\u00e9grer autre chose dans ma vie. L\u2019image du milieu \u00e9colo, vegan, est loin de la r\u00e9alit\u00e9\u202f: on rencontre des personnes vraiment int\u00e9ressantes et ouvertes ici.\u00a0\u00bb<\/em><\/p>\n\n\n\n<p>Les ateliers sont ouverts \u00e0 tous\u202f: chacun peut apprendre \u00e0 cuisiner avec des produits locaux et bio, ou simplement d\u00e9jeuner le vendredi midi pour 3,50\u202f\u20ac, avec la possibilit\u00e9 de contribuer davantage selon ses moyens.<\/p>\n\n\n\n<h3 class=\"wp-block-heading\"><strong>Soutenir les producteurs locaux et l\u2019innovation culinaire<\/strong><\/h3>\n\n\n\n<p>Bio-Bauges encourage aussi l\u2019innovation et la cr\u00e9ativit\u00e9 culinaire des producteurs locaux. Fred raconte\u202f:<br><em>\u00ab\u00a0La premi\u00e8re fois que j\u2019ai propos\u00e9 mes champignons, on m\u2019a accueilli imm\u00e9diatement. Depuis, j\u2019ai pu cr\u00e9er de nouvelles recettes, comme le shiitake au gingembre et curcuma, test\u00e9 lors d\u2019un repas partag\u00e9.\u00a0\u00bb<\/em><\/p>\n\n\n\n<p>Pour Fran\u00e7oise, la d\u00e9marche d\u00e9passe la simple vente\u202f:<br><em>\u00ab\u00a0L\u2019objectif est de cr\u00e9er une communaut\u00e9 o\u00f9 chacun peut d\u00e9couvrir, apprendre et partager, tout en soutenant une \u00e9conomie locale et durable.\u00a0\u00bb<\/em><\/p>\n\n\n\n<hr class=\"wp-block-separator has-alpha-channel-opacity\"\/>\n\n\n\n<p><strong>Adresse :<\/strong> Croque-Bauge, massif des Bauges<br><strong>Activit\u00e9 :<\/strong> \u00c9picerie bio et citoyenne avec ateliers de cuisine participatifs<br><strong>Atelier \u201cTous \u00e0 table\u201d :<\/strong><\/p>\n\n\n\n<ul class=\"wp-block-list\">\n<li>Ouvert \u00e0 tous, quel que soit le budget<\/li>\n\n\n\n<li>D\u00e9couverte de produits locaux et de saison<\/li>\n\n\n\n<li>Participation aux repas partag\u00e9s<\/li>\n\n\n\n<li>Apprentissage de recettes et techniques de cuisine<br><strong>Prix :<\/strong> Repas de base \u00e0 3,50\u202f\u20ac (participation libre possible)<br><strong>Objectif :<\/strong> Favoriser la consommation locale, cr\u00e9er du lien social et soutenir l\u2019innovation culinaire des producteurs du massif<\/li>\n<\/ul>\n\n\n\n<figure class=\"wp-block-embed is-type-wp-embed is-provider-le-carnet-piel wp-block-embed-le-carnet-piel\"><div class=\"wp-block-embed__wrapper\">\n<blockquote class=\"wp-embedded-content\" data-secret=\"h3OYh2UMl3\"><a href=\"https:\/\/www.pielnet.fr\/carnet\/les-cantines-circuit-court-et-bio-du-perigord-limousin\/\">Les cantines circuit-court et bio du P\u00e9rigord-Limousin<\/a><\/blockquote><iframe loading=\"lazy\" class=\"wp-embedded-content\" sandbox=\"allow-scripts\" security=\"restricted\" style=\"position: absolute; visibility: hidden;\" title=\"\u00ab\u00a0Les cantines circuit-court et bio du P\u00e9rigord-Limousin\u00a0\u00bb &#8212; le carnet - Piel\" src=\"https:\/\/www.pielnet.fr\/carnet\/les-cantines-circuit-court-et-bio-du-perigord-limousin\/embed\/#?secret=RMJKwSTM8G#?secret=h3OYh2UMl3\" data-secret=\"h3OYh2UMl3\" width=\"500\" height=\"282\" frameborder=\"0\" marginwidth=\"0\" marginheight=\"0\" scrolling=\"no\"><\/iframe>\n<\/div><\/figure>\n","protected":false},"excerpt":{"rendered":"<p>Depuis plus de 10 ans, un collectif de citoyens a mis en place une \u00e9picerie bio et locale en plein c\u0153ur du Parc naturel r\u00e9gional du massif des Bauges.<br \/>\nDepuis elle n&rsquo;a cess\u00e9 de grandir, d&rsquo;\u00e9voluer. Dernier am\u00e9nagement en date : une cuisine au sein des locaux pour accueillir les ateliers \u00ab\u00a0Tous \u00e0 Table\u00a0\u00bb qui proposent la pr\u00e9paration et le repas partag\u00e9 bio et local \u00e0 port\u00e9e de tous.<\/p>\n","protected":false},"author":1,"featured_media":3106,"comment_status":"open","ping_status":"open","sticky":true,"template":"","format":"standard","meta":{"footnotes":""},"categories":[472,69],"tags":[],"class_list":["post-3105","post","type-post","status-publish","format-standard","has-post-thumbnail","hentry","category-doc","category-films"],"yoast_head":"<!-- This site is optimized with the Yoast SEO plugin v26.7 - https:\/\/yoast.com\/wordpress\/plugins\/seo\/ -->\n<title>#55 BIO Bauges, une \u00e9picerie pas comme les autres - le carnet - Piel<\/title>\n<meta name=\"robots\" content=\"index, follow, max-snippet:-1, max-image-preview:large, max-video-preview:-1\" \/>\n<link rel=\"canonical\" href=\"https:\/\/www.pielnet.fr\/carnet\/55-croc-bauges-une-epicerie-pas-comme-les-autres\/\" \/>\n<meta property=\"og:locale\" content=\"fr_FR\" \/>\n<meta property=\"og:type\" content=\"article\" \/>\n<meta property=\"og:title\" content=\"#55 BIO Bauges, une \u00e9picerie pas comme les autres - le carnet - Piel\" \/>\n<meta property=\"og:description\" content=\"Depuis plus de 10 ans, un collectif de citoyens a mis en place une \u00e9picerie bio et locale en plein c\u0153ur du Parc naturel r\u00e9gional du massif des Bauges. Depuis elle n&#039;a cess\u00e9 de grandir, d&#039;\u00e9voluer. Dernier am\u00e9nagement en date : une cuisine au sein des locaux pour accueillir les ateliers &quot;Tous \u00e0 Table&quot; qui proposent la pr\u00e9paration et le repas partag\u00e9 bio et local \u00e0 port\u00e9e de tous.\" \/>\n<meta property=\"og:url\" content=\"https:\/\/www.pielnet.fr\/carnet\/55-croc-bauges-une-epicerie-pas-comme-les-autres\/\" \/>\n<meta property=\"og:site_name\" content=\"le carnet - Piel\" \/>\n<meta property=\"article:published_time\" content=\"2023-09-29T08:20:19+00:00\" \/>\n<meta property=\"article:modified_time\" content=\"2026-01-01T22:02:07+00:00\" \/>\n<meta property=\"og:image\" content=\"https:\/\/www.pielnet.fr\/carnet\/wp-content\/uploads\/2023\/09\/Capture-decran-2023-09-29-101826.png\" \/>\n\t<meta property=\"og:image:width\" content=\"1914\" \/>\n\t<meta property=\"og:image:height\" content=\"1010\" \/>\n\t<meta property=\"og:image:type\" content=\"image\/png\" \/>\n<meta name=\"author\" content=\"arnopiel\" \/>\n<meta name=\"twitter:card\" content=\"summary_large_image\" \/>\n<meta name=\"twitter:label1\" content=\"\u00c9crit par\" \/>\n\t<meta name=\"twitter:data1\" content=\"arnopiel\" \/>\n\t<meta name=\"twitter:label2\" content=\"Dur\u00e9e de lecture estim\u00e9e\" \/>\n\t<meta name=\"twitter:data2\" content=\"3 minutes\" \/>\n<script type=\"application\/ld+json\" class=\"yoast-schema-graph\">{\"@context\":\"https:\/\/schema.org\",\"@graph\":[{\"@type\":\"Article\",\"@id\":\"https:\/\/www.pielnet.fr\/carnet\/55-croc-bauges-une-epicerie-pas-comme-les-autres\/#article\",\"isPartOf\":{\"@id\":\"https:\/\/www.pielnet.fr\/carnet\/55-croc-bauges-une-epicerie-pas-comme-les-autres\/\"},\"author\":{\"name\":\"arnopiel\",\"@id\":\"https:\/\/www.pielnet.fr\/carnet\/#\/schema\/person\/7c09d20dd138514cf3647ce37f1f755d\"},\"headline\":\"#55 BIO Bauges, une \u00e9picerie pas comme les autres\",\"datePublished\":\"2023-09-29T08:20:19+00:00\",\"dateModified\":\"2026-01-01T22:02:07+00:00\",\"mainEntityOfPage\":{\"@id\":\"https:\/\/www.pielnet.fr\/carnet\/55-croc-bauges-une-epicerie-pas-comme-les-autres\/\"},\"wordCount\":567,\"commentCount\":0,\"publisher\":{\"@id\":\"https:\/\/www.pielnet.fr\/carnet\/#\/schema\/person\/7c09d20dd138514cf3647ce37f1f755d\"},\"image\":{\"@id\":\"https:\/\/www.pielnet.fr\/carnet\/55-croc-bauges-une-epicerie-pas-comme-les-autres\/#primaryimage\"},\"thumbnailUrl\":\"https:\/\/www.pielnet.fr\/carnet\/wp-content\/uploads\/2023\/09\/Capture-decran-2023-09-29-101826.png\",\"articleSection\":[\"Doc\",\"Films\"],\"inLanguage\":\"fr-FR\",\"potentialAction\":[{\"@type\":\"CommentAction\",\"name\":\"Comment\",\"target\":[\"https:\/\/www.pielnet.fr\/carnet\/55-croc-bauges-une-epicerie-pas-comme-les-autres\/#respond\"]}]},{\"@type\":\"WebPage\",\"@id\":\"https:\/\/www.pielnet.fr\/carnet\/55-croc-bauges-une-epicerie-pas-comme-les-autres\/\",\"url\":\"https:\/\/www.pielnet.fr\/carnet\/55-croc-bauges-une-epicerie-pas-comme-les-autres\/\",\"name\":\"#55 BIO Bauges, une \u00e9picerie pas comme les autres - le carnet - Piel\",\"isPartOf\":{\"@id\":\"https:\/\/www.pielnet.fr\/carnet\/#website\"},\"primaryImageOfPage\":{\"@id\":\"https:\/\/www.pielnet.fr\/carnet\/55-croc-bauges-une-epicerie-pas-comme-les-autres\/#primaryimage\"},\"image\":{\"@id\":\"https:\/\/www.pielnet.fr\/carnet\/55-croc-bauges-une-epicerie-pas-comme-les-autres\/#primaryimage\"},\"thumbnailUrl\":\"https:\/\/www.pielnet.fr\/carnet\/wp-content\/uploads\/2023\/09\/Capture-decran-2023-09-29-101826.png\",\"datePublished\":\"2023-09-29T08:20:19+00:00\",\"dateModified\":\"2026-01-01T22:02:07+00:00\",\"breadcrumb\":{\"@id\":\"https:\/\/www.pielnet.fr\/carnet\/55-croc-bauges-une-epicerie-pas-comme-les-autres\/#breadcrumb\"},\"inLanguage\":\"fr-FR\",\"potentialAction\":[{\"@type\":\"ReadAction\",\"target\":[\"https:\/\/www.pielnet.fr\/carnet\/55-croc-bauges-une-epicerie-pas-comme-les-autres\/\"]}]},{\"@type\":\"ImageObject\",\"inLanguage\":\"fr-FR\",\"@id\":\"https:\/\/www.pielnet.fr\/carnet\/55-croc-bauges-une-epicerie-pas-comme-les-autres\/#primaryimage\",\"url\":\"https:\/\/www.pielnet.fr\/carnet\/wp-content\/uploads\/2023\/09\/Capture-decran-2023-09-29-101826.png\",\"contentUrl\":\"https:\/\/www.pielnet.fr\/carnet\/wp-content\/uploads\/2023\/09\/Capture-decran-2023-09-29-101826.png\",\"width\":1914,\"height\":1010},{\"@type\":\"BreadcrumbList\",\"@id\":\"https:\/\/www.pielnet.fr\/carnet\/55-croc-bauges-une-epicerie-pas-comme-les-autres\/#breadcrumb\",\"itemListElement\":[{\"@type\":\"ListItem\",\"position\":1,\"name\":\"Accueil\",\"item\":\"https:\/\/www.pielnet.fr\/carnet\/\"},{\"@type\":\"ListItem\",\"position\":2,\"name\":\"#55 BIO Bauges, une \u00e9picerie pas comme les autres\"}]},{\"@type\":\"WebSite\",\"@id\":\"https:\/\/www.pielnet.fr\/carnet\/#website\",\"url\":\"https:\/\/www.pielnet.fr\/carnet\/\",\"name\":\"le carnet - Piel\",\"description\":\"R\u00e9cits &amp; Territoires - Raconter en images les r\u00e9cits du sensible\",\"publisher\":{\"@id\":\"https:\/\/www.pielnet.fr\/carnet\/#\/schema\/person\/7c09d20dd138514cf3647ce37f1f755d\"},\"potentialAction\":[{\"@type\":\"SearchAction\",\"target\":{\"@type\":\"EntryPoint\",\"urlTemplate\":\"https:\/\/www.pielnet.fr\/carnet\/?s={search_term_string}\"},\"query-input\":{\"@type\":\"PropertyValueSpecification\",\"valueRequired\":true,\"valueName\":\"search_term_string\"}}],\"inLanguage\":\"fr-FR\"},{\"@type\":[\"Person\",\"Organization\"],\"@id\":\"https:\/\/www.pielnet.fr\/carnet\/#\/schema\/person\/7c09d20dd138514cf3647ce37f1f755d\",\"name\":\"arnopiel\",\"image\":{\"@type\":\"ImageObject\",\"inLanguage\":\"fr-FR\",\"@id\":\"https:\/\/www.pielnet.fr\/carnet\/#\/schema\/person\/image\/\",\"url\":\"https:\/\/www.pielnet.fr\/carnet\/wp-content\/uploads\/2021\/01\/IMG_20201212_150932.jpg\",\"contentUrl\":\"https:\/\/www.pielnet.fr\/carnet\/wp-content\/uploads\/2021\/01\/IMG_20201212_150932.jpg\",\"width\":1432,\"height\":1432,\"caption\":\"arnopiel\"},\"logo\":{\"@id\":\"https:\/\/www.pielnet.fr\/carnet\/#\/schema\/person\/image\/\"}}]}<\/script>\n<!-- \/ Yoast SEO plugin. -->","yoast_head_json":{"title":"#55 BIO Bauges, une \u00e9picerie pas comme les autres - le carnet - Piel","robots":{"index":"index","follow":"follow","max-snippet":"max-snippet:-1","max-image-preview":"max-image-preview:large","max-video-preview":"max-video-preview:-1"},"canonical":"https:\/\/www.pielnet.fr\/carnet\/55-croc-bauges-une-epicerie-pas-comme-les-autres\/","og_locale":"fr_FR","og_type":"article","og_title":"#55 BIO Bauges, une \u00e9picerie pas comme les autres - le carnet - Piel","og_description":"Depuis plus de 10 ans, un collectif de citoyens a mis en place une \u00e9picerie bio et locale en plein c\u0153ur du Parc naturel r\u00e9gional du massif des Bauges. Depuis elle n'a cess\u00e9 de grandir, d'\u00e9voluer. Dernier am\u00e9nagement en date : une cuisine au sein des locaux pour accueillir les ateliers \"Tous \u00e0 Table\" qui proposent la pr\u00e9paration et le repas partag\u00e9 bio et local \u00e0 port\u00e9e de tous.","og_url":"https:\/\/www.pielnet.fr\/carnet\/55-croc-bauges-une-epicerie-pas-comme-les-autres\/","og_site_name":"le carnet - Piel","article_published_time":"2023-09-29T08:20:19+00:00","article_modified_time":"2026-01-01T22:02:07+00:00","og_image":[{"width":1914,"height":1010,"url":"https:\/\/www.pielnet.fr\/carnet\/wp-content\/uploads\/2023\/09\/Capture-decran-2023-09-29-101826.png","type":"image\/png"}],"author":"arnopiel","twitter_card":"summary_large_image","twitter_misc":{"\u00c9crit par":"arnopiel","Dur\u00e9e de lecture estim\u00e9e":"3 minutes"},"schema":{"@context":"https:\/\/schema.org","@graph":[{"@type":"Article","@id":"https:\/\/www.pielnet.fr\/carnet\/55-croc-bauges-une-epicerie-pas-comme-les-autres\/#article","isPartOf":{"@id":"https:\/\/www.pielnet.fr\/carnet\/55-croc-bauges-une-epicerie-pas-comme-les-autres\/"},"author":{"name":"arnopiel","@id":"https:\/\/www.pielnet.fr\/carnet\/#\/schema\/person\/7c09d20dd138514cf3647ce37f1f755d"},"headline":"#55 BIO Bauges, une \u00e9picerie pas comme les autres","datePublished":"2023-09-29T08:20:19+00:00","dateModified":"2026-01-01T22:02:07+00:00","mainEntityOfPage":{"@id":"https:\/\/www.pielnet.fr\/carnet\/55-croc-bauges-une-epicerie-pas-comme-les-autres\/"},"wordCount":567,"commentCount":0,"publisher":{"@id":"https:\/\/www.pielnet.fr\/carnet\/#\/schema\/person\/7c09d20dd138514cf3647ce37f1f755d"},"image":{"@id":"https:\/\/www.pielnet.fr\/carnet\/55-croc-bauges-une-epicerie-pas-comme-les-autres\/#primaryimage"},"thumbnailUrl":"https:\/\/www.pielnet.fr\/carnet\/wp-content\/uploads\/2023\/09\/Capture-decran-2023-09-29-101826.png","articleSection":["Doc","Films"],"inLanguage":"fr-FR","potentialAction":[{"@type":"CommentAction","name":"Comment","target":["https:\/\/www.pielnet.fr\/carnet\/55-croc-bauges-une-epicerie-pas-comme-les-autres\/#respond"]}]},{"@type":"WebPage","@id":"https:\/\/www.pielnet.fr\/carnet\/55-croc-bauges-une-epicerie-pas-comme-les-autres\/","url":"https:\/\/www.pielnet.fr\/carnet\/55-croc-bauges-une-epicerie-pas-comme-les-autres\/","name":"#55 BIO Bauges, une \u00e9picerie pas comme les autres - le carnet - Piel","isPartOf":{"@id":"https:\/\/www.pielnet.fr\/carnet\/#website"},"primaryImageOfPage":{"@id":"https:\/\/www.pielnet.fr\/carnet\/55-croc-bauges-une-epicerie-pas-comme-les-autres\/#primaryimage"},"image":{"@id":"https:\/\/www.pielnet.fr\/carnet\/55-croc-bauges-une-epicerie-pas-comme-les-autres\/#primaryimage"},"thumbnailUrl":"https:\/\/www.pielnet.fr\/carnet\/wp-content\/uploads\/2023\/09\/Capture-decran-2023-09-29-101826.png","datePublished":"2023-09-29T08:20:19+00:00","dateModified":"2026-01-01T22:02:07+00:00","breadcrumb":{"@id":"https:\/\/www.pielnet.fr\/carnet\/55-croc-bauges-une-epicerie-pas-comme-les-autres\/#breadcrumb"},"inLanguage":"fr-FR","potentialAction":[{"@type":"ReadAction","target":["https:\/\/www.pielnet.fr\/carnet\/55-croc-bauges-une-epicerie-pas-comme-les-autres\/"]}]},{"@type":"ImageObject","inLanguage":"fr-FR","@id":"https:\/\/www.pielnet.fr\/carnet\/55-croc-bauges-une-epicerie-pas-comme-les-autres\/#primaryimage","url":"https:\/\/www.pielnet.fr\/carnet\/wp-content\/uploads\/2023\/09\/Capture-decran-2023-09-29-101826.png","contentUrl":"https:\/\/www.pielnet.fr\/carnet\/wp-content\/uploads\/2023\/09\/Capture-decran-2023-09-29-101826.png","width":1914,"height":1010},{"@type":"BreadcrumbList","@id":"https:\/\/www.pielnet.fr\/carnet\/55-croc-bauges-une-epicerie-pas-comme-les-autres\/#breadcrumb","itemListElement":[{"@type":"ListItem","position":1,"name":"Accueil","item":"https:\/\/www.pielnet.fr\/carnet\/"},{"@type":"ListItem","position":2,"name":"#55 BIO Bauges, une \u00e9picerie pas comme les autres"}]},{"@type":"WebSite","@id":"https:\/\/www.pielnet.fr\/carnet\/#website","url":"https:\/\/www.pielnet.fr\/carnet\/","name":"le carnet - Piel","description":"R\u00e9cits &amp; Territoires - Raconter en images les r\u00e9cits du sensible","publisher":{"@id":"https:\/\/www.pielnet.fr\/carnet\/#\/schema\/person\/7c09d20dd138514cf3647ce37f1f755d"},"potentialAction":[{"@type":"SearchAction","target":{"@type":"EntryPoint","urlTemplate":"https:\/\/www.pielnet.fr\/carnet\/?s={search_term_string}"},"query-input":{"@type":"PropertyValueSpecification","valueRequired":true,"valueName":"search_term_string"}}],"inLanguage":"fr-FR"},{"@type":["Person","Organization"],"@id":"https:\/\/www.pielnet.fr\/carnet\/#\/schema\/person\/7c09d20dd138514cf3647ce37f1f755d","name":"arnopiel","image":{"@type":"ImageObject","inLanguage":"fr-FR","@id":"https:\/\/www.pielnet.fr\/carnet\/#\/schema\/person\/image\/","url":"https:\/\/www.pielnet.fr\/carnet\/wp-content\/uploads\/2021\/01\/IMG_20201212_150932.jpg","contentUrl":"https:\/\/www.pielnet.fr\/carnet\/wp-content\/uploads\/2021\/01\/IMG_20201212_150932.jpg","width":1432,"height":1432,"caption":"arnopiel"},"logo":{"@id":"https:\/\/www.pielnet.fr\/carnet\/#\/schema\/person\/image\/"}}]}},"_links":{"self":[{"href":"https:\/\/www.pielnet.fr\/carnet\/wp-json\/wp\/v2\/posts\/3105","targetHints":{"allow":["GET"]}}],"collection":[{"href":"https:\/\/www.pielnet.fr\/carnet\/wp-json\/wp\/v2\/posts"}],"about":[{"href":"https:\/\/www.pielnet.fr\/carnet\/wp-json\/wp\/v2\/types\/post"}],"author":[{"embeddable":true,"href":"https:\/\/www.pielnet.fr\/carnet\/wp-json\/wp\/v2\/users\/1"}],"replies":[{"embeddable":true,"href":"https:\/\/www.pielnet.fr\/carnet\/wp-json\/wp\/v2\/comments?post=3105"}],"version-history":[{"count":6,"href":"https:\/\/www.pielnet.fr\/carnet\/wp-json\/wp\/v2\/posts\/3105\/revisions"}],"predecessor-version":[{"id":3458,"href":"https:\/\/www.pielnet.fr\/carnet\/wp-json\/wp\/v2\/posts\/3105\/revisions\/3458"}],"wp:featuredmedia":[{"embeddable":true,"href":"https:\/\/www.pielnet.fr\/carnet\/wp-json\/wp\/v2\/media\/3106"}],"wp:attachment":[{"href":"https:\/\/www.pielnet.fr\/carnet\/wp-json\/wp\/v2\/media?parent=3105"}],"wp:term":[{"taxonomy":"category","embeddable":true,"href":"https:\/\/www.pielnet.fr\/carnet\/wp-json\/wp\/v2\/categories?post=3105"},{"taxonomy":"post_tag","embeddable":true,"href":"https:\/\/www.pielnet.fr\/carnet\/wp-json\/wp\/v2\/tags?post=3105"}],"curies":[{"name":"wp","href":"https:\/\/api.w.org\/{rel}","templated":true}]}}