{"id":3079,"date":"2023-09-04T11:06:25","date_gmt":"2023-09-04T10:06:25","guid":{"rendered":"https:\/\/www.pielnet.fr\/carnet\/?p=3079"},"modified":"2023-10-14T09:17:10","modified_gmt":"2023-10-14T08:17:10","slug":"nouveau-site-de-la-commune-de-sansais-la-garette-dans-le-marais-poitevin","status":"publish","type":"post","link":"https:\/\/www.pielnet.fr\/carnet\/nouveau-site-de-la-commune-de-sansais-la-garette-dans-le-marais-poitevin\/","title":{"rendered":"Nouveau site de la commune de Sansais la Garette dans le marais poitevin"},"content":{"rendered":"\n<figure class=\"wp-block-image size-large\"><a href=\"https:\/\/www.pielnet.fr\/carnet\/wp-content\/uploads\/2023\/09\/Capture-decran-2023-09-04-120252.png\"><img loading=\"lazy\" decoding=\"async\" width=\"1024\" height=\"531\" src=\"https:\/\/www.pielnet.fr\/carnet\/wp-content\/uploads\/2023\/09\/Capture-decran-2023-09-04-120252-1024x531.png\" alt=\"le nouveau site de Sansais la Garette\" class=\"wp-image-3080\" srcset=\"https:\/\/www.pielnet.fr\/carnet\/wp-content\/uploads\/2023\/09\/Capture-decran-2023-09-04-120252-1024x531.png 1024w, https:\/\/www.pielnet.fr\/carnet\/wp-content\/uploads\/2023\/09\/Capture-decran-2023-09-04-120252-300x155.png 300w, https:\/\/www.pielnet.fr\/carnet\/wp-content\/uploads\/2023\/09\/Capture-decran-2023-09-04-120252-768x398.png 768w, https:\/\/www.pielnet.fr\/carnet\/wp-content\/uploads\/2023\/09\/Capture-decran-2023-09-04-120252-1536x796.png 1536w, https:\/\/www.pielnet.fr\/carnet\/wp-content\/uploads\/2023\/09\/Capture-decran-2023-09-04-120252.png 1918w\" sizes=\"auto, (max-width: 1024px) 100vw, 1024px\" \/><\/a><figcaption class=\"wp-element-caption\">le nouveau site de Sansais la Garette<\/figcaption><\/figure>\n\n\n\n<hr class=\"wp-block-separator has-alpha-channel-opacity\"\/>\n\n\n\n<p>Plus rapide, plus moderne, ergonomique.. je suis fier de vous pr\u00e9senter le nouveau site de la commune de Sansais la Garette, dans le Marais Poitevin, au c\u0153ur du Parc naturel du Marais Poitevin, Grand site de France. Une refonte compl\u00e8te d&rsquo;un site dont je m&rsquo;occupe depuis une dizaine d\u2019ann\u00e9es, de municipalit\u00e9 en municipalit\u00e9, un th\u00e8me d\u00e9velopp\u00e9 sur mesure optimis\u00e9 pour les derni\u00e8res versions de wordpress :<\/p>\n\n\n\n<p>\u00e0 d\u00e9couvrir ici : <a href=\"https:\/\/www.sansais-lagarette.com\/\" target=\"_blank\" rel=\"noreferrer noopener\">https:\/\/www.sansais-lagarette.com\/<\/a><\/p>\n\n\n\n<p>r\u00e9alisation : Piel 2eme et 3eme Trimestre 2023<\/p>\n\n\n\n<hr class=\"wp-block-separator has-alpha-channel-opacity\"\/>\n","protected":false},"excerpt":{"rendered":"<p>Plus rapide, plus moderne, ergonomique.. je suis fier de vous pr\u00e9senter le nouveau site de la commune de Sansais la Garette, dans le Marais Poitevin, au c\u0153ur du Parc naturel du Marais Poitevin, Grand site de France. Une refonte compl\u00e8te d&rsquo;un site dont je m&rsquo;occupe depuis une dizaine d\u2019ann\u00e9es, de municipalit\u00e9 en municipalit\u00e9, un th\u00e8me [&hellip;]<\/p>\n","protected":false},"author":1,"featured_media":3080,"comment_status":"open","ping_status":"open","sticky":false,"template":"","format":"standard","meta":{"footnotes":""},"categories":[1],"tags":[],"class_list":["post-3079","post","type-post","status-publish","format-standard","has-post-thumbnail","hentry","category-creations"],"yoast_head":"<!-- This site is optimized with the Yoast SEO plugin v26.7 - https:\/\/yoast.com\/wordpress\/plugins\/seo\/ -->\n<title>Nouveau site de la commune de Sansais la Garette dans le marais poitevin - le carnet - Piel<\/title>\n<meta name=\"robots\" content=\"index, follow, max-snippet:-1, max-image-preview:large, max-video-preview:-1\" \/>\n<link rel=\"canonical\" href=\"https:\/\/www.pielnet.fr\/carnet\/nouveau-site-de-la-commune-de-sansais-la-garette-dans-le-marais-poitevin\/\" \/>\n<meta property=\"og:locale\" content=\"fr_FR\" \/>\n<meta property=\"og:type\" content=\"article\" \/>\n<meta property=\"og:title\" content=\"Nouveau site de la commune de Sansais la Garette dans le marais poitevin - le carnet - Piel\" \/>\n<meta property=\"og:description\" content=\"Plus rapide, plus moderne, ergonomique.. je suis fier de vous pr\u00e9senter le nouveau site de la commune de Sansais la Garette, dans le Marais Poitevin, au c\u0153ur du Parc naturel du Marais Poitevin, Grand site de France. Une refonte compl\u00e8te d&rsquo;un site dont je m&rsquo;occupe depuis une dizaine d\u2019ann\u00e9es, de municipalit\u00e9 en municipalit\u00e9, un th\u00e8me [&hellip;]\" \/>\n<meta property=\"og:url\" content=\"https:\/\/www.pielnet.fr\/carnet\/nouveau-site-de-la-commune-de-sansais-la-garette-dans-le-marais-poitevin\/\" \/>\n<meta property=\"og:site_name\" content=\"le carnet - Piel\" \/>\n<meta property=\"article:published_time\" content=\"2023-09-04T10:06:25+00:00\" \/>\n<meta property=\"article:modified_time\" content=\"2023-10-14T08:17:10+00:00\" \/>\n<meta property=\"og:image\" content=\"https:\/\/www.pielnet.fr\/carnet\/wp-content\/uploads\/2023\/09\/Capture-decran-2023-09-04-120252-1024x531.png\" \/>\n\t<meta property=\"og:image:width\" content=\"1024\" \/>\n\t<meta property=\"og:image:height\" content=\"531\" \/>\n\t<meta property=\"og:image:type\" content=\"image\/png\" \/>\n<meta name=\"author\" content=\"arnopiel\" \/>\n<meta name=\"twitter:card\" content=\"summary_large_image\" \/>\n<meta name=\"twitter:label1\" content=\"\u00c9crit par\" \/>\n\t<meta name=\"twitter:data1\" content=\"arnopiel\" \/>\n<script type=\"application\/ld+json\" class=\"yoast-schema-graph\">{\"@context\":\"https:\/\/schema.org\",\"@graph\":[{\"@type\":\"Article\",\"@id\":\"https:\/\/www.pielnet.fr\/carnet\/nouveau-site-de-la-commune-de-sansais-la-garette-dans-le-marais-poitevin\/#article\",\"isPartOf\":{\"@id\":\"https:\/\/www.pielnet.fr\/carnet\/nouveau-site-de-la-commune-de-sansais-la-garette-dans-le-marais-poitevin\/\"},\"author\":{\"name\":\"arnopiel\",\"@id\":\"https:\/\/www.pielnet.fr\/carnet\/#\/schema\/person\/7c09d20dd138514cf3647ce37f1f755d\"},\"headline\":\"Nouveau site de la commune de Sansais la Garette dans le marais poitevin\",\"datePublished\":\"2023-09-04T10:06:25+00:00\",\"dateModified\":\"2023-10-14T08:17:10+00:00\",\"mainEntityOfPage\":{\"@id\":\"https:\/\/www.pielnet.fr\/carnet\/nouveau-site-de-la-commune-de-sansais-la-garette-dans-le-marais-poitevin\/\"},\"wordCount\":109,\"commentCount\":0,\"publisher\":{\"@id\":\"https:\/\/www.pielnet.fr\/carnet\/#\/schema\/person\/7c09d20dd138514cf3647ce37f1f755d\"},\"image\":{\"@id\":\"https:\/\/www.pielnet.fr\/carnet\/nouveau-site-de-la-commune-de-sansais-la-garette-dans-le-marais-poitevin\/#primaryimage\"},\"thumbnailUrl\":\"https:\/\/www.pielnet.fr\/carnet\/wp-content\/uploads\/2023\/09\/Capture-decran-2023-09-04-120252.png\",\"articleSection\":[\"Sites\"],\"inLanguage\":\"fr-FR\",\"potentialAction\":[{\"@type\":\"CommentAction\",\"name\":\"Comment\",\"target\":[\"https:\/\/www.pielnet.fr\/carnet\/nouveau-site-de-la-commune-de-sansais-la-garette-dans-le-marais-poitevin\/#respond\"]}]},{\"@type\":\"WebPage\",\"@id\":\"https:\/\/www.pielnet.fr\/carnet\/nouveau-site-de-la-commune-de-sansais-la-garette-dans-le-marais-poitevin\/\",\"url\":\"https:\/\/www.pielnet.fr\/carnet\/nouveau-site-de-la-commune-de-sansais-la-garette-dans-le-marais-poitevin\/\",\"name\":\"Nouveau site de la commune de Sansais la Garette dans le marais poitevin - le carnet - Piel\",\"isPartOf\":{\"@id\":\"https:\/\/www.pielnet.fr\/carnet\/#website\"},\"primaryImageOfPage\":{\"@id\":\"https:\/\/www.pielnet.fr\/carnet\/nouveau-site-de-la-commune-de-sansais-la-garette-dans-le-marais-poitevin\/#primaryimage\"},\"image\":{\"@id\":\"https:\/\/www.pielnet.fr\/carnet\/nouveau-site-de-la-commune-de-sansais-la-garette-dans-le-marais-poitevin\/#primaryimage\"},\"thumbnailUrl\":\"https:\/\/www.pielnet.fr\/carnet\/wp-content\/uploads\/2023\/09\/Capture-decran-2023-09-04-120252.png\",\"datePublished\":\"2023-09-04T10:06:25+00:00\",\"dateModified\":\"2023-10-14T08:17:10+00:00\",\"breadcrumb\":{\"@id\":\"https:\/\/www.pielnet.fr\/carnet\/nouveau-site-de-la-commune-de-sansais-la-garette-dans-le-marais-poitevin\/#breadcrumb\"},\"inLanguage\":\"fr-FR\",\"potentialAction\":[{\"@type\":\"ReadAction\",\"target\":[\"https:\/\/www.pielnet.fr\/carnet\/nouveau-site-de-la-commune-de-sansais-la-garette-dans-le-marais-poitevin\/\"]}]},{\"@type\":\"ImageObject\",\"inLanguage\":\"fr-FR\",\"@id\":\"https:\/\/www.pielnet.fr\/carnet\/nouveau-site-de-la-commune-de-sansais-la-garette-dans-le-marais-poitevin\/#primaryimage\",\"url\":\"https:\/\/www.pielnet.fr\/carnet\/wp-content\/uploads\/2023\/09\/Capture-decran-2023-09-04-120252.png\",\"contentUrl\":\"https:\/\/www.pielnet.fr\/carnet\/wp-content\/uploads\/2023\/09\/Capture-decran-2023-09-04-120252.png\",\"width\":1918,\"height\":994,\"caption\":\"le nouveau site de Sansais la Garette\"},{\"@type\":\"BreadcrumbList\",\"@id\":\"https:\/\/www.pielnet.fr\/carnet\/nouveau-site-de-la-commune-de-sansais-la-garette-dans-le-marais-poitevin\/#breadcrumb\",\"itemListElement\":[{\"@type\":\"ListItem\",\"position\":1,\"name\":\"Accueil\",\"item\":\"https:\/\/www.pielnet.fr\/carnet\/\"},{\"@type\":\"ListItem\",\"position\":2,\"name\":\"Nouveau site de la commune de Sansais la Garette dans le marais poitevin\"}]},{\"@type\":\"WebSite\",\"@id\":\"https:\/\/www.pielnet.fr\/carnet\/#website\",\"url\":\"https:\/\/www.pielnet.fr\/carnet\/\",\"name\":\"le carnet - Piel\",\"description\":\"R\u00e9cits &amp; Territoires - Raconter en images les r\u00e9cits du sensible\",\"publisher\":{\"@id\":\"https:\/\/www.pielnet.fr\/carnet\/#\/schema\/person\/7c09d20dd138514cf3647ce37f1f755d\"},\"potentialAction\":[{\"@type\":\"SearchAction\",\"target\":{\"@type\":\"EntryPoint\",\"urlTemplate\":\"https:\/\/www.pielnet.fr\/carnet\/?s={search_term_string}\"},\"query-input\":{\"@type\":\"PropertyValueSpecification\",\"valueRequired\":true,\"valueName\":\"search_term_string\"}}],\"inLanguage\":\"fr-FR\"},{\"@type\":[\"Person\",\"Organization\"],\"@id\":\"https:\/\/www.pielnet.fr\/carnet\/#\/schema\/person\/7c09d20dd138514cf3647ce37f1f755d\",\"name\":\"arnopiel\",\"image\":{\"@type\":\"ImageObject\",\"inLanguage\":\"fr-FR\",\"@id\":\"https:\/\/www.pielnet.fr\/carnet\/#\/schema\/person\/image\/\",\"url\":\"https:\/\/www.pielnet.fr\/carnet\/wp-content\/uploads\/2021\/01\/IMG_20201212_150932.jpg\",\"contentUrl\":\"https:\/\/www.pielnet.fr\/carnet\/wp-content\/uploads\/2021\/01\/IMG_20201212_150932.jpg\",\"width\":1432,\"height\":1432,\"caption\":\"arnopiel\"},\"logo\":{\"@id\":\"https:\/\/www.pielnet.fr\/carnet\/#\/schema\/person\/image\/\"}}]}<\/script>\n<!-- \/ Yoast SEO plugin. -->","yoast_head_json":{"title":"Nouveau site de la commune de Sansais la Garette dans le marais poitevin - le carnet - Piel","robots":{"index":"index","follow":"follow","max-snippet":"max-snippet:-1","max-image-preview":"max-image-preview:large","max-video-preview":"max-video-preview:-1"},"canonical":"https:\/\/www.pielnet.fr\/carnet\/nouveau-site-de-la-commune-de-sansais-la-garette-dans-le-marais-poitevin\/","og_locale":"fr_FR","og_type":"article","og_title":"Nouveau site de la commune de Sansais la Garette dans le marais poitevin - le carnet - Piel","og_description":"Plus rapide, plus moderne, ergonomique.. je suis fier de vous pr\u00e9senter le nouveau site de la commune de Sansais la Garette, dans le Marais Poitevin, au c\u0153ur du Parc naturel du Marais Poitevin, Grand site de France. Une refonte compl\u00e8te d&rsquo;un site dont je m&rsquo;occupe depuis une dizaine d\u2019ann\u00e9es, de municipalit\u00e9 en municipalit\u00e9, un th\u00e8me [&hellip;]","og_url":"https:\/\/www.pielnet.fr\/carnet\/nouveau-site-de-la-commune-de-sansais-la-garette-dans-le-marais-poitevin\/","og_site_name":"le carnet - Piel","article_published_time":"2023-09-04T10:06:25+00:00","article_modified_time":"2023-10-14T08:17:10+00:00","og_image":[{"width":1024,"height":531,"url":"https:\/\/www.pielnet.fr\/carnet\/wp-content\/uploads\/2023\/09\/Capture-decran-2023-09-04-120252-1024x531.png","type":"image\/png"}],"author":"arnopiel","twitter_card":"summary_large_image","twitter_misc":{"\u00c9crit par":"arnopiel"},"schema":{"@context":"https:\/\/schema.org","@graph":[{"@type":"Article","@id":"https:\/\/www.pielnet.fr\/carnet\/nouveau-site-de-la-commune-de-sansais-la-garette-dans-le-marais-poitevin\/#article","isPartOf":{"@id":"https:\/\/www.pielnet.fr\/carnet\/nouveau-site-de-la-commune-de-sansais-la-garette-dans-le-marais-poitevin\/"},"author":{"name":"arnopiel","@id":"https:\/\/www.pielnet.fr\/carnet\/#\/schema\/person\/7c09d20dd138514cf3647ce37f1f755d"},"headline":"Nouveau site de la commune de Sansais la Garette dans le marais poitevin","datePublished":"2023-09-04T10:06:25+00:00","dateModified":"2023-10-14T08:17:10+00:00","mainEntityOfPage":{"@id":"https:\/\/www.pielnet.fr\/carnet\/nouveau-site-de-la-commune-de-sansais-la-garette-dans-le-marais-poitevin\/"},"wordCount":109,"commentCount":0,"publisher":{"@id":"https:\/\/www.pielnet.fr\/carnet\/#\/schema\/person\/7c09d20dd138514cf3647ce37f1f755d"},"image":{"@id":"https:\/\/www.pielnet.fr\/carnet\/nouveau-site-de-la-commune-de-sansais-la-garette-dans-le-marais-poitevin\/#primaryimage"},"thumbnailUrl":"https:\/\/www.pielnet.fr\/carnet\/wp-content\/uploads\/2023\/09\/Capture-decran-2023-09-04-120252.png","articleSection":["Sites"],"inLanguage":"fr-FR","potentialAction":[{"@type":"CommentAction","name":"Comment","target":["https:\/\/www.pielnet.fr\/carnet\/nouveau-site-de-la-commune-de-sansais-la-garette-dans-le-marais-poitevin\/#respond"]}]},{"@type":"WebPage","@id":"https:\/\/www.pielnet.fr\/carnet\/nouveau-site-de-la-commune-de-sansais-la-garette-dans-le-marais-poitevin\/","url":"https:\/\/www.pielnet.fr\/carnet\/nouveau-site-de-la-commune-de-sansais-la-garette-dans-le-marais-poitevin\/","name":"Nouveau site de la commune de Sansais la Garette dans le marais poitevin - le carnet - Piel","isPartOf":{"@id":"https:\/\/www.pielnet.fr\/carnet\/#website"},"primaryImageOfPage":{"@id":"https:\/\/www.pielnet.fr\/carnet\/nouveau-site-de-la-commune-de-sansais-la-garette-dans-le-marais-poitevin\/#primaryimage"},"image":{"@id":"https:\/\/www.pielnet.fr\/carnet\/nouveau-site-de-la-commune-de-sansais-la-garette-dans-le-marais-poitevin\/#primaryimage"},"thumbnailUrl":"https:\/\/www.pielnet.fr\/carnet\/wp-content\/uploads\/2023\/09\/Capture-decran-2023-09-04-120252.png","datePublished":"2023-09-04T10:06:25+00:00","dateModified":"2023-10-14T08:17:10+00:00","breadcrumb":{"@id":"https:\/\/www.pielnet.fr\/carnet\/nouveau-site-de-la-commune-de-sansais-la-garette-dans-le-marais-poitevin\/#breadcrumb"},"inLanguage":"fr-FR","potentialAction":[{"@type":"ReadAction","target":["https:\/\/www.pielnet.fr\/carnet\/nouveau-site-de-la-commune-de-sansais-la-garette-dans-le-marais-poitevin\/"]}]},{"@type":"ImageObject","inLanguage":"fr-FR","@id":"https:\/\/www.pielnet.fr\/carnet\/nouveau-site-de-la-commune-de-sansais-la-garette-dans-le-marais-poitevin\/#primaryimage","url":"https:\/\/www.pielnet.fr\/carnet\/wp-content\/uploads\/2023\/09\/Capture-decran-2023-09-04-120252.png","contentUrl":"https:\/\/www.pielnet.fr\/carnet\/wp-content\/uploads\/2023\/09\/Capture-decran-2023-09-04-120252.png","width":1918,"height":994,"caption":"le nouveau site de Sansais la Garette"},{"@type":"BreadcrumbList","@id":"https:\/\/www.pielnet.fr\/carnet\/nouveau-site-de-la-commune-de-sansais-la-garette-dans-le-marais-poitevin\/#breadcrumb","itemListElement":[{"@type":"ListItem","position":1,"name":"Accueil","item":"https:\/\/www.pielnet.fr\/carnet\/"},{"@type":"ListItem","position":2,"name":"Nouveau site de la commune de Sansais la Garette dans le marais poitevin"}]},{"@type":"WebSite","@id":"https:\/\/www.pielnet.fr\/carnet\/#website","url":"https:\/\/www.pielnet.fr\/carnet\/","name":"le carnet - Piel","description":"R\u00e9cits &amp; Territoires - Raconter en images les r\u00e9cits du sensible","publisher":{"@id":"https:\/\/www.pielnet.fr\/carnet\/#\/schema\/person\/7c09d20dd138514cf3647ce37f1f755d"},"potentialAction":[{"@type":"SearchAction","target":{"@type":"EntryPoint","urlTemplate":"https:\/\/www.pielnet.fr\/carnet\/?s={search_term_string}"},"query-input":{"@type":"PropertyValueSpecification","valueRequired":true,"valueName":"search_term_string"}}],"inLanguage":"fr-FR"},{"@type":["Person","Organization"],"@id":"https:\/\/www.pielnet.fr\/carnet\/#\/schema\/person\/7c09d20dd138514cf3647ce37f1f755d","name":"arnopiel","image":{"@type":"ImageObject","inLanguage":"fr-FR","@id":"https:\/\/www.pielnet.fr\/carnet\/#\/schema\/person\/image\/","url":"https:\/\/www.pielnet.fr\/carnet\/wp-content\/uploads\/2021\/01\/IMG_20201212_150932.jpg","contentUrl":"https:\/\/www.pielnet.fr\/carnet\/wp-content\/uploads\/2021\/01\/IMG_20201212_150932.jpg","width":1432,"height":1432,"caption":"arnopiel"},"logo":{"@id":"https:\/\/www.pielnet.fr\/carnet\/#\/schema\/person\/image\/"}}]}},"_links":{"self":[{"href":"https:\/\/www.pielnet.fr\/carnet\/wp-json\/wp\/v2\/posts\/3079","targetHints":{"allow":["GET"]}}],"collection":[{"href":"https:\/\/www.pielnet.fr\/carnet\/wp-json\/wp\/v2\/posts"}],"about":[{"href":"https:\/\/www.pielnet.fr\/carnet\/wp-json\/wp\/v2\/types\/post"}],"author":[{"embeddable":true,"href":"https:\/\/www.pielnet.fr\/carnet\/wp-json\/wp\/v2\/users\/1"}],"replies":[{"embeddable":true,"href":"https:\/\/www.pielnet.fr\/carnet\/wp-json\/wp\/v2\/comments?post=3079"}],"version-history":[{"count":4,"href":"https:\/\/www.pielnet.fr\/carnet\/wp-json\/wp\/v2\/posts\/3079\/revisions"}],"predecessor-version":[{"id":3089,"href":"https:\/\/www.pielnet.fr\/carnet\/wp-json\/wp\/v2\/posts\/3079\/revisions\/3089"}],"wp:featuredmedia":[{"embeddable":true,"href":"https:\/\/www.pielnet.fr\/carnet\/wp-json\/wp\/v2\/media\/3080"}],"wp:attachment":[{"href":"https:\/\/www.pielnet.fr\/carnet\/wp-json\/wp\/v2\/media?parent=3079"}],"wp:term":[{"taxonomy":"category","embeddable":true,"href":"https:\/\/www.pielnet.fr\/carnet\/wp-json\/wp\/v2\/categories?post=3079"},{"taxonomy":"post_tag","embeddable":true,"href":"https:\/\/www.pielnet.fr\/carnet\/wp-json\/wp\/v2\/tags?post=3079"}],"curies":[{"name":"wp","href":"https:\/\/api.w.org\/{rel}","templated":true}]}}