{"id":2787,"date":"2023-03-07T09:34:40","date_gmt":"2023-03-07T08:34:40","guid":{"rendered":"https:\/\/www.pielnet.fr\/carnet\/?p=2787"},"modified":"2023-03-07T09:44:15","modified_gmt":"2023-03-07T08:44:15","slug":"40-eco-quartiers-nature-en-ville-en-corse","status":"publish","type":"post","link":"https:\/\/www.pielnet.fr\/carnet\/40-eco-quartiers-nature-en-ville-en-corse\/","title":{"rendered":"#40 Eco-quartiers &#8211; Nature en ville en Corse"},"content":{"rendered":"\n<figure class=\"wp-block-embed is-type-video is-provider-youtube wp-block-embed-youtube wp-embed-aspect-16-9 wp-has-aspect-ratio\"><div class=\"wp-block-embed__wrapper\">\n<iframe loading=\"lazy\" title=\"#40 Eco-quartiers - Nature en ville en Corse\" width=\"500\" height=\"281\" src=\"https:\/\/www.youtube.com\/embed\/xWhs34t7Y60?feature=oembed\" frameborder=\"0\" allow=\"accelerometer; autoplay; clipboard-write; encrypted-media; gyroscope; picture-in-picture; web-share\" referrerpolicy=\"strict-origin-when-cross-origin\" allowfullscreen><\/iframe>\n<\/div><figcaption class=\"wp-element-caption\">Nature en ville en Corse<\/figcaption><\/figure>\n\n\n\n<p>Cet \u00e9pisode nous m\u00e8ne en Corse, o\u00f9 la nature, bien que pr\u00e9sente partout, est tout aussi demand\u00e9e en ville par les habitants que sur le continent. Ce qui soul\u00e8ve des questions notamment en termes d&rsquo;adaptation. Petit tour d&rsquo;horizon dans deux communes du Parc naturel r\u00e9gional de Corse : L&rsquo;\u00cele Rousse et Corte.<\/p>\n\n\n\n<p><a href=\"https:\/\/www.youtube.com\/@FederationPNR\"><\/a><a href=\"https:\/\/www.youtube.com\/@FederationPNR\">F\u00e9d\u00e9ration des Parcs naturels r\u00e9gionaux de France<\/a><\/p>\n","protected":false},"excerpt":{"rendered":"<p>Cet \u00e9pisode nous m\u00e8ne en Corse, o\u00f9 la nature, bien que pr\u00e9sente partout, est tout aussi demand\u00e9e en ville par les habitants que sur le continent. Ce qui soul\u00e8ve des questions notamment en termes d&rsquo;adaptation. Petit tour d&rsquo;horizon dans deux communes du Parc naturel r\u00e9gional de Corse : L&rsquo;\u00cele Rousse et Corte.<\/p>\n","protected":false},"author":1,"featured_media":2790,"comment_status":"open","ping_status":"open","sticky":false,"template":"","format":"video","meta":{"footnotes":""},"categories":[472,69],"tags":[],"class_list":["post-2787","post","type-post","status-publish","format-video","has-post-thumbnail","hentry","category-doc","category-films","post_format-post-format-video"],"yoast_head":"<!-- This site is optimized with the Yoast SEO plugin v26.7 - https:\/\/yoast.com\/wordpress\/plugins\/seo\/ -->\n<title>#40 Eco-quartiers - Nature en ville en Corse - le carnet - Piel<\/title>\n<meta name=\"robots\" content=\"index, follow, max-snippet:-1, max-image-preview:large, max-video-preview:-1\" \/>\n<link rel=\"canonical\" href=\"https:\/\/www.pielnet.fr\/carnet\/40-eco-quartiers-nature-en-ville-en-corse\/\" \/>\n<meta property=\"og:locale\" content=\"fr_FR\" \/>\n<meta property=\"og:type\" content=\"article\" \/>\n<meta property=\"og:title\" content=\"#40 Eco-quartiers - Nature en ville en Corse - le carnet - Piel\" \/>\n<meta property=\"og:description\" content=\"Cet \u00e9pisode nous m\u00e8ne en Corse, o\u00f9 la nature, bien que pr\u00e9sente partout, est tout aussi demand\u00e9e en ville par les habitants que sur le continent. Ce qui soul\u00e8ve des questions notamment en termes d&#039;adaptation. Petit tour d&#039;horizon dans deux communes du Parc naturel r\u00e9gional de Corse : L&#039;\u00cele Rousse et Corte.\" \/>\n<meta property=\"og:url\" content=\"https:\/\/www.pielnet.fr\/carnet\/40-eco-quartiers-nature-en-ville-en-corse\/\" \/>\n<meta property=\"og:site_name\" content=\"le carnet - Piel\" \/>\n<meta property=\"article:published_time\" content=\"2023-03-07T08:34:40+00:00\" \/>\n<meta property=\"article:modified_time\" content=\"2023-03-07T08:44:15+00:00\" \/>\n<meta property=\"og:image\" content=\"https:\/\/www.pielnet.fr\/carnet\/wp-content\/uploads\/2023\/03\/Capture-decran-2023-03-07-093351-1.png\" \/>\n\t<meta property=\"og:image:width\" content=\"1741\" \/>\n\t<meta property=\"og:image:height\" content=\"971\" \/>\n\t<meta property=\"og:image:type\" content=\"image\/png\" \/>\n<meta name=\"author\" content=\"arnopiel\" \/>\n<meta name=\"twitter:card\" content=\"summary_large_image\" \/>\n<meta name=\"twitter:label1\" content=\"\u00c9crit par\" \/>\n\t<meta name=\"twitter:data1\" content=\"arnopiel\" \/>\n\t<meta name=\"twitter:label2\" content=\"Dur\u00e9e de lecture estim\u00e9e\" \/>\n\t<meta name=\"twitter:data2\" content=\"1 minute\" \/>\n<script type=\"application\/ld+json\" class=\"yoast-schema-graph\">{\"@context\":\"https:\/\/schema.org\",\"@graph\":[{\"@type\":\"Article\",\"@id\":\"https:\/\/www.pielnet.fr\/carnet\/40-eco-quartiers-nature-en-ville-en-corse\/#article\",\"isPartOf\":{\"@id\":\"https:\/\/www.pielnet.fr\/carnet\/40-eco-quartiers-nature-en-ville-en-corse\/\"},\"author\":{\"name\":\"arnopiel\",\"@id\":\"https:\/\/www.pielnet.fr\/carnet\/#\/schema\/person\/7c09d20dd138514cf3647ce37f1f755d\"},\"headline\":\"#40 Eco-quartiers &#8211; Nature en ville en Corse\",\"datePublished\":\"2023-03-07T08:34:40+00:00\",\"dateModified\":\"2023-03-07T08:44:15+00:00\",\"mainEntityOfPage\":{\"@id\":\"https:\/\/www.pielnet.fr\/carnet\/40-eco-quartiers-nature-en-ville-en-corse\/\"},\"wordCount\":90,\"commentCount\":0,\"publisher\":{\"@id\":\"https:\/\/www.pielnet.fr\/carnet\/#\/schema\/person\/7c09d20dd138514cf3647ce37f1f755d\"},\"image\":{\"@id\":\"https:\/\/www.pielnet.fr\/carnet\/40-eco-quartiers-nature-en-ville-en-corse\/#primaryimage\"},\"thumbnailUrl\":\"https:\/\/www.pielnet.fr\/carnet\/wp-content\/uploads\/2023\/03\/Capture-decran-2023-03-07-093351-1.png\",\"articleSection\":[\"Doc\",\"Films\"],\"inLanguage\":\"fr-FR\",\"potentialAction\":[{\"@type\":\"CommentAction\",\"name\":\"Comment\",\"target\":[\"https:\/\/www.pielnet.fr\/carnet\/40-eco-quartiers-nature-en-ville-en-corse\/#respond\"]}]},{\"@type\":\"WebPage\",\"@id\":\"https:\/\/www.pielnet.fr\/carnet\/40-eco-quartiers-nature-en-ville-en-corse\/\",\"url\":\"https:\/\/www.pielnet.fr\/carnet\/40-eco-quartiers-nature-en-ville-en-corse\/\",\"name\":\"#40 Eco-quartiers - Nature en ville en Corse - le carnet - Piel\",\"isPartOf\":{\"@id\":\"https:\/\/www.pielnet.fr\/carnet\/#website\"},\"primaryImageOfPage\":{\"@id\":\"https:\/\/www.pielnet.fr\/carnet\/40-eco-quartiers-nature-en-ville-en-corse\/#primaryimage\"},\"image\":{\"@id\":\"https:\/\/www.pielnet.fr\/carnet\/40-eco-quartiers-nature-en-ville-en-corse\/#primaryimage\"},\"thumbnailUrl\":\"https:\/\/www.pielnet.fr\/carnet\/wp-content\/uploads\/2023\/03\/Capture-decran-2023-03-07-093351-1.png\",\"datePublished\":\"2023-03-07T08:34:40+00:00\",\"dateModified\":\"2023-03-07T08:44:15+00:00\",\"breadcrumb\":{\"@id\":\"https:\/\/www.pielnet.fr\/carnet\/40-eco-quartiers-nature-en-ville-en-corse\/#breadcrumb\"},\"inLanguage\":\"fr-FR\",\"potentialAction\":[{\"@type\":\"ReadAction\",\"target\":[\"https:\/\/www.pielnet.fr\/carnet\/40-eco-quartiers-nature-en-ville-en-corse\/\"]}]},{\"@type\":\"ImageObject\",\"inLanguage\":\"fr-FR\",\"@id\":\"https:\/\/www.pielnet.fr\/carnet\/40-eco-quartiers-nature-en-ville-en-corse\/#primaryimage\",\"url\":\"https:\/\/www.pielnet.fr\/carnet\/wp-content\/uploads\/2023\/03\/Capture-decran-2023-03-07-093351-1.png\",\"contentUrl\":\"https:\/\/www.pielnet.fr\/carnet\/wp-content\/uploads\/2023\/03\/Capture-decran-2023-03-07-093351-1.png\",\"width\":1741,\"height\":971,\"caption\":\"Eco-quartiers - Nature en ville en Corse\"},{\"@type\":\"BreadcrumbList\",\"@id\":\"https:\/\/www.pielnet.fr\/carnet\/40-eco-quartiers-nature-en-ville-en-corse\/#breadcrumb\",\"itemListElement\":[{\"@type\":\"ListItem\",\"position\":1,\"name\":\"Accueil\",\"item\":\"https:\/\/www.pielnet.fr\/carnet\/\"},{\"@type\":\"ListItem\",\"position\":2,\"name\":\"#40 Eco-quartiers &#8211; Nature en ville en Corse\"}]},{\"@type\":\"WebSite\",\"@id\":\"https:\/\/www.pielnet.fr\/carnet\/#website\",\"url\":\"https:\/\/www.pielnet.fr\/carnet\/\",\"name\":\"le carnet - Piel\",\"description\":\"R\u00e9cits &amp; Territoires - Raconter en images les r\u00e9cits du sensible\",\"publisher\":{\"@id\":\"https:\/\/www.pielnet.fr\/carnet\/#\/schema\/person\/7c09d20dd138514cf3647ce37f1f755d\"},\"potentialAction\":[{\"@type\":\"SearchAction\",\"target\":{\"@type\":\"EntryPoint\",\"urlTemplate\":\"https:\/\/www.pielnet.fr\/carnet\/?s={search_term_string}\"},\"query-input\":{\"@type\":\"PropertyValueSpecification\",\"valueRequired\":true,\"valueName\":\"search_term_string\"}}],\"inLanguage\":\"fr-FR\"},{\"@type\":[\"Person\",\"Organization\"],\"@id\":\"https:\/\/www.pielnet.fr\/carnet\/#\/schema\/person\/7c09d20dd138514cf3647ce37f1f755d\",\"name\":\"arnopiel\",\"image\":{\"@type\":\"ImageObject\",\"inLanguage\":\"fr-FR\",\"@id\":\"https:\/\/www.pielnet.fr\/carnet\/#\/schema\/person\/image\/\",\"url\":\"https:\/\/www.pielnet.fr\/carnet\/wp-content\/uploads\/2021\/01\/IMG_20201212_150932.jpg\",\"contentUrl\":\"https:\/\/www.pielnet.fr\/carnet\/wp-content\/uploads\/2021\/01\/IMG_20201212_150932.jpg\",\"width\":1432,\"height\":1432,\"caption\":\"arnopiel\"},\"logo\":{\"@id\":\"https:\/\/www.pielnet.fr\/carnet\/#\/schema\/person\/image\/\"}}]}<\/script>\n<!-- \/ Yoast SEO plugin. -->","yoast_head_json":{"title":"#40 Eco-quartiers - Nature en ville en Corse - le carnet - Piel","robots":{"index":"index","follow":"follow","max-snippet":"max-snippet:-1","max-image-preview":"max-image-preview:large","max-video-preview":"max-video-preview:-1"},"canonical":"https:\/\/www.pielnet.fr\/carnet\/40-eco-quartiers-nature-en-ville-en-corse\/","og_locale":"fr_FR","og_type":"article","og_title":"#40 Eco-quartiers - Nature en ville en Corse - le carnet - Piel","og_description":"Cet \u00e9pisode nous m\u00e8ne en Corse, o\u00f9 la nature, bien que pr\u00e9sente partout, est tout aussi demand\u00e9e en ville par les habitants que sur le continent. Ce qui soul\u00e8ve des questions notamment en termes d'adaptation. Petit tour d'horizon dans deux communes du Parc naturel r\u00e9gional de Corse : L'\u00cele Rousse et Corte.","og_url":"https:\/\/www.pielnet.fr\/carnet\/40-eco-quartiers-nature-en-ville-en-corse\/","og_site_name":"le carnet - Piel","article_published_time":"2023-03-07T08:34:40+00:00","article_modified_time":"2023-03-07T08:44:15+00:00","og_image":[{"width":1741,"height":971,"url":"https:\/\/www.pielnet.fr\/carnet\/wp-content\/uploads\/2023\/03\/Capture-decran-2023-03-07-093351-1.png","type":"image\/png"}],"author":"arnopiel","twitter_card":"summary_large_image","twitter_misc":{"\u00c9crit par":"arnopiel","Dur\u00e9e de lecture estim\u00e9e":"1 minute"},"schema":{"@context":"https:\/\/schema.org","@graph":[{"@type":"Article","@id":"https:\/\/www.pielnet.fr\/carnet\/40-eco-quartiers-nature-en-ville-en-corse\/#article","isPartOf":{"@id":"https:\/\/www.pielnet.fr\/carnet\/40-eco-quartiers-nature-en-ville-en-corse\/"},"author":{"name":"arnopiel","@id":"https:\/\/www.pielnet.fr\/carnet\/#\/schema\/person\/7c09d20dd138514cf3647ce37f1f755d"},"headline":"#40 Eco-quartiers &#8211; Nature en ville en Corse","datePublished":"2023-03-07T08:34:40+00:00","dateModified":"2023-03-07T08:44:15+00:00","mainEntityOfPage":{"@id":"https:\/\/www.pielnet.fr\/carnet\/40-eco-quartiers-nature-en-ville-en-corse\/"},"wordCount":90,"commentCount":0,"publisher":{"@id":"https:\/\/www.pielnet.fr\/carnet\/#\/schema\/person\/7c09d20dd138514cf3647ce37f1f755d"},"image":{"@id":"https:\/\/www.pielnet.fr\/carnet\/40-eco-quartiers-nature-en-ville-en-corse\/#primaryimage"},"thumbnailUrl":"https:\/\/www.pielnet.fr\/carnet\/wp-content\/uploads\/2023\/03\/Capture-decran-2023-03-07-093351-1.png","articleSection":["Doc","Films"],"inLanguage":"fr-FR","potentialAction":[{"@type":"CommentAction","name":"Comment","target":["https:\/\/www.pielnet.fr\/carnet\/40-eco-quartiers-nature-en-ville-en-corse\/#respond"]}]},{"@type":"WebPage","@id":"https:\/\/www.pielnet.fr\/carnet\/40-eco-quartiers-nature-en-ville-en-corse\/","url":"https:\/\/www.pielnet.fr\/carnet\/40-eco-quartiers-nature-en-ville-en-corse\/","name":"#40 Eco-quartiers - Nature en ville en Corse - le carnet - Piel","isPartOf":{"@id":"https:\/\/www.pielnet.fr\/carnet\/#website"},"primaryImageOfPage":{"@id":"https:\/\/www.pielnet.fr\/carnet\/40-eco-quartiers-nature-en-ville-en-corse\/#primaryimage"},"image":{"@id":"https:\/\/www.pielnet.fr\/carnet\/40-eco-quartiers-nature-en-ville-en-corse\/#primaryimage"},"thumbnailUrl":"https:\/\/www.pielnet.fr\/carnet\/wp-content\/uploads\/2023\/03\/Capture-decran-2023-03-07-093351-1.png","datePublished":"2023-03-07T08:34:40+00:00","dateModified":"2023-03-07T08:44:15+00:00","breadcrumb":{"@id":"https:\/\/www.pielnet.fr\/carnet\/40-eco-quartiers-nature-en-ville-en-corse\/#breadcrumb"},"inLanguage":"fr-FR","potentialAction":[{"@type":"ReadAction","target":["https:\/\/www.pielnet.fr\/carnet\/40-eco-quartiers-nature-en-ville-en-corse\/"]}]},{"@type":"ImageObject","inLanguage":"fr-FR","@id":"https:\/\/www.pielnet.fr\/carnet\/40-eco-quartiers-nature-en-ville-en-corse\/#primaryimage","url":"https:\/\/www.pielnet.fr\/carnet\/wp-content\/uploads\/2023\/03\/Capture-decran-2023-03-07-093351-1.png","contentUrl":"https:\/\/www.pielnet.fr\/carnet\/wp-content\/uploads\/2023\/03\/Capture-decran-2023-03-07-093351-1.png","width":1741,"height":971,"caption":"Eco-quartiers - Nature en ville en Corse"},{"@type":"BreadcrumbList","@id":"https:\/\/www.pielnet.fr\/carnet\/40-eco-quartiers-nature-en-ville-en-corse\/#breadcrumb","itemListElement":[{"@type":"ListItem","position":1,"name":"Accueil","item":"https:\/\/www.pielnet.fr\/carnet\/"},{"@type":"ListItem","position":2,"name":"#40 Eco-quartiers &#8211; Nature en ville en Corse"}]},{"@type":"WebSite","@id":"https:\/\/www.pielnet.fr\/carnet\/#website","url":"https:\/\/www.pielnet.fr\/carnet\/","name":"le carnet - Piel","description":"R\u00e9cits &amp; Territoires - Raconter en images les r\u00e9cits du sensible","publisher":{"@id":"https:\/\/www.pielnet.fr\/carnet\/#\/schema\/person\/7c09d20dd138514cf3647ce37f1f755d"},"potentialAction":[{"@type":"SearchAction","target":{"@type":"EntryPoint","urlTemplate":"https:\/\/www.pielnet.fr\/carnet\/?s={search_term_string}"},"query-input":{"@type":"PropertyValueSpecification","valueRequired":true,"valueName":"search_term_string"}}],"inLanguage":"fr-FR"},{"@type":["Person","Organization"],"@id":"https:\/\/www.pielnet.fr\/carnet\/#\/schema\/person\/7c09d20dd138514cf3647ce37f1f755d","name":"arnopiel","image":{"@type":"ImageObject","inLanguage":"fr-FR","@id":"https:\/\/www.pielnet.fr\/carnet\/#\/schema\/person\/image\/","url":"https:\/\/www.pielnet.fr\/carnet\/wp-content\/uploads\/2021\/01\/IMG_20201212_150932.jpg","contentUrl":"https:\/\/www.pielnet.fr\/carnet\/wp-content\/uploads\/2021\/01\/IMG_20201212_150932.jpg","width":1432,"height":1432,"caption":"arnopiel"},"logo":{"@id":"https:\/\/www.pielnet.fr\/carnet\/#\/schema\/person\/image\/"}}]}},"_links":{"self":[{"href":"https:\/\/www.pielnet.fr\/carnet\/wp-json\/wp\/v2\/posts\/2787","targetHints":{"allow":["GET"]}}],"collection":[{"href":"https:\/\/www.pielnet.fr\/carnet\/wp-json\/wp\/v2\/posts"}],"about":[{"href":"https:\/\/www.pielnet.fr\/carnet\/wp-json\/wp\/v2\/types\/post"}],"author":[{"embeddable":true,"href":"https:\/\/www.pielnet.fr\/carnet\/wp-json\/wp\/v2\/users\/1"}],"replies":[{"embeddable":true,"href":"https:\/\/www.pielnet.fr\/carnet\/wp-json\/wp\/v2\/comments?post=2787"}],"version-history":[{"count":2,"href":"https:\/\/www.pielnet.fr\/carnet\/wp-json\/wp\/v2\/posts\/2787\/revisions"}],"predecessor-version":[{"id":2791,"href":"https:\/\/www.pielnet.fr\/carnet\/wp-json\/wp\/v2\/posts\/2787\/revisions\/2791"}],"wp:featuredmedia":[{"embeddable":true,"href":"https:\/\/www.pielnet.fr\/carnet\/wp-json\/wp\/v2\/media\/2790"}],"wp:attachment":[{"href":"https:\/\/www.pielnet.fr\/carnet\/wp-json\/wp\/v2\/media?parent=2787"}],"wp:term":[{"taxonomy":"category","embeddable":true,"href":"https:\/\/www.pielnet.fr\/carnet\/wp-json\/wp\/v2\/categories?post=2787"},{"taxonomy":"post_tag","embeddable":true,"href":"https:\/\/www.pielnet.fr\/carnet\/wp-json\/wp\/v2\/tags?post=2787"}],"curies":[{"name":"wp","href":"https:\/\/api.w.org\/{rel}","templated":true}]}}