{"id":2699,"date":"2022-11-04T08:14:56","date_gmt":"2022-11-04T07:14:56","guid":{"rendered":"https:\/\/www.pielnet.fr\/carnet\/?p=2699"},"modified":"2023-01-10T17:30:15","modified_gmt":"2023-01-10T16:30:15","slug":"participation-des-habitants-a-lanas-dans-le-parc-des-monts-dardeche","status":"publish","type":"post","link":"https:\/\/www.pielnet.fr\/carnet\/participation-des-habitants-a-lanas-dans-le-parc-des-monts-dardeche\/","title":{"rendered":"Participation des habitants \u00e0 Lanas dans le Parc des Monts d&rsquo;Ard\u00e8che"},"content":{"rendered":"\n<figure class=\"wp-block-embed is-type-video is-provider-youtube wp-block-embed-youtube wp-embed-aspect-16-9 wp-has-aspect-ratio\"><div class=\"wp-block-embed__wrapper\">\n<iframe loading=\"lazy\" title=\"#29 Participation des habitants \u00e0 Lanas dans le Parc des Monts d&#039;Ard\u00e8che\" width=\"500\" height=\"281\" src=\"https:\/\/www.youtube.com\/embed\/Ja6zk2mNYGI?start=7&#038;feature=oembed\" frameborder=\"0\" allow=\"accelerometer; autoplay; clipboard-write; encrypted-media; gyroscope; picture-in-picture; web-share\" referrerpolicy=\"strict-origin-when-cross-origin\" allowfullscreen><\/iframe>\n<\/div><\/figure>\n\n\n\n<p>Associer les habitants \u00e0 la construction de leur cadre de vie et r\u00e9tablir le lien entre tous les acteurs de la vie communale est le pari qu&rsquo;ont fait la commune de Lanas, le Parc naturel r\u00e9gional des Monts d&rsquo;Ard\u00e8che et l&rsquo;Atelier Bivouac. C&rsquo;est \u00e0 travers la cr\u00e9ation d&rsquo;un nouvel espace public, un travail en r\u00e9sidence, des chantiers participatifs et la r\u00e9alisation d&rsquo;un film que l&rsquo;Enclos est n\u00e9. Retour sur cette exp\u00e9rience participative r\u00e9ussie.<\/p>\n","protected":false},"excerpt":{"rendered":"<p>Associer les habitants \u00e0 la construction de leur cadre de vie et r\u00e9tablir le lien entre tous les acteurs de la vie communale est le pari qu\u2019ont fait la commune de Lanas, le Parc naturel <\/p>\n","protected":false},"author":1,"featured_media":2734,"comment_status":"open","ping_status":"open","sticky":false,"template":"","format":"standard","meta":{"footnotes":""},"categories":[472,69],"tags":[],"class_list":["post-2699","post","type-post","status-publish","format-standard","has-post-thumbnail","hentry","category-doc","category-films"],"yoast_head":"<!-- This site is optimized with the Yoast SEO plugin v26.7 - https:\/\/yoast.com\/wordpress\/plugins\/seo\/ -->\n<title>Participation des habitants \u00e0 Lanas dans le Parc des Monts d&#039;Ard\u00e8che - le carnet - Piel<\/title>\n<meta name=\"robots\" content=\"index, follow, max-snippet:-1, max-image-preview:large, max-video-preview:-1\" \/>\n<link rel=\"canonical\" href=\"https:\/\/www.pielnet.fr\/carnet\/participation-des-habitants-a-lanas-dans-le-parc-des-monts-dardeche\/\" \/>\n<meta property=\"og:locale\" content=\"fr_FR\" \/>\n<meta property=\"og:type\" content=\"article\" \/>\n<meta property=\"og:title\" content=\"Participation des habitants \u00e0 Lanas dans le Parc des Monts d&#039;Ard\u00e8che - le carnet - Piel\" \/>\n<meta property=\"og:description\" content=\"Associer les habitants \u00e0 la construction de leur cadre de vie et r\u00e9tablir le lien entre tous les acteurs de la vie communale est le pari qu\u2019ont fait la commune de Lanas, le Parc naturel\" \/>\n<meta property=\"og:url\" content=\"https:\/\/www.pielnet.fr\/carnet\/participation-des-habitants-a-lanas-dans-le-parc-des-monts-dardeche\/\" \/>\n<meta property=\"og:site_name\" content=\"le carnet - Piel\" \/>\n<meta property=\"article:published_time\" content=\"2022-11-04T07:14:56+00:00\" \/>\n<meta property=\"article:modified_time\" content=\"2023-01-10T16:30:15+00:00\" \/>\n<meta property=\"og:image\" content=\"https:\/\/www.pielnet.fr\/carnet\/wp-content\/uploads\/2022\/11\/Capture-decran_20230110_172841-1024x577.png\" \/>\n\t<meta property=\"og:image:width\" content=\"1024\" \/>\n\t<meta property=\"og:image:height\" content=\"577\" \/>\n\t<meta property=\"og:image:type\" content=\"image\/png\" \/>\n<meta name=\"author\" content=\"arnopiel\" \/>\n<meta name=\"twitter:card\" content=\"summary_large_image\" \/>\n<meta name=\"twitter:label1\" content=\"\u00c9crit par\" \/>\n\t<meta name=\"twitter:data1\" content=\"arnopiel\" \/>\n\t<meta name=\"twitter:label2\" content=\"Dur\u00e9e de lecture estim\u00e9e\" \/>\n\t<meta name=\"twitter:data2\" content=\"1 minute\" \/>\n<script type=\"application\/ld+json\" class=\"yoast-schema-graph\">{\"@context\":\"https:\/\/schema.org\",\"@graph\":[{\"@type\":\"Article\",\"@id\":\"https:\/\/www.pielnet.fr\/carnet\/participation-des-habitants-a-lanas-dans-le-parc-des-monts-dardeche\/#article\",\"isPartOf\":{\"@id\":\"https:\/\/www.pielnet.fr\/carnet\/participation-des-habitants-a-lanas-dans-le-parc-des-monts-dardeche\/\"},\"author\":{\"name\":\"arnopiel\",\"@id\":\"https:\/\/www.pielnet.fr\/carnet\/#\/schema\/person\/7c09d20dd138514cf3647ce37f1f755d\"},\"headline\":\"Participation des habitants \u00e0 Lanas dans le Parc des Monts d&rsquo;Ard\u00e8che\",\"datePublished\":\"2022-11-04T07:14:56+00:00\",\"dateModified\":\"2023-01-10T16:30:15+00:00\",\"mainEntityOfPage\":{\"@id\":\"https:\/\/www.pielnet.fr\/carnet\/participation-des-habitants-a-lanas-dans-le-parc-des-monts-dardeche\/\"},\"wordCount\":110,\"commentCount\":0,\"publisher\":{\"@id\":\"https:\/\/www.pielnet.fr\/carnet\/#\/schema\/person\/7c09d20dd138514cf3647ce37f1f755d\"},\"image\":{\"@id\":\"https:\/\/www.pielnet.fr\/carnet\/participation-des-habitants-a-lanas-dans-le-parc-des-monts-dardeche\/#primaryimage\"},\"thumbnailUrl\":\"https:\/\/www.pielnet.fr\/carnet\/wp-content\/uploads\/2022\/11\/Capture-decran_20230110_172841.png\",\"articleSection\":[\"Doc\",\"Films\"],\"inLanguage\":\"fr-FR\",\"potentialAction\":[{\"@type\":\"CommentAction\",\"name\":\"Comment\",\"target\":[\"https:\/\/www.pielnet.fr\/carnet\/participation-des-habitants-a-lanas-dans-le-parc-des-monts-dardeche\/#respond\"]}]},{\"@type\":\"WebPage\",\"@id\":\"https:\/\/www.pielnet.fr\/carnet\/participation-des-habitants-a-lanas-dans-le-parc-des-monts-dardeche\/\",\"url\":\"https:\/\/www.pielnet.fr\/carnet\/participation-des-habitants-a-lanas-dans-le-parc-des-monts-dardeche\/\",\"name\":\"Participation des habitants \u00e0 Lanas dans le Parc des Monts d'Ard\u00e8che - le carnet - Piel\",\"isPartOf\":{\"@id\":\"https:\/\/www.pielnet.fr\/carnet\/#website\"},\"primaryImageOfPage\":{\"@id\":\"https:\/\/www.pielnet.fr\/carnet\/participation-des-habitants-a-lanas-dans-le-parc-des-monts-dardeche\/#primaryimage\"},\"image\":{\"@id\":\"https:\/\/www.pielnet.fr\/carnet\/participation-des-habitants-a-lanas-dans-le-parc-des-monts-dardeche\/#primaryimage\"},\"thumbnailUrl\":\"https:\/\/www.pielnet.fr\/carnet\/wp-content\/uploads\/2022\/11\/Capture-decran_20230110_172841.png\",\"datePublished\":\"2022-11-04T07:14:56+00:00\",\"dateModified\":\"2023-01-10T16:30:15+00:00\",\"breadcrumb\":{\"@id\":\"https:\/\/www.pielnet.fr\/carnet\/participation-des-habitants-a-lanas-dans-le-parc-des-monts-dardeche\/#breadcrumb\"},\"inLanguage\":\"fr-FR\",\"potentialAction\":[{\"@type\":\"ReadAction\",\"target\":[\"https:\/\/www.pielnet.fr\/carnet\/participation-des-habitants-a-lanas-dans-le-parc-des-monts-dardeche\/\"]}]},{\"@type\":\"ImageObject\",\"inLanguage\":\"fr-FR\",\"@id\":\"https:\/\/www.pielnet.fr\/carnet\/participation-des-habitants-a-lanas-dans-le-parc-des-monts-dardeche\/#primaryimage\",\"url\":\"https:\/\/www.pielnet.fr\/carnet\/wp-content\/uploads\/2022\/11\/Capture-decran_20230110_172841.png\",\"contentUrl\":\"https:\/\/www.pielnet.fr\/carnet\/wp-content\/uploads\/2022\/11\/Capture-decran_20230110_172841.png\",\"width\":1917,\"height\":1080,\"caption\":\"Participation des habitants \u00e0 Lanas dans le Parc des Monts d\u2019Ard\u00e8che\"},{\"@type\":\"BreadcrumbList\",\"@id\":\"https:\/\/www.pielnet.fr\/carnet\/participation-des-habitants-a-lanas-dans-le-parc-des-monts-dardeche\/#breadcrumb\",\"itemListElement\":[{\"@type\":\"ListItem\",\"position\":1,\"name\":\"Accueil\",\"item\":\"https:\/\/www.pielnet.fr\/carnet\/\"},{\"@type\":\"ListItem\",\"position\":2,\"name\":\"Participation des habitants \u00e0 Lanas dans le Parc des Monts d&rsquo;Ard\u00e8che\"}]},{\"@type\":\"WebSite\",\"@id\":\"https:\/\/www.pielnet.fr\/carnet\/#website\",\"url\":\"https:\/\/www.pielnet.fr\/carnet\/\",\"name\":\"le carnet - Piel\",\"description\":\"R\u00e9cits &amp; Territoires - Raconter en images les r\u00e9cits du sensible\",\"publisher\":{\"@id\":\"https:\/\/www.pielnet.fr\/carnet\/#\/schema\/person\/7c09d20dd138514cf3647ce37f1f755d\"},\"potentialAction\":[{\"@type\":\"SearchAction\",\"target\":{\"@type\":\"EntryPoint\",\"urlTemplate\":\"https:\/\/www.pielnet.fr\/carnet\/?s={search_term_string}\"},\"query-input\":{\"@type\":\"PropertyValueSpecification\",\"valueRequired\":true,\"valueName\":\"search_term_string\"}}],\"inLanguage\":\"fr-FR\"},{\"@type\":[\"Person\",\"Organization\"],\"@id\":\"https:\/\/www.pielnet.fr\/carnet\/#\/schema\/person\/7c09d20dd138514cf3647ce37f1f755d\",\"name\":\"arnopiel\",\"image\":{\"@type\":\"ImageObject\",\"inLanguage\":\"fr-FR\",\"@id\":\"https:\/\/www.pielnet.fr\/carnet\/#\/schema\/person\/image\/\",\"url\":\"https:\/\/www.pielnet.fr\/carnet\/wp-content\/uploads\/2021\/01\/IMG_20201212_150932.jpg\",\"contentUrl\":\"https:\/\/www.pielnet.fr\/carnet\/wp-content\/uploads\/2021\/01\/IMG_20201212_150932.jpg\",\"width\":1432,\"height\":1432,\"caption\":\"arnopiel\"},\"logo\":{\"@id\":\"https:\/\/www.pielnet.fr\/carnet\/#\/schema\/person\/image\/\"}}]}<\/script>\n<!-- \/ Yoast SEO plugin. -->","yoast_head_json":{"title":"Participation des habitants \u00e0 Lanas dans le Parc des Monts d'Ard\u00e8che - le carnet - Piel","robots":{"index":"index","follow":"follow","max-snippet":"max-snippet:-1","max-image-preview":"max-image-preview:large","max-video-preview":"max-video-preview:-1"},"canonical":"https:\/\/www.pielnet.fr\/carnet\/participation-des-habitants-a-lanas-dans-le-parc-des-monts-dardeche\/","og_locale":"fr_FR","og_type":"article","og_title":"Participation des habitants \u00e0 Lanas dans le Parc des Monts d'Ard\u00e8che - le carnet - Piel","og_description":"Associer les habitants \u00e0 la construction de leur cadre de vie et r\u00e9tablir le lien entre tous les acteurs de la vie communale est le pari qu\u2019ont fait la commune de Lanas, le Parc naturel","og_url":"https:\/\/www.pielnet.fr\/carnet\/participation-des-habitants-a-lanas-dans-le-parc-des-monts-dardeche\/","og_site_name":"le carnet - Piel","article_published_time":"2022-11-04T07:14:56+00:00","article_modified_time":"2023-01-10T16:30:15+00:00","og_image":[{"width":1024,"height":577,"url":"https:\/\/www.pielnet.fr\/carnet\/wp-content\/uploads\/2022\/11\/Capture-decran_20230110_172841-1024x577.png","type":"image\/png"}],"author":"arnopiel","twitter_card":"summary_large_image","twitter_misc":{"\u00c9crit par":"arnopiel","Dur\u00e9e de lecture estim\u00e9e":"1 minute"},"schema":{"@context":"https:\/\/schema.org","@graph":[{"@type":"Article","@id":"https:\/\/www.pielnet.fr\/carnet\/participation-des-habitants-a-lanas-dans-le-parc-des-monts-dardeche\/#article","isPartOf":{"@id":"https:\/\/www.pielnet.fr\/carnet\/participation-des-habitants-a-lanas-dans-le-parc-des-monts-dardeche\/"},"author":{"name":"arnopiel","@id":"https:\/\/www.pielnet.fr\/carnet\/#\/schema\/person\/7c09d20dd138514cf3647ce37f1f755d"},"headline":"Participation des habitants \u00e0 Lanas dans le Parc des Monts d&rsquo;Ard\u00e8che","datePublished":"2022-11-04T07:14:56+00:00","dateModified":"2023-01-10T16:30:15+00:00","mainEntityOfPage":{"@id":"https:\/\/www.pielnet.fr\/carnet\/participation-des-habitants-a-lanas-dans-le-parc-des-monts-dardeche\/"},"wordCount":110,"commentCount":0,"publisher":{"@id":"https:\/\/www.pielnet.fr\/carnet\/#\/schema\/person\/7c09d20dd138514cf3647ce37f1f755d"},"image":{"@id":"https:\/\/www.pielnet.fr\/carnet\/participation-des-habitants-a-lanas-dans-le-parc-des-monts-dardeche\/#primaryimage"},"thumbnailUrl":"https:\/\/www.pielnet.fr\/carnet\/wp-content\/uploads\/2022\/11\/Capture-decran_20230110_172841.png","articleSection":["Doc","Films"],"inLanguage":"fr-FR","potentialAction":[{"@type":"CommentAction","name":"Comment","target":["https:\/\/www.pielnet.fr\/carnet\/participation-des-habitants-a-lanas-dans-le-parc-des-monts-dardeche\/#respond"]}]},{"@type":"WebPage","@id":"https:\/\/www.pielnet.fr\/carnet\/participation-des-habitants-a-lanas-dans-le-parc-des-monts-dardeche\/","url":"https:\/\/www.pielnet.fr\/carnet\/participation-des-habitants-a-lanas-dans-le-parc-des-monts-dardeche\/","name":"Participation des habitants \u00e0 Lanas dans le Parc des Monts d'Ard\u00e8che - le carnet - Piel","isPartOf":{"@id":"https:\/\/www.pielnet.fr\/carnet\/#website"},"primaryImageOfPage":{"@id":"https:\/\/www.pielnet.fr\/carnet\/participation-des-habitants-a-lanas-dans-le-parc-des-monts-dardeche\/#primaryimage"},"image":{"@id":"https:\/\/www.pielnet.fr\/carnet\/participation-des-habitants-a-lanas-dans-le-parc-des-monts-dardeche\/#primaryimage"},"thumbnailUrl":"https:\/\/www.pielnet.fr\/carnet\/wp-content\/uploads\/2022\/11\/Capture-decran_20230110_172841.png","datePublished":"2022-11-04T07:14:56+00:00","dateModified":"2023-01-10T16:30:15+00:00","breadcrumb":{"@id":"https:\/\/www.pielnet.fr\/carnet\/participation-des-habitants-a-lanas-dans-le-parc-des-monts-dardeche\/#breadcrumb"},"inLanguage":"fr-FR","potentialAction":[{"@type":"ReadAction","target":["https:\/\/www.pielnet.fr\/carnet\/participation-des-habitants-a-lanas-dans-le-parc-des-monts-dardeche\/"]}]},{"@type":"ImageObject","inLanguage":"fr-FR","@id":"https:\/\/www.pielnet.fr\/carnet\/participation-des-habitants-a-lanas-dans-le-parc-des-monts-dardeche\/#primaryimage","url":"https:\/\/www.pielnet.fr\/carnet\/wp-content\/uploads\/2022\/11\/Capture-decran_20230110_172841.png","contentUrl":"https:\/\/www.pielnet.fr\/carnet\/wp-content\/uploads\/2022\/11\/Capture-decran_20230110_172841.png","width":1917,"height":1080,"caption":"Participation des habitants \u00e0 Lanas dans le Parc des Monts d\u2019Ard\u00e8che"},{"@type":"BreadcrumbList","@id":"https:\/\/www.pielnet.fr\/carnet\/participation-des-habitants-a-lanas-dans-le-parc-des-monts-dardeche\/#breadcrumb","itemListElement":[{"@type":"ListItem","position":1,"name":"Accueil","item":"https:\/\/www.pielnet.fr\/carnet\/"},{"@type":"ListItem","position":2,"name":"Participation des habitants \u00e0 Lanas dans le Parc des Monts d&rsquo;Ard\u00e8che"}]},{"@type":"WebSite","@id":"https:\/\/www.pielnet.fr\/carnet\/#website","url":"https:\/\/www.pielnet.fr\/carnet\/","name":"le carnet - Piel","description":"R\u00e9cits &amp; Territoires - Raconter en images les r\u00e9cits du sensible","publisher":{"@id":"https:\/\/www.pielnet.fr\/carnet\/#\/schema\/person\/7c09d20dd138514cf3647ce37f1f755d"},"potentialAction":[{"@type":"SearchAction","target":{"@type":"EntryPoint","urlTemplate":"https:\/\/www.pielnet.fr\/carnet\/?s={search_term_string}"},"query-input":{"@type":"PropertyValueSpecification","valueRequired":true,"valueName":"search_term_string"}}],"inLanguage":"fr-FR"},{"@type":["Person","Organization"],"@id":"https:\/\/www.pielnet.fr\/carnet\/#\/schema\/person\/7c09d20dd138514cf3647ce37f1f755d","name":"arnopiel","image":{"@type":"ImageObject","inLanguage":"fr-FR","@id":"https:\/\/www.pielnet.fr\/carnet\/#\/schema\/person\/image\/","url":"https:\/\/www.pielnet.fr\/carnet\/wp-content\/uploads\/2021\/01\/IMG_20201212_150932.jpg","contentUrl":"https:\/\/www.pielnet.fr\/carnet\/wp-content\/uploads\/2021\/01\/IMG_20201212_150932.jpg","width":1432,"height":1432,"caption":"arnopiel"},"logo":{"@id":"https:\/\/www.pielnet.fr\/carnet\/#\/schema\/person\/image\/"}}]}},"_links":{"self":[{"href":"https:\/\/www.pielnet.fr\/carnet\/wp-json\/wp\/v2\/posts\/2699","targetHints":{"allow":["GET"]}}],"collection":[{"href":"https:\/\/www.pielnet.fr\/carnet\/wp-json\/wp\/v2\/posts"}],"about":[{"href":"https:\/\/www.pielnet.fr\/carnet\/wp-json\/wp\/v2\/types\/post"}],"author":[{"embeddable":true,"href":"https:\/\/www.pielnet.fr\/carnet\/wp-json\/wp\/v2\/users\/1"}],"replies":[{"embeddable":true,"href":"https:\/\/www.pielnet.fr\/carnet\/wp-json\/wp\/v2\/comments?post=2699"}],"version-history":[{"count":2,"href":"https:\/\/www.pielnet.fr\/carnet\/wp-json\/wp\/v2\/posts\/2699\/revisions"}],"predecessor-version":[{"id":2736,"href":"https:\/\/www.pielnet.fr\/carnet\/wp-json\/wp\/v2\/posts\/2699\/revisions\/2736"}],"wp:featuredmedia":[{"embeddable":true,"href":"https:\/\/www.pielnet.fr\/carnet\/wp-json\/wp\/v2\/media\/2734"}],"wp:attachment":[{"href":"https:\/\/www.pielnet.fr\/carnet\/wp-json\/wp\/v2\/media?parent=2699"}],"wp:term":[{"taxonomy":"category","embeddable":true,"href":"https:\/\/www.pielnet.fr\/carnet\/wp-json\/wp\/v2\/categories?post=2699"},{"taxonomy":"post_tag","embeddable":true,"href":"https:\/\/www.pielnet.fr\/carnet\/wp-json\/wp\/v2\/tags?post=2699"}],"curies":[{"name":"wp","href":"https:\/\/api.w.org\/{rel}","templated":true}]}}