{"id":2688,"date":"2022-09-05T08:32:43","date_gmt":"2022-09-05T07:32:43","guid":{"rendered":"https:\/\/www.pielnet.fr\/carnet\/?p=2688"},"modified":"2025-04-06T16:47:32","modified_gmt":"2025-04-06T15:47:32","slug":"eco-quartiers-en-france","status":"publish","type":"post","link":"https:\/\/www.pielnet.fr\/carnet\/eco-quartiers-en-france\/","title":{"rendered":"Eco-quartiers en France"},"content":{"rendered":"\n<p>Tour d&rsquo;horizon des \u00e9coquartiers en France : L&rsquo;\u00e9cole la Ruche de Perthes-en-G\u00e2tinais, Boigneville, l&rsquo;\u00e9co-quartier du four \u00e0 pain de Faux la Montagne, les Maisons coccinelles Sainte-Croix aux mines dans les Vosges, <\/p>\n\n\n\n<figure class=\"wp-block-embed is-type-video is-provider-youtube wp-block-embed-youtube wp-embed-aspect-16-9 wp-has-aspect-ratio\"><div class=\"wp-block-embed__wrapper\">\n<iframe loading=\"lazy\" title=\"#41 Un \u00e9coquartier \u00e0 la mesure du territoire dans le Parc du G\u00e2tinais fran\u00e7ais\" width=\"500\" height=\"281\" src=\"https:\/\/www.youtube.com\/embed\/GDcwU6cOfnc?start=36&#038;feature=oembed\" frameborder=\"0\" allow=\"accelerometer; autoplay; clipboard-write; encrypted-media; gyroscope; picture-in-picture; web-share\" referrerpolicy=\"strict-origin-when-cross-origin\" allowfullscreen><\/iframe>\n<\/div><figcaption class=\"wp-element-caption\">L&rsquo;\u00e9cole la Ruche de Perthes-en-G\u00e2tinais<\/figcaption><\/figure>\n\n\n\n<p>C&rsquo;est en consid\u00e9rant l&rsquo;ensemble du territoire comme un \u00e9coquartier que le Parc naturel r\u00e9gional du G\u00e2tinais fran\u00e7ais a su attirer de nouveaux habitants. Une approche globale de l&rsquo;\u00e9co-construction qui porte ses fruits puisque de jeunes familles s&rsquo;y installent et que des \u00e9coles s&rsquo;y construisent, comme celle de Perthes en G\u00e2tinais, qui a la particularit\u00e9 d&rsquo;\u00eatre enti\u00e8rement et \u00e9cologiquement pens\u00e9e.<\/p>\n\n\n\n<figure class=\"wp-block-embed is-type-video is-provider-youtube wp-block-embed-youtube wp-embed-aspect-16-9 wp-has-aspect-ratio\"><div class=\"wp-block-embed__wrapper\">\n<iframe loading=\"lazy\" title=\"#42 Un \u00e9coquartier en zone rurale, exemple de Faux-la-Montagne\" width=\"500\" height=\"281\" src=\"https:\/\/www.youtube.com\/embed\/JcriwJBoXbc?start=15&#038;feature=oembed\" frameborder=\"0\" allow=\"accelerometer; autoplay; clipboard-write; encrypted-media; gyroscope; picture-in-picture; web-share\" referrerpolicy=\"strict-origin-when-cross-origin\" allowfullscreen><\/iframe>\n<\/div><figcaption class=\"wp-element-caption\">l&rsquo;\u00e9co-quartier du four \u00e0 pain de Faux la Montagne<\/figcaption><\/figure>\n\n\n\n<p>Pour le premier volet de cette s\u00e9rie consacr\u00e9e aux \u00e9coquartiers en France nous nous rendons \u00e0 Faux-la-Montagne dans le Parc naturel r\u00e9gional Millevaches en Limousin o\u00f9 les habitants ont su, par eux-m\u00eames, il y a plus de 10 ans, concr\u00e9tiser et d\u00e9velopper leur projet d&rsquo;\u00e9coquartier. Faux-la-Montagne est aujourd&rsquo;hui en plein essor. Retour sur cette exp\u00e9rience pionni\u00e8re qui s&rsquo;\u00e9tend bien au-del\u00e0 de l&rsquo;\u00e9coquartier lui-m\u00eame.<\/p>\n\n\n\n<figure class=\"wp-block-embed is-type-video is-provider-youtube wp-block-embed-youtube wp-embed-aspect-16-9 wp-has-aspect-ratio\"><div class=\"wp-block-embed__wrapper\">\n<iframe loading=\"lazy\" title=\"#43 \u00c9coquartiers et activit\u00e9 \u00e9conomique\" width=\"500\" height=\"281\" src=\"https:\/\/www.youtube.com\/embed\/90fa33DlcE4?feature=oembed\" frameborder=\"0\" allow=\"accelerometer; autoplay; clipboard-write; encrypted-media; gyroscope; picture-in-picture; web-share\" referrerpolicy=\"strict-origin-when-cross-origin\" allowfullscreen><\/iframe>\n<\/div><figcaption class=\"wp-element-caption\">les Maisons coccinelles Sainte-Croix aux mines dans les Vosges<\/figcaption><\/figure>\n\n\n\n<p>Pour continuer notre s\u00e9rie sur les \u00e9coquartiers en France nous allons dans le Parc naturel r\u00e9gional des Ballons des Vosges et plus pr\u00e9cis\u00e9ment \u00e0 Sainte Croix aux Mines o\u00f9 a \u00e9t\u00e9 pens\u00e9 et r\u00e9alis\u00e9 un \u00e9co-quartier novateur : les coccinelles. Ici l&rsquo;\u00e9coquartier a d\u00e9pass\u00e9 sa vocation de zone r\u00e9sidentielle pour attirer une activit\u00e9 \u00e9conomique avec l&rsquo;installation d&rsquo;entreprise.<\/p>\n\n\n\n<figure class=\"wp-block-embed is-type-video is-provider-youtube wp-block-embed-youtube wp-embed-aspect-16-9 wp-has-aspect-ratio\"><div class=\"wp-block-embed__wrapper\">\n<iframe loading=\"lazy\" title=\"#46 R\u00e9investir les friches industrielles\" width=\"500\" height=\"281\" src=\"https:\/\/www.youtube.com\/embed\/gEEnst_3ZYk?feature=oembed\" frameborder=\"0\" allow=\"accelerometer; autoplay; clipboard-write; encrypted-media; gyroscope; picture-in-picture; web-share\" referrerpolicy=\"strict-origin-when-cross-origin\" allowfullscreen><\/iframe>\n<\/div><figcaption class=\"wp-element-caption\">R\u00e9investir les friches industrielles, RONCHAMPS dans les Vosges et son Fablab notamment<\/figcaption><\/figure>\n\n\n\n<p>Nous sommes toujours dans le Parc naturel des Ballons des Vosges pour cet opus de la s\u00e9rie sur les \u00e9coquartiers dans les Parcs et plus pr\u00e9cis\u00e9ment \u00e0 Ronchamps, cit\u00e9 mondialement connue pour sa chapelle dessin\u00e9e par le Corbusier. Ici le pari a \u00e9t\u00e9 de cr\u00e9er, \u00e0 travers la r\u00e9habilitation d&rsquo;une vaste friche industrielle, un \u00e9coquartier qui ne propose que de l&rsquo;activit\u00e9\u2026 pour ensuite peut-\u00eatre attirer de nouveaux habitants<\/p>\n\n\n\n<figure class=\"wp-block-embed is-type-video is-provider-youtube wp-block-embed-youtube wp-embed-aspect-16-9 wp-has-aspect-ratio\"><div class=\"wp-block-embed__wrapper\">\n<iframe loading=\"lazy\" title=\"#44 Les mat\u00e9riaux d&#039;\u00e9coconstruction dans les \u00e9co-quartiers\" width=\"500\" height=\"281\" src=\"https:\/\/www.youtube.com\/embed\/oNaIMR_6Y58?start=17&#038;feature=oembed\" frameborder=\"0\" allow=\"accelerometer; autoplay; clipboard-write; encrypted-media; gyroscope; picture-in-picture; web-share\" referrerpolicy=\"strict-origin-when-cross-origin\" allowfullscreen><\/iframe>\n<\/div><figcaption class=\"wp-element-caption\">Mat\u00e9riaux biosourc\u00e9s et g\u00e9osourc\u00e9s, l&rsquo;exemple du chanvre et de la maison du Parc en G\u00e2tinais fran\u00e7ais<\/figcaption><\/figure>\n\n\n\n<p>La maison du Parc naturel r\u00e9gional du G\u00e2tinais fran\u00e7ais est un exemple pour l&rsquo;utilisation d&rsquo;\u00e9comat\u00e9riaux dans la construction (neuf et r\u00e9habilitation). La politique mises en place a permis de favoriser la bonne utilisation de mat\u00e9riaux g\u00e9osourc\u00e9s et biosourc\u00e9s par l&rsquo;appui au d\u00e9veloppement des fili\u00e8res, les aides aux collectivit\u00e9s et particuliers et la formation des artisans. Un syst\u00e8me vertueux qui permet \u00e0 chacun d&rsquo;y trouver son compte.<\/p>\n\n\n\n<figure class=\"wp-block-embed is-type-video is-provider-youtube wp-block-embed-youtube wp-embed-aspect-4-3 wp-has-aspect-ratio\"><div class=\"wp-block-embed__wrapper\">\n<iframe loading=\"lazy\" title=\"Adaptation aux modes de vies futures : qu&#039;n pensent-il dans le Golfe du Morbihan\" width=\"500\" height=\"281\" src=\"https:\/\/www.youtube.com\/embed\/w-ArJaOF9es?feature=oembed\" frameborder=\"0\" allow=\"accelerometer; autoplay; clipboard-write; encrypted-media; gyroscope; picture-in-picture; web-share\" referrerpolicy=\"strict-origin-when-cross-origin\" allowfullscreen><\/iframe>\n<\/div><figcaption class=\"wp-element-caption\"><br><br><br><br><br><br><br><br><a><br><br><\/a><br><br><br><br><br><br><br><br><br><a href=\"https:\/\/www.youtube.com\/\"><\/a><br><a href=\"https:\/\/www.youtube.com\/\"><\/a><a href=\"https:\/\/www.youtube.com\/\"><br> <\/a><a href=\"https:\/\/www.youtube.com\/\"><\/a><a href=\"https:\/\/www.youtube.com\/\"> <\/a><a href=\"https:\/\/www.youtube.com\/\"><\/a><a href=\"https:\/\/www.youtube.com\/\"> <\/a><a href=\"https:\/\/www.youtube.com\/\"><\/a><a href=\"https:\/\/www.youtube.com\/\"><\/a> FR<br><br><br><br><br><br><a><br><\/a><br><br><br><br><br><br><br><br><br><a href=\"https:\/\/www.youtube.com\/\"><\/a><br><a href=\"https:\/\/www.youtube.com\/\"><\/a><a href=\"https:\/\/www.youtube.com\/\"><br> <\/a><a href=\"https:\/\/www.youtube.com\/\"><\/a><a href=\"https:\/\/www.youtube.com\/\"> <\/a><a href=\"https:\/\/www.youtube.com\/\"><\/a><a href=\"https:\/\/www.youtube.com\/\"> <\/a><a href=\"https:\/\/www.youtube.com\/\"><\/a><a href=\"https:\/\/www.youtube.com\/\"><\/a><br><br><br><br><br><br><br><video src=\"blob:https:\/\/www.youtube.com\/6460c6d4-d7d5-4e7c-a6b7-3535d2748403\"><\/video><br><br><br><br><br><br><br><br><br><br><br><br><br><br><br><br><br><br><br><br><br><a href=\"https:\/\/www.youtube.com\/watch?v=xR-vZPVgCLo\"><\/a>0:00 \/ 5:07<br><br><br><br><br><br><br>Adaptation aux modes de vies futures : qu&rsquo;n pensent-il dans le Golfe du Morbihan<\/figcaption><\/figure>\n\n\n\n<p>Projetons-nous dans l&rsquo;avenir des \u00e9coquartiers avec les r\u00e9flexions de Monique Cass\u00e9 et Juliette Herry du Parc naturel r\u00e9gional du Golfe du Morbihan, afin de comprendre les enjeux de demain en terme d&rsquo;habitat \u00e9cologique sur des territoires d\u00e9j\u00e0 tr\u00e8s construits et o\u00f9 les r\u00e9alit\u00e9s d\u00e9mographiques, g\u00e9ographiques et li\u00e9es au changement climatique sont un param\u00e8tre des plus importants \u00e0 prendre en compte.<\/p>\n","protected":false},"excerpt":{"rendered":"<p>Tour d&rsquo;horizon des \u00e9coquartiers en France : L&rsquo;\u00e9cole la Ruche de Perthes-en-G\u00e2tinais, Boigneville, l&rsquo;\u00e9co-quartier du four \u00e0 pain de Faux la Montagne, les Maisons coccinelles Sainte-Croix aux mines dans les Vosges, C&rsquo;est en consid\u00e9rant l&rsquo;ensemble du territoire comme un \u00e9coquartier que le Parc naturel r\u00e9gional du G\u00e2tinais fran\u00e7ais a su attirer de nouveaux habitants. Une [&hellip;]<\/p>\n","protected":false},"author":1,"featured_media":1748,"comment_status":"open","ping_status":"open","sticky":true,"template":"","format":"standard","meta":{"footnotes":""},"categories":[472,69],"tags":[],"class_list":["post-2688","post","type-post","status-publish","format-standard","has-post-thumbnail","hentry","category-doc","category-films"],"yoast_head":"<!-- This site is optimized with the Yoast SEO plugin v26.7 - https:\/\/yoast.com\/wordpress\/plugins\/seo\/ -->\n<title>Eco-quartiers en France - le carnet - Piel<\/title>\n<meta name=\"robots\" content=\"index, follow, max-snippet:-1, max-image-preview:large, max-video-preview:-1\" \/>\n<link rel=\"canonical\" href=\"https:\/\/www.pielnet.fr\/carnet\/eco-quartiers-en-france\/\" \/>\n<meta property=\"og:locale\" content=\"fr_FR\" \/>\n<meta property=\"og:type\" content=\"article\" \/>\n<meta property=\"og:title\" content=\"Eco-quartiers en France - le carnet - Piel\" \/>\n<meta property=\"og:description\" content=\"Tour d&rsquo;horizon des \u00e9coquartiers en France : L&rsquo;\u00e9cole la Ruche de Perthes-en-G\u00e2tinais, Boigneville, l&rsquo;\u00e9co-quartier du four \u00e0 pain de Faux la Montagne, les Maisons coccinelles Sainte-Croix aux mines dans les Vosges, C&rsquo;est en consid\u00e9rant l&rsquo;ensemble du territoire comme un \u00e9coquartier que le Parc naturel r\u00e9gional du G\u00e2tinais fran\u00e7ais a su attirer de nouveaux habitants. Une [&hellip;]\" \/>\n<meta property=\"og:url\" content=\"https:\/\/www.pielnet.fr\/carnet\/eco-quartiers-en-france\/\" \/>\n<meta property=\"og:site_name\" content=\"le carnet - Piel\" \/>\n<meta property=\"article:published_time\" content=\"2022-09-05T07:32:43+00:00\" \/>\n<meta property=\"article:modified_time\" content=\"2025-04-06T15:47:32+00:00\" \/>\n<meta property=\"og:image\" content=\"https:\/\/www.pielnet.fr\/carnet\/wp-content\/uploads\/2020\/05\/Logo_pnr.png\" \/>\n\t<meta property=\"og:image:width\" content=\"619\" \/>\n\t<meta property=\"og:image:height\" content=\"711\" \/>\n\t<meta property=\"og:image:type\" content=\"image\/png\" \/>\n<meta name=\"author\" content=\"arnopiel\" \/>\n<meta name=\"twitter:card\" content=\"summary_large_image\" \/>\n<meta name=\"twitter:label1\" content=\"\u00c9crit par\" \/>\n\t<meta name=\"twitter:data1\" content=\"arnopiel\" \/>\n\t<meta name=\"twitter:label2\" content=\"Dur\u00e9e de lecture estim\u00e9e\" \/>\n\t<meta name=\"twitter:data2\" content=\"3 minutes\" \/>\n<script type=\"application\/ld+json\" class=\"yoast-schema-graph\">{\"@context\":\"https:\/\/schema.org\",\"@graph\":[{\"@type\":\"Article\",\"@id\":\"https:\/\/www.pielnet.fr\/carnet\/eco-quartiers-en-france\/#article\",\"isPartOf\":{\"@id\":\"https:\/\/www.pielnet.fr\/carnet\/eco-quartiers-en-france\/\"},\"author\":{\"name\":\"arnopiel\",\"@id\":\"https:\/\/www.pielnet.fr\/carnet\/#\/schema\/person\/7c09d20dd138514cf3647ce37f1f755d\"},\"headline\":\"Eco-quartiers en France\",\"datePublished\":\"2022-09-05T07:32:43+00:00\",\"dateModified\":\"2025-04-06T15:47:32+00:00\",\"mainEntityOfPage\":{\"@id\":\"https:\/\/www.pielnet.fr\/carnet\/eco-quartiers-en-france\/\"},\"wordCount\":583,\"commentCount\":0,\"publisher\":{\"@id\":\"https:\/\/www.pielnet.fr\/carnet\/#\/schema\/person\/7c09d20dd138514cf3647ce37f1f755d\"},\"image\":{\"@id\":\"https:\/\/www.pielnet.fr\/carnet\/eco-quartiers-en-france\/#primaryimage\"},\"thumbnailUrl\":\"https:\/\/www.pielnet.fr\/carnet\/wp-content\/uploads\/2020\/05\/Logo_pnr.png\",\"articleSection\":[\"Doc\",\"Films\"],\"inLanguage\":\"fr-FR\",\"potentialAction\":[{\"@type\":\"CommentAction\",\"name\":\"Comment\",\"target\":[\"https:\/\/www.pielnet.fr\/carnet\/eco-quartiers-en-france\/#respond\"]}]},{\"@type\":\"WebPage\",\"@id\":\"https:\/\/www.pielnet.fr\/carnet\/eco-quartiers-en-france\/\",\"url\":\"https:\/\/www.pielnet.fr\/carnet\/eco-quartiers-en-france\/\",\"name\":\"Eco-quartiers en France - le carnet - Piel\",\"isPartOf\":{\"@id\":\"https:\/\/www.pielnet.fr\/carnet\/#website\"},\"primaryImageOfPage\":{\"@id\":\"https:\/\/www.pielnet.fr\/carnet\/eco-quartiers-en-france\/#primaryimage\"},\"image\":{\"@id\":\"https:\/\/www.pielnet.fr\/carnet\/eco-quartiers-en-france\/#primaryimage\"},\"thumbnailUrl\":\"https:\/\/www.pielnet.fr\/carnet\/wp-content\/uploads\/2020\/05\/Logo_pnr.png\",\"datePublished\":\"2022-09-05T07:32:43+00:00\",\"dateModified\":\"2025-04-06T15:47:32+00:00\",\"breadcrumb\":{\"@id\":\"https:\/\/www.pielnet.fr\/carnet\/eco-quartiers-en-france\/#breadcrumb\"},\"inLanguage\":\"fr-FR\",\"potentialAction\":[{\"@type\":\"ReadAction\",\"target\":[\"https:\/\/www.pielnet.fr\/carnet\/eco-quartiers-en-france\/\"]}]},{\"@type\":\"ImageObject\",\"inLanguage\":\"fr-FR\",\"@id\":\"https:\/\/www.pielnet.fr\/carnet\/eco-quartiers-en-france\/#primaryimage\",\"url\":\"https:\/\/www.pielnet.fr\/carnet\/wp-content\/uploads\/2020\/05\/Logo_pnr.png\",\"contentUrl\":\"https:\/\/www.pielnet.fr\/carnet\/wp-content\/uploads\/2020\/05\/Logo_pnr.png\",\"width\":619,\"height\":711,\"caption\":\"F\u00e9d\u00e9ration des Parcs naturels r\u00e9gionaux de France\"},{\"@type\":\"BreadcrumbList\",\"@id\":\"https:\/\/www.pielnet.fr\/carnet\/eco-quartiers-en-france\/#breadcrumb\",\"itemListElement\":[{\"@type\":\"ListItem\",\"position\":1,\"name\":\"Accueil\",\"item\":\"https:\/\/www.pielnet.fr\/carnet\/\"},{\"@type\":\"ListItem\",\"position\":2,\"name\":\"Eco-quartiers en France\"}]},{\"@type\":\"WebSite\",\"@id\":\"https:\/\/www.pielnet.fr\/carnet\/#website\",\"url\":\"https:\/\/www.pielnet.fr\/carnet\/\",\"name\":\"le carnet - Piel\",\"description\":\"R\u00e9cits &amp; Territoires - Raconter en images les r\u00e9cits du sensible\",\"publisher\":{\"@id\":\"https:\/\/www.pielnet.fr\/carnet\/#\/schema\/person\/7c09d20dd138514cf3647ce37f1f755d\"},\"potentialAction\":[{\"@type\":\"SearchAction\",\"target\":{\"@type\":\"EntryPoint\",\"urlTemplate\":\"https:\/\/www.pielnet.fr\/carnet\/?s={search_term_string}\"},\"query-input\":{\"@type\":\"PropertyValueSpecification\",\"valueRequired\":true,\"valueName\":\"search_term_string\"}}],\"inLanguage\":\"fr-FR\"},{\"@type\":[\"Person\",\"Organization\"],\"@id\":\"https:\/\/www.pielnet.fr\/carnet\/#\/schema\/person\/7c09d20dd138514cf3647ce37f1f755d\",\"name\":\"arnopiel\",\"image\":{\"@type\":\"ImageObject\",\"inLanguage\":\"fr-FR\",\"@id\":\"https:\/\/www.pielnet.fr\/carnet\/#\/schema\/person\/image\/\",\"url\":\"https:\/\/www.pielnet.fr\/carnet\/wp-content\/uploads\/2021\/01\/IMG_20201212_150932.jpg\",\"contentUrl\":\"https:\/\/www.pielnet.fr\/carnet\/wp-content\/uploads\/2021\/01\/IMG_20201212_150932.jpg\",\"width\":1432,\"height\":1432,\"caption\":\"arnopiel\"},\"logo\":{\"@id\":\"https:\/\/www.pielnet.fr\/carnet\/#\/schema\/person\/image\/\"}}]}<\/script>\n<!-- \/ Yoast SEO plugin. -->","yoast_head_json":{"title":"Eco-quartiers en France - le carnet - Piel","robots":{"index":"index","follow":"follow","max-snippet":"max-snippet:-1","max-image-preview":"max-image-preview:large","max-video-preview":"max-video-preview:-1"},"canonical":"https:\/\/www.pielnet.fr\/carnet\/eco-quartiers-en-france\/","og_locale":"fr_FR","og_type":"article","og_title":"Eco-quartiers en France - le carnet - Piel","og_description":"Tour d&rsquo;horizon des \u00e9coquartiers en France : L&rsquo;\u00e9cole la Ruche de Perthes-en-G\u00e2tinais, Boigneville, l&rsquo;\u00e9co-quartier du four \u00e0 pain de Faux la Montagne, les Maisons coccinelles Sainte-Croix aux mines dans les Vosges, C&rsquo;est en consid\u00e9rant l&rsquo;ensemble du territoire comme un \u00e9coquartier que le Parc naturel r\u00e9gional du G\u00e2tinais fran\u00e7ais a su attirer de nouveaux habitants. Une [&hellip;]","og_url":"https:\/\/www.pielnet.fr\/carnet\/eco-quartiers-en-france\/","og_site_name":"le carnet - Piel","article_published_time":"2022-09-05T07:32:43+00:00","article_modified_time":"2025-04-06T15:47:32+00:00","og_image":[{"width":619,"height":711,"url":"https:\/\/www.pielnet.fr\/carnet\/wp-content\/uploads\/2020\/05\/Logo_pnr.png","type":"image\/png"}],"author":"arnopiel","twitter_card":"summary_large_image","twitter_misc":{"\u00c9crit par":"arnopiel","Dur\u00e9e de lecture estim\u00e9e":"3 minutes"},"schema":{"@context":"https:\/\/schema.org","@graph":[{"@type":"Article","@id":"https:\/\/www.pielnet.fr\/carnet\/eco-quartiers-en-france\/#article","isPartOf":{"@id":"https:\/\/www.pielnet.fr\/carnet\/eco-quartiers-en-france\/"},"author":{"name":"arnopiel","@id":"https:\/\/www.pielnet.fr\/carnet\/#\/schema\/person\/7c09d20dd138514cf3647ce37f1f755d"},"headline":"Eco-quartiers en France","datePublished":"2022-09-05T07:32:43+00:00","dateModified":"2025-04-06T15:47:32+00:00","mainEntityOfPage":{"@id":"https:\/\/www.pielnet.fr\/carnet\/eco-quartiers-en-france\/"},"wordCount":583,"commentCount":0,"publisher":{"@id":"https:\/\/www.pielnet.fr\/carnet\/#\/schema\/person\/7c09d20dd138514cf3647ce37f1f755d"},"image":{"@id":"https:\/\/www.pielnet.fr\/carnet\/eco-quartiers-en-france\/#primaryimage"},"thumbnailUrl":"https:\/\/www.pielnet.fr\/carnet\/wp-content\/uploads\/2020\/05\/Logo_pnr.png","articleSection":["Doc","Films"],"inLanguage":"fr-FR","potentialAction":[{"@type":"CommentAction","name":"Comment","target":["https:\/\/www.pielnet.fr\/carnet\/eco-quartiers-en-france\/#respond"]}]},{"@type":"WebPage","@id":"https:\/\/www.pielnet.fr\/carnet\/eco-quartiers-en-france\/","url":"https:\/\/www.pielnet.fr\/carnet\/eco-quartiers-en-france\/","name":"Eco-quartiers en France - le carnet - Piel","isPartOf":{"@id":"https:\/\/www.pielnet.fr\/carnet\/#website"},"primaryImageOfPage":{"@id":"https:\/\/www.pielnet.fr\/carnet\/eco-quartiers-en-france\/#primaryimage"},"image":{"@id":"https:\/\/www.pielnet.fr\/carnet\/eco-quartiers-en-france\/#primaryimage"},"thumbnailUrl":"https:\/\/www.pielnet.fr\/carnet\/wp-content\/uploads\/2020\/05\/Logo_pnr.png","datePublished":"2022-09-05T07:32:43+00:00","dateModified":"2025-04-06T15:47:32+00:00","breadcrumb":{"@id":"https:\/\/www.pielnet.fr\/carnet\/eco-quartiers-en-france\/#breadcrumb"},"inLanguage":"fr-FR","potentialAction":[{"@type":"ReadAction","target":["https:\/\/www.pielnet.fr\/carnet\/eco-quartiers-en-france\/"]}]},{"@type":"ImageObject","inLanguage":"fr-FR","@id":"https:\/\/www.pielnet.fr\/carnet\/eco-quartiers-en-france\/#primaryimage","url":"https:\/\/www.pielnet.fr\/carnet\/wp-content\/uploads\/2020\/05\/Logo_pnr.png","contentUrl":"https:\/\/www.pielnet.fr\/carnet\/wp-content\/uploads\/2020\/05\/Logo_pnr.png","width":619,"height":711,"caption":"F\u00e9d\u00e9ration des Parcs naturels r\u00e9gionaux de France"},{"@type":"BreadcrumbList","@id":"https:\/\/www.pielnet.fr\/carnet\/eco-quartiers-en-france\/#breadcrumb","itemListElement":[{"@type":"ListItem","position":1,"name":"Accueil","item":"https:\/\/www.pielnet.fr\/carnet\/"},{"@type":"ListItem","position":2,"name":"Eco-quartiers en France"}]},{"@type":"WebSite","@id":"https:\/\/www.pielnet.fr\/carnet\/#website","url":"https:\/\/www.pielnet.fr\/carnet\/","name":"le carnet - Piel","description":"R\u00e9cits &amp; Territoires - Raconter en images les r\u00e9cits du sensible","publisher":{"@id":"https:\/\/www.pielnet.fr\/carnet\/#\/schema\/person\/7c09d20dd138514cf3647ce37f1f755d"},"potentialAction":[{"@type":"SearchAction","target":{"@type":"EntryPoint","urlTemplate":"https:\/\/www.pielnet.fr\/carnet\/?s={search_term_string}"},"query-input":{"@type":"PropertyValueSpecification","valueRequired":true,"valueName":"search_term_string"}}],"inLanguage":"fr-FR"},{"@type":["Person","Organization"],"@id":"https:\/\/www.pielnet.fr\/carnet\/#\/schema\/person\/7c09d20dd138514cf3647ce37f1f755d","name":"arnopiel","image":{"@type":"ImageObject","inLanguage":"fr-FR","@id":"https:\/\/www.pielnet.fr\/carnet\/#\/schema\/person\/image\/","url":"https:\/\/www.pielnet.fr\/carnet\/wp-content\/uploads\/2021\/01\/IMG_20201212_150932.jpg","contentUrl":"https:\/\/www.pielnet.fr\/carnet\/wp-content\/uploads\/2021\/01\/IMG_20201212_150932.jpg","width":1432,"height":1432,"caption":"arnopiel"},"logo":{"@id":"https:\/\/www.pielnet.fr\/carnet\/#\/schema\/person\/image\/"}}]}},"_links":{"self":[{"href":"https:\/\/www.pielnet.fr\/carnet\/wp-json\/wp\/v2\/posts\/2688","targetHints":{"allow":["GET"]}}],"collection":[{"href":"https:\/\/www.pielnet.fr\/carnet\/wp-json\/wp\/v2\/posts"}],"about":[{"href":"https:\/\/www.pielnet.fr\/carnet\/wp-json\/wp\/v2\/types\/post"}],"author":[{"embeddable":true,"href":"https:\/\/www.pielnet.fr\/carnet\/wp-json\/wp\/v2\/users\/1"}],"replies":[{"embeddable":true,"href":"https:\/\/www.pielnet.fr\/carnet\/wp-json\/wp\/v2\/comments?post=2688"}],"version-history":[{"count":3,"href":"https:\/\/www.pielnet.fr\/carnet\/wp-json\/wp\/v2\/posts\/2688\/revisions"}],"predecessor-version":[{"id":3279,"href":"https:\/\/www.pielnet.fr\/carnet\/wp-json\/wp\/v2\/posts\/2688\/revisions\/3279"}],"wp:featuredmedia":[{"embeddable":true,"href":"https:\/\/www.pielnet.fr\/carnet\/wp-json\/wp\/v2\/media\/1748"}],"wp:attachment":[{"href":"https:\/\/www.pielnet.fr\/carnet\/wp-json\/wp\/v2\/media?parent=2688"}],"wp:term":[{"taxonomy":"category","embeddable":true,"href":"https:\/\/www.pielnet.fr\/carnet\/wp-json\/wp\/v2\/categories?post=2688"},{"taxonomy":"post_tag","embeddable":true,"href":"https:\/\/www.pielnet.fr\/carnet\/wp-json\/wp\/v2\/tags?post=2688"}],"curies":[{"name":"wp","href":"https:\/\/api.w.org\/{rel}","templated":true}]}}