{"id":2353,"date":"2021-07-03T16:19:13","date_gmt":"2021-07-03T15:19:13","guid":{"rendered":"https:\/\/www.pielnet.fr\/carnet\/?p=2353"},"modified":"2021-07-03T16:27:45","modified_gmt":"2021-07-03T15:27:45","slug":"les-coulisses-du-festival-les-petits-reporters-au-festival-chabrol-de-tremolat-version-longue","status":"publish","type":"post","link":"https:\/\/www.pielnet.fr\/carnet\/les-coulisses-du-festival-les-petits-reporters-au-festival-chabrol-de-tremolat-version-longue\/","title":{"rendered":"LES COULISSES DU FESTIVAL les petits reporters au festival CHABROL de Tr\u00e9molat version longue"},"content":{"rendered":"\n<figure class=\"wp-block-embed is-type-video is-provider-youtube wp-block-embed-youtube wp-embed-aspect-16-9 wp-has-aspect-ratio\"><div class=\"wp-block-embed__wrapper\">\n<iframe loading=\"lazy\" title=\"les petits reporters au festival CHABROL de Tr\u00e9molat version longue - hors temps scolaire\" width=\"500\" height=\"281\" src=\"https:\/\/www.youtube.com\/embed\/Mo31imkt-x0?feature=oembed\" frameborder=\"0\" allow=\"accelerometer; autoplay; clipboard-write; encrypted-media; gyroscope; picture-in-picture; web-share\" referrerpolicy=\"strict-origin-when-cross-origin\" allowfullscreen><\/iframe>\n<\/div><\/figure>\n\n\n\n<p>Des petits reporters arrivent dans un village de Dordogne et m\u00e8nent l\u2019enqu\u00eate sur d\u2019\u00e9nigmatiques animations qui s\u2019y d\u00e9roulent\u2026<\/p>\n\n\n\n<blockquote class=\"wp-block-quote is-layout-flow wp-block-quote-is-layout-flow\"><p><strong>C\u2019est simple de faire un film, en quelques heures on peut apprendre\u2026<br>Apr\u00e8s il faut juste \u00eatre clair dans son intention<\/strong><\/p><cite>Claude Chabrol<\/cite><\/blockquote>\n\n\n\n<p>Un film r\u00e9alis\u00e9 de A \u00e0 Y par les enfants de Tr\u00e9molat dans le cadre du premier festival CHABROL les 26 et 27 juin 2021<br>Les ateliers documentaires (du paysage) \u2013 hors temps scolaire<\/p>\n\n\n\n<p>Les Ateliers documentaires au Festival Claude Chabrol !<\/p>\n\n\n\n<p>dans le cadre du festival de Tr\u00e9molat<\/p>\n\n\n\n<p>Les Ateliers documentaires proposeront aux enfants (7 \u00e0 12 ans) d\u2019\u00eatre<br>pleinement observateurs et acteurs du festival de Tr\u00e9molat, comme l\u2019avait<br>fait Claude Chabrol avec les enfants du village qui jouaient dans son film<br>\u00ab le Boucher \u00bb en 1969, et de r\u00e9aliser eux-m\u00eames leur mini-documentaire<br>sur cet \u00e9v\u00e9nement. Film qui sera projet\u00e9 pour la soir\u00e9e de cl\u00f4ture. Un<br>atelier sur 2 jours pour d\u00e9couvrir les techniques de la vid\u00e9o (et du<br>cin\u00e9ma), du journalisme et du r\u00e9cit aussi.<\/p>\n\n\n\n<blockquote class=\"wp-block-quote is-layout-flow wp-block-quote-is-layout-flow\"><p><strong>\u00ab Le bonheur c\u2019est d\u2019\u00eatre bien dans la lucidit\u00e9 \u00bb<\/strong><\/p><cite>Claude Chabrol<\/cite><\/blockquote>\n\n\n\n<figure class=\"wp-block-embed is-type-wp-embed is-provider-les-ateliers-documentaires wp-block-embed-les-ateliers-documentaires\"><div class=\"wp-block-embed__wrapper\">\n<blockquote class=\"wp-embedded-content\" data-secret=\"tlzQqIPt0h\"><a href=\"https:\/\/www.lesateliersdocumentaires.fr\/2021\/06\/29\/les-coulisses-du-festival-les-petits-reporters-au-festival-chabrol-de-tremolat-version-longue\/\">LES COULISSES DU FESTIVAL les petits reporters au festival CHABROL de Tr\u00e9molat version longue<\/a><\/blockquote><iframe loading=\"lazy\" class=\"wp-embedded-content\" sandbox=\"allow-scripts\" security=\"restricted\" style=\"position: absolute; visibility: hidden;\" title=\"\u00ab\u00a0LES COULISSES DU FESTIVAL les petits reporters au festival CHABROL de Tr\u00e9molat version longue\u00a0\u00bb &#8212; Les Ateliers Documentaires\" src=\"https:\/\/www.lesateliersdocumentaires.fr\/2021\/06\/29\/les-coulisses-du-festival-les-petits-reporters-au-festival-chabrol-de-tremolat-version-longue\/embed\/#?secret=lR5jcr3jjQ#?secret=tlzQqIPt0h\" data-secret=\"tlzQqIPt0h\" width=\"500\" height=\"282\" frameborder=\"0\" marginwidth=\"0\" marginheight=\"0\" scrolling=\"no\"><\/iframe>\n<\/div><\/figure>\n","protected":false},"excerpt":{"rendered":"<p>Des petits reporters arrivent dans un village de Dordogne et m\u00e8nent l\u2019enqu\u00eate sur d\u2019\u00e9nigmatiques animations qui s\u2019y d\u00e9roulent\u2026 C\u2019est simple de faire un film, en quelques heures on peut apprendre\u2026Apr\u00e8s il faut juste \u00eatre clair dans son intention Claude Chabrol Un film r\u00e9alis\u00e9 de A \u00e0 Y par les enfants de Tr\u00e9molat dans le cadre [&hellip;]<\/p>\n","protected":false},"author":1,"featured_media":2358,"comment_status":"open","ping_status":"open","sticky":false,"template":"","format":"standard","meta":{"footnotes":""},"categories":[549],"tags":[],"class_list":["post-2353","post","type-post","status-publish","format-standard","has-post-thumbnail","hentry","category-eac"],"yoast_head":"<!-- This site is optimized with the Yoast SEO plugin v26.7 - https:\/\/yoast.com\/wordpress\/plugins\/seo\/ -->\n<title>LES COULISSES DU FESTIVAL les petits reporters au festival CHABROL de Tr\u00e9molat version longue - le carnet - Piel<\/title>\n<meta name=\"robots\" content=\"index, follow, max-snippet:-1, max-image-preview:large, max-video-preview:-1\" \/>\n<link rel=\"canonical\" href=\"https:\/\/www.pielnet.fr\/carnet\/les-coulisses-du-festival-les-petits-reporters-au-festival-chabrol-de-tremolat-version-longue\/\" \/>\n<meta property=\"og:locale\" content=\"fr_FR\" \/>\n<meta property=\"og:type\" content=\"article\" \/>\n<meta property=\"og:title\" content=\"LES COULISSES DU FESTIVAL les petits reporters au festival CHABROL de Tr\u00e9molat version longue - le carnet - Piel\" \/>\n<meta property=\"og:description\" content=\"Des petits reporters arrivent dans un village de Dordogne et m\u00e8nent l\u2019enqu\u00eate sur d\u2019\u00e9nigmatiques animations qui s\u2019y d\u00e9roulent\u2026 C\u2019est simple de faire un film, en quelques heures on peut apprendre\u2026Apr\u00e8s il faut juste \u00eatre clair dans son intention Claude Chabrol Un film r\u00e9alis\u00e9 de A \u00e0 Y par les enfants de Tr\u00e9molat dans le cadre [&hellip;]\" \/>\n<meta property=\"og:url\" content=\"https:\/\/www.pielnet.fr\/carnet\/les-coulisses-du-festival-les-petits-reporters-au-festival-chabrol-de-tremolat-version-longue\/\" \/>\n<meta property=\"og:site_name\" content=\"le carnet - Piel\" \/>\n<meta property=\"article:published_time\" content=\"2021-07-03T15:19:13+00:00\" \/>\n<meta property=\"article:modified_time\" content=\"2021-07-03T15:27:45+00:00\" \/>\n<meta property=\"og:image\" content=\"https:\/\/www.pielnet.fr\/carnet\/wp-content\/uploads\/2021\/07\/Chabrol-der-der-no-logo-1.jpg\" \/>\n\t<meta property=\"og:image:width\" content=\"1\" \/>\n\t<meta property=\"og:image:height\" content=\"1\" \/>\n\t<meta property=\"og:image:type\" content=\"image\/jpeg\" \/>\n<meta name=\"author\" content=\"arnopiel\" \/>\n<meta name=\"twitter:card\" content=\"summary_large_image\" \/>\n<meta name=\"twitter:label1\" content=\"\u00c9crit par\" \/>\n\t<meta name=\"twitter:data1\" content=\"arnopiel\" \/>\n\t<meta name=\"twitter:label2\" content=\"Dur\u00e9e de lecture estim\u00e9e\" \/>\n\t<meta name=\"twitter:data2\" content=\"1 minute\" \/>\n<script type=\"application\/ld+json\" class=\"yoast-schema-graph\">{\"@context\":\"https:\/\/schema.org\",\"@graph\":[{\"@type\":\"Article\",\"@id\":\"https:\/\/www.pielnet.fr\/carnet\/les-coulisses-du-festival-les-petits-reporters-au-festival-chabrol-de-tremolat-version-longue\/#article\",\"isPartOf\":{\"@id\":\"https:\/\/www.pielnet.fr\/carnet\/les-coulisses-du-festival-les-petits-reporters-au-festival-chabrol-de-tremolat-version-longue\/\"},\"author\":{\"name\":\"arnopiel\",\"@id\":\"https:\/\/www.pielnet.fr\/carnet\/#\/schema\/person\/7c09d20dd138514cf3647ce37f1f755d\"},\"headline\":\"LES COULISSES DU FESTIVAL les petits reporters au festival CHABROL de Tr\u00e9molat version longue\",\"datePublished\":\"2021-07-03T15:19:13+00:00\",\"dateModified\":\"2021-07-03T15:27:45+00:00\",\"mainEntityOfPage\":{\"@id\":\"https:\/\/www.pielnet.fr\/carnet\/les-coulisses-du-festival-les-petits-reporters-au-festival-chabrol-de-tremolat-version-longue\/\"},\"wordCount\":211,\"commentCount\":0,\"publisher\":{\"@id\":\"https:\/\/www.pielnet.fr\/carnet\/#\/schema\/person\/7c09d20dd138514cf3647ce37f1f755d\"},\"image\":{\"@id\":\"https:\/\/www.pielnet.fr\/carnet\/les-coulisses-du-festival-les-petits-reporters-au-festival-chabrol-de-tremolat-version-longue\/#primaryimage\"},\"thumbnailUrl\":\"https:\/\/www.pielnet.fr\/carnet\/wp-content\/uploads\/2021\/07\/Chabrol-der-der-no-logo-1.jpg\",\"articleSection\":[\"\u00e9ducation \u00e0 l'image\"],\"inLanguage\":\"fr-FR\",\"potentialAction\":[{\"@type\":\"CommentAction\",\"name\":\"Comment\",\"target\":[\"https:\/\/www.pielnet.fr\/carnet\/les-coulisses-du-festival-les-petits-reporters-au-festival-chabrol-de-tremolat-version-longue\/#respond\"]}]},{\"@type\":\"WebPage\",\"@id\":\"https:\/\/www.pielnet.fr\/carnet\/les-coulisses-du-festival-les-petits-reporters-au-festival-chabrol-de-tremolat-version-longue\/\",\"url\":\"https:\/\/www.pielnet.fr\/carnet\/les-coulisses-du-festival-les-petits-reporters-au-festival-chabrol-de-tremolat-version-longue\/\",\"name\":\"LES COULISSES DU FESTIVAL les petits reporters au festival CHABROL de Tr\u00e9molat version longue - le carnet - Piel\",\"isPartOf\":{\"@id\":\"https:\/\/www.pielnet.fr\/carnet\/#website\"},\"primaryImageOfPage\":{\"@id\":\"https:\/\/www.pielnet.fr\/carnet\/les-coulisses-du-festival-les-petits-reporters-au-festival-chabrol-de-tremolat-version-longue\/#primaryimage\"},\"image\":{\"@id\":\"https:\/\/www.pielnet.fr\/carnet\/les-coulisses-du-festival-les-petits-reporters-au-festival-chabrol-de-tremolat-version-longue\/#primaryimage\"},\"thumbnailUrl\":\"https:\/\/www.pielnet.fr\/carnet\/wp-content\/uploads\/2021\/07\/Chabrol-der-der-no-logo-1.jpg\",\"datePublished\":\"2021-07-03T15:19:13+00:00\",\"dateModified\":\"2021-07-03T15:27:45+00:00\",\"breadcrumb\":{\"@id\":\"https:\/\/www.pielnet.fr\/carnet\/les-coulisses-du-festival-les-petits-reporters-au-festival-chabrol-de-tremolat-version-longue\/#breadcrumb\"},\"inLanguage\":\"fr-FR\",\"potentialAction\":[{\"@type\":\"ReadAction\",\"target\":[\"https:\/\/www.pielnet.fr\/carnet\/les-coulisses-du-festival-les-petits-reporters-au-festival-chabrol-de-tremolat-version-longue\/\"]}]},{\"@type\":\"ImageObject\",\"inLanguage\":\"fr-FR\",\"@id\":\"https:\/\/www.pielnet.fr\/carnet\/les-coulisses-du-festival-les-petits-reporters-au-festival-chabrol-de-tremolat-version-longue\/#primaryimage\",\"url\":\"https:\/\/www.pielnet.fr\/carnet\/wp-content\/uploads\/2021\/07\/Chabrol-der-der-no-logo-1.jpg\",\"contentUrl\":\"https:\/\/www.pielnet.fr\/carnet\/wp-content\/uploads\/2021\/07\/Chabrol-der-der-no-logo-1.jpg\"},{\"@type\":\"BreadcrumbList\",\"@id\":\"https:\/\/www.pielnet.fr\/carnet\/les-coulisses-du-festival-les-petits-reporters-au-festival-chabrol-de-tremolat-version-longue\/#breadcrumb\",\"itemListElement\":[{\"@type\":\"ListItem\",\"position\":1,\"name\":\"Accueil\",\"item\":\"https:\/\/www.pielnet.fr\/carnet\/\"},{\"@type\":\"ListItem\",\"position\":2,\"name\":\"LES COULISSES DU FESTIVAL les petits reporters au festival CHABROL de Tr\u00e9molat version longue\"}]},{\"@type\":\"WebSite\",\"@id\":\"https:\/\/www.pielnet.fr\/carnet\/#website\",\"url\":\"https:\/\/www.pielnet.fr\/carnet\/\",\"name\":\"le carnet - Piel\",\"description\":\"R\u00e9cits &amp; Territoires - Raconter en images les r\u00e9cits du sensible\",\"publisher\":{\"@id\":\"https:\/\/www.pielnet.fr\/carnet\/#\/schema\/person\/7c09d20dd138514cf3647ce37f1f755d\"},\"potentialAction\":[{\"@type\":\"SearchAction\",\"target\":{\"@type\":\"EntryPoint\",\"urlTemplate\":\"https:\/\/www.pielnet.fr\/carnet\/?s={search_term_string}\"},\"query-input\":{\"@type\":\"PropertyValueSpecification\",\"valueRequired\":true,\"valueName\":\"search_term_string\"}}],\"inLanguage\":\"fr-FR\"},{\"@type\":[\"Person\",\"Organization\"],\"@id\":\"https:\/\/www.pielnet.fr\/carnet\/#\/schema\/person\/7c09d20dd138514cf3647ce37f1f755d\",\"name\":\"arnopiel\",\"image\":{\"@type\":\"ImageObject\",\"inLanguage\":\"fr-FR\",\"@id\":\"https:\/\/www.pielnet.fr\/carnet\/#\/schema\/person\/image\/\",\"url\":\"https:\/\/www.pielnet.fr\/carnet\/wp-content\/uploads\/2021\/01\/IMG_20201212_150932.jpg\",\"contentUrl\":\"https:\/\/www.pielnet.fr\/carnet\/wp-content\/uploads\/2021\/01\/IMG_20201212_150932.jpg\",\"width\":1432,\"height\":1432,\"caption\":\"arnopiel\"},\"logo\":{\"@id\":\"https:\/\/www.pielnet.fr\/carnet\/#\/schema\/person\/image\/\"}}]}<\/script>\n<!-- \/ Yoast SEO plugin. -->","yoast_head_json":{"title":"LES COULISSES DU FESTIVAL les petits reporters au festival CHABROL de Tr\u00e9molat version longue - le carnet - Piel","robots":{"index":"index","follow":"follow","max-snippet":"max-snippet:-1","max-image-preview":"max-image-preview:large","max-video-preview":"max-video-preview:-1"},"canonical":"https:\/\/www.pielnet.fr\/carnet\/les-coulisses-du-festival-les-petits-reporters-au-festival-chabrol-de-tremolat-version-longue\/","og_locale":"fr_FR","og_type":"article","og_title":"LES COULISSES DU FESTIVAL les petits reporters au festival CHABROL de Tr\u00e9molat version longue - le carnet - Piel","og_description":"Des petits reporters arrivent dans un village de Dordogne et m\u00e8nent l\u2019enqu\u00eate sur d\u2019\u00e9nigmatiques animations qui s\u2019y d\u00e9roulent\u2026 C\u2019est simple de faire un film, en quelques heures on peut apprendre\u2026Apr\u00e8s il faut juste \u00eatre clair dans son intention Claude Chabrol Un film r\u00e9alis\u00e9 de A \u00e0 Y par les enfants de Tr\u00e9molat dans le cadre [&hellip;]","og_url":"https:\/\/www.pielnet.fr\/carnet\/les-coulisses-du-festival-les-petits-reporters-au-festival-chabrol-de-tremolat-version-longue\/","og_site_name":"le carnet - Piel","article_published_time":"2021-07-03T15:19:13+00:00","article_modified_time":"2021-07-03T15:27:45+00:00","og_image":[{"url":"https:\/\/www.pielnet.fr\/carnet\/wp-content\/uploads\/2021\/07\/Chabrol-der-der-no-logo-1.jpg","width":1,"height":1,"type":"image\/jpeg"}],"author":"arnopiel","twitter_card":"summary_large_image","twitter_misc":{"\u00c9crit par":"arnopiel","Dur\u00e9e de lecture estim\u00e9e":"1 minute"},"schema":{"@context":"https:\/\/schema.org","@graph":[{"@type":"Article","@id":"https:\/\/www.pielnet.fr\/carnet\/les-coulisses-du-festival-les-petits-reporters-au-festival-chabrol-de-tremolat-version-longue\/#article","isPartOf":{"@id":"https:\/\/www.pielnet.fr\/carnet\/les-coulisses-du-festival-les-petits-reporters-au-festival-chabrol-de-tremolat-version-longue\/"},"author":{"name":"arnopiel","@id":"https:\/\/www.pielnet.fr\/carnet\/#\/schema\/person\/7c09d20dd138514cf3647ce37f1f755d"},"headline":"LES COULISSES DU FESTIVAL les petits reporters au festival CHABROL de Tr\u00e9molat version longue","datePublished":"2021-07-03T15:19:13+00:00","dateModified":"2021-07-03T15:27:45+00:00","mainEntityOfPage":{"@id":"https:\/\/www.pielnet.fr\/carnet\/les-coulisses-du-festival-les-petits-reporters-au-festival-chabrol-de-tremolat-version-longue\/"},"wordCount":211,"commentCount":0,"publisher":{"@id":"https:\/\/www.pielnet.fr\/carnet\/#\/schema\/person\/7c09d20dd138514cf3647ce37f1f755d"},"image":{"@id":"https:\/\/www.pielnet.fr\/carnet\/les-coulisses-du-festival-les-petits-reporters-au-festival-chabrol-de-tremolat-version-longue\/#primaryimage"},"thumbnailUrl":"https:\/\/www.pielnet.fr\/carnet\/wp-content\/uploads\/2021\/07\/Chabrol-der-der-no-logo-1.jpg","articleSection":["\u00e9ducation \u00e0 l'image"],"inLanguage":"fr-FR","potentialAction":[{"@type":"CommentAction","name":"Comment","target":["https:\/\/www.pielnet.fr\/carnet\/les-coulisses-du-festival-les-petits-reporters-au-festival-chabrol-de-tremolat-version-longue\/#respond"]}]},{"@type":"WebPage","@id":"https:\/\/www.pielnet.fr\/carnet\/les-coulisses-du-festival-les-petits-reporters-au-festival-chabrol-de-tremolat-version-longue\/","url":"https:\/\/www.pielnet.fr\/carnet\/les-coulisses-du-festival-les-petits-reporters-au-festival-chabrol-de-tremolat-version-longue\/","name":"LES COULISSES DU FESTIVAL les petits reporters au festival CHABROL de Tr\u00e9molat version longue - le carnet - Piel","isPartOf":{"@id":"https:\/\/www.pielnet.fr\/carnet\/#website"},"primaryImageOfPage":{"@id":"https:\/\/www.pielnet.fr\/carnet\/les-coulisses-du-festival-les-petits-reporters-au-festival-chabrol-de-tremolat-version-longue\/#primaryimage"},"image":{"@id":"https:\/\/www.pielnet.fr\/carnet\/les-coulisses-du-festival-les-petits-reporters-au-festival-chabrol-de-tremolat-version-longue\/#primaryimage"},"thumbnailUrl":"https:\/\/www.pielnet.fr\/carnet\/wp-content\/uploads\/2021\/07\/Chabrol-der-der-no-logo-1.jpg","datePublished":"2021-07-03T15:19:13+00:00","dateModified":"2021-07-03T15:27:45+00:00","breadcrumb":{"@id":"https:\/\/www.pielnet.fr\/carnet\/les-coulisses-du-festival-les-petits-reporters-au-festival-chabrol-de-tremolat-version-longue\/#breadcrumb"},"inLanguage":"fr-FR","potentialAction":[{"@type":"ReadAction","target":["https:\/\/www.pielnet.fr\/carnet\/les-coulisses-du-festival-les-petits-reporters-au-festival-chabrol-de-tremolat-version-longue\/"]}]},{"@type":"ImageObject","inLanguage":"fr-FR","@id":"https:\/\/www.pielnet.fr\/carnet\/les-coulisses-du-festival-les-petits-reporters-au-festival-chabrol-de-tremolat-version-longue\/#primaryimage","url":"https:\/\/www.pielnet.fr\/carnet\/wp-content\/uploads\/2021\/07\/Chabrol-der-der-no-logo-1.jpg","contentUrl":"https:\/\/www.pielnet.fr\/carnet\/wp-content\/uploads\/2021\/07\/Chabrol-der-der-no-logo-1.jpg"},{"@type":"BreadcrumbList","@id":"https:\/\/www.pielnet.fr\/carnet\/les-coulisses-du-festival-les-petits-reporters-au-festival-chabrol-de-tremolat-version-longue\/#breadcrumb","itemListElement":[{"@type":"ListItem","position":1,"name":"Accueil","item":"https:\/\/www.pielnet.fr\/carnet\/"},{"@type":"ListItem","position":2,"name":"LES COULISSES DU FESTIVAL les petits reporters au festival CHABROL de Tr\u00e9molat version longue"}]},{"@type":"WebSite","@id":"https:\/\/www.pielnet.fr\/carnet\/#website","url":"https:\/\/www.pielnet.fr\/carnet\/","name":"le carnet - Piel","description":"R\u00e9cits &amp; Territoires - Raconter en images les r\u00e9cits du sensible","publisher":{"@id":"https:\/\/www.pielnet.fr\/carnet\/#\/schema\/person\/7c09d20dd138514cf3647ce37f1f755d"},"potentialAction":[{"@type":"SearchAction","target":{"@type":"EntryPoint","urlTemplate":"https:\/\/www.pielnet.fr\/carnet\/?s={search_term_string}"},"query-input":{"@type":"PropertyValueSpecification","valueRequired":true,"valueName":"search_term_string"}}],"inLanguage":"fr-FR"},{"@type":["Person","Organization"],"@id":"https:\/\/www.pielnet.fr\/carnet\/#\/schema\/person\/7c09d20dd138514cf3647ce37f1f755d","name":"arnopiel","image":{"@type":"ImageObject","inLanguage":"fr-FR","@id":"https:\/\/www.pielnet.fr\/carnet\/#\/schema\/person\/image\/","url":"https:\/\/www.pielnet.fr\/carnet\/wp-content\/uploads\/2021\/01\/IMG_20201212_150932.jpg","contentUrl":"https:\/\/www.pielnet.fr\/carnet\/wp-content\/uploads\/2021\/01\/IMG_20201212_150932.jpg","width":1432,"height":1432,"caption":"arnopiel"},"logo":{"@id":"https:\/\/www.pielnet.fr\/carnet\/#\/schema\/person\/image\/"}}]}},"_links":{"self":[{"href":"https:\/\/www.pielnet.fr\/carnet\/wp-json\/wp\/v2\/posts\/2353","targetHints":{"allow":["GET"]}}],"collection":[{"href":"https:\/\/www.pielnet.fr\/carnet\/wp-json\/wp\/v2\/posts"}],"about":[{"href":"https:\/\/www.pielnet.fr\/carnet\/wp-json\/wp\/v2\/types\/post"}],"author":[{"embeddable":true,"href":"https:\/\/www.pielnet.fr\/carnet\/wp-json\/wp\/v2\/users\/1"}],"replies":[{"embeddable":true,"href":"https:\/\/www.pielnet.fr\/carnet\/wp-json\/wp\/v2\/comments?post=2353"}],"version-history":[{"count":2,"href":"https:\/\/www.pielnet.fr\/carnet\/wp-json\/wp\/v2\/posts\/2353\/revisions"}],"predecessor-version":[{"id":2355,"href":"https:\/\/www.pielnet.fr\/carnet\/wp-json\/wp\/v2\/posts\/2353\/revisions\/2355"}],"wp:featuredmedia":[{"embeddable":true,"href":"https:\/\/www.pielnet.fr\/carnet\/wp-json\/wp\/v2\/media\/2358"}],"wp:attachment":[{"href":"https:\/\/www.pielnet.fr\/carnet\/wp-json\/wp\/v2\/media?parent=2353"}],"wp:term":[{"taxonomy":"category","embeddable":true,"href":"https:\/\/www.pielnet.fr\/carnet\/wp-json\/wp\/v2\/categories?post=2353"},{"taxonomy":"post_tag","embeddable":true,"href":"https:\/\/www.pielnet.fr\/carnet\/wp-json\/wp\/v2\/tags?post=2353"}],"curies":[{"name":"wp","href":"https:\/\/api.w.org\/{rel}","templated":true}]}}