{"id":2348,"date":"2020-05-30T10:53:00","date_gmt":"2020-05-30T09:53:00","guid":{"rendered":"https:\/\/www.pielnet.fr\/carnet\/?p=2348"},"modified":"2021-05-30T11:03:12","modified_gmt":"2021-05-30T10:03:12","slug":"universite-populaire-du-cadre-de-vie-federation-des-parcs-naturels-regionaux-de-france","status":"publish","type":"post","link":"https:\/\/www.pielnet.fr\/carnet\/universite-populaire-du-cadre-de-vie-federation-des-parcs-naturels-regionaux-de-france\/","title":{"rendered":"Universit\u00e9 Populaire du Cadre de Vie &#8211; F\u00e9d\u00e9ration des Parcs naturels r\u00e9gionaux de France"},"content":{"rendered":"\n<p>comit\u00e9s de pilotages avec de nombreux partenaires, accompagnement technique (plateforme php), r\u00e9daction du cahier des charges en 2020<\/p>\n\n\n\n<figure class=\"wp-block-image size-large\"><a href=\"https:\/\/www.pielnet.fr\/carnet\/wp-content\/uploads\/2021\/05\/Cahier-des-charges-pour-appel-doffres-Universite-populaire-du-cadre-de-vie-.jpg\"><img loading=\"lazy\" decoding=\"async\" width=\"333\" height=\"597\" src=\"https:\/\/www.pielnet.fr\/carnet\/wp-content\/uploads\/2021\/05\/Cahier-des-charges-pour-appel-doffres-Universite-populaire-du-cadre-de-vie-.jpg\" alt=\"\" class=\"wp-image-2349\" srcset=\"https:\/\/www.pielnet.fr\/carnet\/wp-content\/uploads\/2021\/05\/Cahier-des-charges-pour-appel-doffres-Universite-populaire-du-cadre-de-vie-.jpg 333w, https:\/\/www.pielnet.fr\/carnet\/wp-content\/uploads\/2021\/05\/Cahier-des-charges-pour-appel-doffres-Universite-populaire-du-cadre-de-vie--167x300.jpg 167w\" sizes=\"auto, (max-width: 333px) 100vw, 333px\" \/><\/a><figcaption>\u00e0 venir<\/figcaption><\/figure>\n","protected":false},"excerpt":{"rendered":"<p>comit\u00e9s de pilotages avec de nombreux partenaires, accompagnement technique (plateforme php), r\u00e9daction du cahier des charges en 2020<\/p>\n","protected":false},"author":1,"featured_media":1748,"comment_status":"open","ping_status":"open","sticky":false,"template":"","format":"standard","meta":{"footnotes":""},"categories":[1],"tags":[],"class_list":["post-2348","post","type-post","status-publish","format-standard","has-post-thumbnail","hentry","category-creations"],"yoast_head":"<!-- This site is optimized with the Yoast SEO plugin v26.7 - https:\/\/yoast.com\/wordpress\/plugins\/seo\/ -->\n<title>Universit\u00e9 Populaire du Cadre de Vie - F\u00e9d\u00e9ration des Parcs naturels r\u00e9gionaux de France - le carnet - Piel<\/title>\n<meta name=\"robots\" content=\"index, follow, max-snippet:-1, max-image-preview:large, max-video-preview:-1\" \/>\n<link rel=\"canonical\" href=\"https:\/\/www.pielnet.fr\/carnet\/universite-populaire-du-cadre-de-vie-federation-des-parcs-naturels-regionaux-de-france\/\" \/>\n<meta property=\"og:locale\" content=\"fr_FR\" \/>\n<meta property=\"og:type\" content=\"article\" \/>\n<meta property=\"og:title\" content=\"Universit\u00e9 Populaire du Cadre de Vie - F\u00e9d\u00e9ration des Parcs naturels r\u00e9gionaux de France - le carnet - Piel\" \/>\n<meta property=\"og:description\" content=\"comit\u00e9s de pilotages avec de nombreux partenaires, accompagnement technique (plateforme php), r\u00e9daction du cahier des charges en 2020\" \/>\n<meta property=\"og:url\" content=\"https:\/\/www.pielnet.fr\/carnet\/universite-populaire-du-cadre-de-vie-federation-des-parcs-naturels-regionaux-de-france\/\" \/>\n<meta property=\"og:site_name\" content=\"le carnet - Piel\" \/>\n<meta property=\"article:published_time\" content=\"2020-05-30T09:53:00+00:00\" \/>\n<meta property=\"article:modified_time\" content=\"2021-05-30T10:03:12+00:00\" \/>\n<meta property=\"og:image\" content=\"https:\/\/www.pielnet.fr\/carnet\/wp-content\/uploads\/2020\/05\/Logo_pnr.png\" \/>\n\t<meta property=\"og:image:width\" content=\"619\" \/>\n\t<meta property=\"og:image:height\" content=\"711\" \/>\n\t<meta property=\"og:image:type\" content=\"image\/png\" \/>\n<meta name=\"author\" content=\"arnopiel\" \/>\n<meta name=\"twitter:card\" content=\"summary_large_image\" \/>\n<meta name=\"twitter:label1\" content=\"\u00c9crit par\" \/>\n\t<meta name=\"twitter:data1\" content=\"arnopiel\" \/>\n\t<meta name=\"twitter:label2\" content=\"Dur\u00e9e de lecture estim\u00e9e\" \/>\n\t<meta name=\"twitter:data2\" content=\"1 minute\" \/>\n<script type=\"application\/ld+json\" class=\"yoast-schema-graph\">{\"@context\":\"https:\/\/schema.org\",\"@graph\":[{\"@type\":\"Article\",\"@id\":\"https:\/\/www.pielnet.fr\/carnet\/universite-populaire-du-cadre-de-vie-federation-des-parcs-naturels-regionaux-de-france\/#article\",\"isPartOf\":{\"@id\":\"https:\/\/www.pielnet.fr\/carnet\/universite-populaire-du-cadre-de-vie-federation-des-parcs-naturels-regionaux-de-france\/\"},\"author\":{\"name\":\"arnopiel\",\"@id\":\"https:\/\/www.pielnet.fr\/carnet\/#\/schema\/person\/7c09d20dd138514cf3647ce37f1f755d\"},\"headline\":\"Universit\u00e9 Populaire du Cadre de Vie &#8211; F\u00e9d\u00e9ration des Parcs naturels r\u00e9gionaux de France\",\"datePublished\":\"2020-05-30T09:53:00+00:00\",\"dateModified\":\"2021-05-30T10:03:12+00:00\",\"mainEntityOfPage\":{\"@id\":\"https:\/\/www.pielnet.fr\/carnet\/universite-populaire-du-cadre-de-vie-federation-des-parcs-naturels-regionaux-de-france\/\"},\"wordCount\":37,\"commentCount\":0,\"publisher\":{\"@id\":\"https:\/\/www.pielnet.fr\/carnet\/#\/schema\/person\/7c09d20dd138514cf3647ce37f1f755d\"},\"image\":{\"@id\":\"https:\/\/www.pielnet.fr\/carnet\/universite-populaire-du-cadre-de-vie-federation-des-parcs-naturels-regionaux-de-france\/#primaryimage\"},\"thumbnailUrl\":\"https:\/\/www.pielnet.fr\/carnet\/wp-content\/uploads\/2020\/05\/Logo_pnr.png\",\"articleSection\":[\"Sites\"],\"inLanguage\":\"fr-FR\",\"potentialAction\":[{\"@type\":\"CommentAction\",\"name\":\"Comment\",\"target\":[\"https:\/\/www.pielnet.fr\/carnet\/universite-populaire-du-cadre-de-vie-federation-des-parcs-naturels-regionaux-de-france\/#respond\"]}]},{\"@type\":\"WebPage\",\"@id\":\"https:\/\/www.pielnet.fr\/carnet\/universite-populaire-du-cadre-de-vie-federation-des-parcs-naturels-regionaux-de-france\/\",\"url\":\"https:\/\/www.pielnet.fr\/carnet\/universite-populaire-du-cadre-de-vie-federation-des-parcs-naturels-regionaux-de-france\/\",\"name\":\"Universit\u00e9 Populaire du Cadre de Vie - F\u00e9d\u00e9ration des Parcs naturels r\u00e9gionaux de France - le carnet - Piel\",\"isPartOf\":{\"@id\":\"https:\/\/www.pielnet.fr\/carnet\/#website\"},\"primaryImageOfPage\":{\"@id\":\"https:\/\/www.pielnet.fr\/carnet\/universite-populaire-du-cadre-de-vie-federation-des-parcs-naturels-regionaux-de-france\/#primaryimage\"},\"image\":{\"@id\":\"https:\/\/www.pielnet.fr\/carnet\/universite-populaire-du-cadre-de-vie-federation-des-parcs-naturels-regionaux-de-france\/#primaryimage\"},\"thumbnailUrl\":\"https:\/\/www.pielnet.fr\/carnet\/wp-content\/uploads\/2020\/05\/Logo_pnr.png\",\"datePublished\":\"2020-05-30T09:53:00+00:00\",\"dateModified\":\"2021-05-30T10:03:12+00:00\",\"breadcrumb\":{\"@id\":\"https:\/\/www.pielnet.fr\/carnet\/universite-populaire-du-cadre-de-vie-federation-des-parcs-naturels-regionaux-de-france\/#breadcrumb\"},\"inLanguage\":\"fr-FR\",\"potentialAction\":[{\"@type\":\"ReadAction\",\"target\":[\"https:\/\/www.pielnet.fr\/carnet\/universite-populaire-du-cadre-de-vie-federation-des-parcs-naturels-regionaux-de-france\/\"]}]},{\"@type\":\"ImageObject\",\"inLanguage\":\"fr-FR\",\"@id\":\"https:\/\/www.pielnet.fr\/carnet\/universite-populaire-du-cadre-de-vie-federation-des-parcs-naturels-regionaux-de-france\/#primaryimage\",\"url\":\"https:\/\/www.pielnet.fr\/carnet\/wp-content\/uploads\/2020\/05\/Logo_pnr.png\",\"contentUrl\":\"https:\/\/www.pielnet.fr\/carnet\/wp-content\/uploads\/2020\/05\/Logo_pnr.png\",\"width\":619,\"height\":711,\"caption\":\"F\u00e9d\u00e9ration des Parcs naturels r\u00e9gionaux de France\"},{\"@type\":\"BreadcrumbList\",\"@id\":\"https:\/\/www.pielnet.fr\/carnet\/universite-populaire-du-cadre-de-vie-federation-des-parcs-naturels-regionaux-de-france\/#breadcrumb\",\"itemListElement\":[{\"@type\":\"ListItem\",\"position\":1,\"name\":\"Accueil\",\"item\":\"https:\/\/www.pielnet.fr\/carnet\/\"},{\"@type\":\"ListItem\",\"position\":2,\"name\":\"Universit\u00e9 Populaire du Cadre de Vie &#8211; F\u00e9d\u00e9ration des Parcs naturels r\u00e9gionaux de France\"}]},{\"@type\":\"WebSite\",\"@id\":\"https:\/\/www.pielnet.fr\/carnet\/#website\",\"url\":\"https:\/\/www.pielnet.fr\/carnet\/\",\"name\":\"le carnet - Piel\",\"description\":\"R\u00e9cits &amp; Territoires - Raconter en images les r\u00e9cits du sensible\",\"publisher\":{\"@id\":\"https:\/\/www.pielnet.fr\/carnet\/#\/schema\/person\/7c09d20dd138514cf3647ce37f1f755d\"},\"potentialAction\":[{\"@type\":\"SearchAction\",\"target\":{\"@type\":\"EntryPoint\",\"urlTemplate\":\"https:\/\/www.pielnet.fr\/carnet\/?s={search_term_string}\"},\"query-input\":{\"@type\":\"PropertyValueSpecification\",\"valueRequired\":true,\"valueName\":\"search_term_string\"}}],\"inLanguage\":\"fr-FR\"},{\"@type\":[\"Person\",\"Organization\"],\"@id\":\"https:\/\/www.pielnet.fr\/carnet\/#\/schema\/person\/7c09d20dd138514cf3647ce37f1f755d\",\"name\":\"arnopiel\",\"image\":{\"@type\":\"ImageObject\",\"inLanguage\":\"fr-FR\",\"@id\":\"https:\/\/www.pielnet.fr\/carnet\/#\/schema\/person\/image\/\",\"url\":\"https:\/\/www.pielnet.fr\/carnet\/wp-content\/uploads\/2021\/01\/IMG_20201212_150932.jpg\",\"contentUrl\":\"https:\/\/www.pielnet.fr\/carnet\/wp-content\/uploads\/2021\/01\/IMG_20201212_150932.jpg\",\"width\":1432,\"height\":1432,\"caption\":\"arnopiel\"},\"logo\":{\"@id\":\"https:\/\/www.pielnet.fr\/carnet\/#\/schema\/person\/image\/\"}}]}<\/script>\n<!-- \/ Yoast SEO plugin. -->","yoast_head_json":{"title":"Universit\u00e9 Populaire du Cadre de Vie - F\u00e9d\u00e9ration des Parcs naturels r\u00e9gionaux de France - le carnet - Piel","robots":{"index":"index","follow":"follow","max-snippet":"max-snippet:-1","max-image-preview":"max-image-preview:large","max-video-preview":"max-video-preview:-1"},"canonical":"https:\/\/www.pielnet.fr\/carnet\/universite-populaire-du-cadre-de-vie-federation-des-parcs-naturels-regionaux-de-france\/","og_locale":"fr_FR","og_type":"article","og_title":"Universit\u00e9 Populaire du Cadre de Vie - F\u00e9d\u00e9ration des Parcs naturels r\u00e9gionaux de France - le carnet - Piel","og_description":"comit\u00e9s de pilotages avec de nombreux partenaires, accompagnement technique (plateforme php), r\u00e9daction du cahier des charges en 2020","og_url":"https:\/\/www.pielnet.fr\/carnet\/universite-populaire-du-cadre-de-vie-federation-des-parcs-naturels-regionaux-de-france\/","og_site_name":"le carnet - Piel","article_published_time":"2020-05-30T09:53:00+00:00","article_modified_time":"2021-05-30T10:03:12+00:00","og_image":[{"width":619,"height":711,"url":"https:\/\/www.pielnet.fr\/carnet\/wp-content\/uploads\/2020\/05\/Logo_pnr.png","type":"image\/png"}],"author":"arnopiel","twitter_card":"summary_large_image","twitter_misc":{"\u00c9crit par":"arnopiel","Dur\u00e9e de lecture estim\u00e9e":"1 minute"},"schema":{"@context":"https:\/\/schema.org","@graph":[{"@type":"Article","@id":"https:\/\/www.pielnet.fr\/carnet\/universite-populaire-du-cadre-de-vie-federation-des-parcs-naturels-regionaux-de-france\/#article","isPartOf":{"@id":"https:\/\/www.pielnet.fr\/carnet\/universite-populaire-du-cadre-de-vie-federation-des-parcs-naturels-regionaux-de-france\/"},"author":{"name":"arnopiel","@id":"https:\/\/www.pielnet.fr\/carnet\/#\/schema\/person\/7c09d20dd138514cf3647ce37f1f755d"},"headline":"Universit\u00e9 Populaire du Cadre de Vie &#8211; F\u00e9d\u00e9ration des Parcs naturels r\u00e9gionaux de France","datePublished":"2020-05-30T09:53:00+00:00","dateModified":"2021-05-30T10:03:12+00:00","mainEntityOfPage":{"@id":"https:\/\/www.pielnet.fr\/carnet\/universite-populaire-du-cadre-de-vie-federation-des-parcs-naturels-regionaux-de-france\/"},"wordCount":37,"commentCount":0,"publisher":{"@id":"https:\/\/www.pielnet.fr\/carnet\/#\/schema\/person\/7c09d20dd138514cf3647ce37f1f755d"},"image":{"@id":"https:\/\/www.pielnet.fr\/carnet\/universite-populaire-du-cadre-de-vie-federation-des-parcs-naturels-regionaux-de-france\/#primaryimage"},"thumbnailUrl":"https:\/\/www.pielnet.fr\/carnet\/wp-content\/uploads\/2020\/05\/Logo_pnr.png","articleSection":["Sites"],"inLanguage":"fr-FR","potentialAction":[{"@type":"CommentAction","name":"Comment","target":["https:\/\/www.pielnet.fr\/carnet\/universite-populaire-du-cadre-de-vie-federation-des-parcs-naturels-regionaux-de-france\/#respond"]}]},{"@type":"WebPage","@id":"https:\/\/www.pielnet.fr\/carnet\/universite-populaire-du-cadre-de-vie-federation-des-parcs-naturels-regionaux-de-france\/","url":"https:\/\/www.pielnet.fr\/carnet\/universite-populaire-du-cadre-de-vie-federation-des-parcs-naturels-regionaux-de-france\/","name":"Universit\u00e9 Populaire du Cadre de Vie - F\u00e9d\u00e9ration des Parcs naturels r\u00e9gionaux de France - le carnet - Piel","isPartOf":{"@id":"https:\/\/www.pielnet.fr\/carnet\/#website"},"primaryImageOfPage":{"@id":"https:\/\/www.pielnet.fr\/carnet\/universite-populaire-du-cadre-de-vie-federation-des-parcs-naturels-regionaux-de-france\/#primaryimage"},"image":{"@id":"https:\/\/www.pielnet.fr\/carnet\/universite-populaire-du-cadre-de-vie-federation-des-parcs-naturels-regionaux-de-france\/#primaryimage"},"thumbnailUrl":"https:\/\/www.pielnet.fr\/carnet\/wp-content\/uploads\/2020\/05\/Logo_pnr.png","datePublished":"2020-05-30T09:53:00+00:00","dateModified":"2021-05-30T10:03:12+00:00","breadcrumb":{"@id":"https:\/\/www.pielnet.fr\/carnet\/universite-populaire-du-cadre-de-vie-federation-des-parcs-naturels-regionaux-de-france\/#breadcrumb"},"inLanguage":"fr-FR","potentialAction":[{"@type":"ReadAction","target":["https:\/\/www.pielnet.fr\/carnet\/universite-populaire-du-cadre-de-vie-federation-des-parcs-naturels-regionaux-de-france\/"]}]},{"@type":"ImageObject","inLanguage":"fr-FR","@id":"https:\/\/www.pielnet.fr\/carnet\/universite-populaire-du-cadre-de-vie-federation-des-parcs-naturels-regionaux-de-france\/#primaryimage","url":"https:\/\/www.pielnet.fr\/carnet\/wp-content\/uploads\/2020\/05\/Logo_pnr.png","contentUrl":"https:\/\/www.pielnet.fr\/carnet\/wp-content\/uploads\/2020\/05\/Logo_pnr.png","width":619,"height":711,"caption":"F\u00e9d\u00e9ration des Parcs naturels r\u00e9gionaux de France"},{"@type":"BreadcrumbList","@id":"https:\/\/www.pielnet.fr\/carnet\/universite-populaire-du-cadre-de-vie-federation-des-parcs-naturels-regionaux-de-france\/#breadcrumb","itemListElement":[{"@type":"ListItem","position":1,"name":"Accueil","item":"https:\/\/www.pielnet.fr\/carnet\/"},{"@type":"ListItem","position":2,"name":"Universit\u00e9 Populaire du Cadre de Vie &#8211; F\u00e9d\u00e9ration des Parcs naturels r\u00e9gionaux de France"}]},{"@type":"WebSite","@id":"https:\/\/www.pielnet.fr\/carnet\/#website","url":"https:\/\/www.pielnet.fr\/carnet\/","name":"le carnet - Piel","description":"R\u00e9cits &amp; Territoires - Raconter en images les r\u00e9cits du sensible","publisher":{"@id":"https:\/\/www.pielnet.fr\/carnet\/#\/schema\/person\/7c09d20dd138514cf3647ce37f1f755d"},"potentialAction":[{"@type":"SearchAction","target":{"@type":"EntryPoint","urlTemplate":"https:\/\/www.pielnet.fr\/carnet\/?s={search_term_string}"},"query-input":{"@type":"PropertyValueSpecification","valueRequired":true,"valueName":"search_term_string"}}],"inLanguage":"fr-FR"},{"@type":["Person","Organization"],"@id":"https:\/\/www.pielnet.fr\/carnet\/#\/schema\/person\/7c09d20dd138514cf3647ce37f1f755d","name":"arnopiel","image":{"@type":"ImageObject","inLanguage":"fr-FR","@id":"https:\/\/www.pielnet.fr\/carnet\/#\/schema\/person\/image\/","url":"https:\/\/www.pielnet.fr\/carnet\/wp-content\/uploads\/2021\/01\/IMG_20201212_150932.jpg","contentUrl":"https:\/\/www.pielnet.fr\/carnet\/wp-content\/uploads\/2021\/01\/IMG_20201212_150932.jpg","width":1432,"height":1432,"caption":"arnopiel"},"logo":{"@id":"https:\/\/www.pielnet.fr\/carnet\/#\/schema\/person\/image\/"}}]}},"_links":{"self":[{"href":"https:\/\/www.pielnet.fr\/carnet\/wp-json\/wp\/v2\/posts\/2348","targetHints":{"allow":["GET"]}}],"collection":[{"href":"https:\/\/www.pielnet.fr\/carnet\/wp-json\/wp\/v2\/posts"}],"about":[{"href":"https:\/\/www.pielnet.fr\/carnet\/wp-json\/wp\/v2\/types\/post"}],"author":[{"embeddable":true,"href":"https:\/\/www.pielnet.fr\/carnet\/wp-json\/wp\/v2\/users\/1"}],"replies":[{"embeddable":true,"href":"https:\/\/www.pielnet.fr\/carnet\/wp-json\/wp\/v2\/comments?post=2348"}],"version-history":[{"count":1,"href":"https:\/\/www.pielnet.fr\/carnet\/wp-json\/wp\/v2\/posts\/2348\/revisions"}],"predecessor-version":[{"id":2350,"href":"https:\/\/www.pielnet.fr\/carnet\/wp-json\/wp\/v2\/posts\/2348\/revisions\/2350"}],"wp:featuredmedia":[{"embeddable":true,"href":"https:\/\/www.pielnet.fr\/carnet\/wp-json\/wp\/v2\/media\/1748"}],"wp:attachment":[{"href":"https:\/\/www.pielnet.fr\/carnet\/wp-json\/wp\/v2\/media?parent=2348"}],"wp:term":[{"taxonomy":"category","embeddable":true,"href":"https:\/\/www.pielnet.fr\/carnet\/wp-json\/wp\/v2\/categories?post=2348"},{"taxonomy":"post_tag","embeddable":true,"href":"https:\/\/www.pielnet.fr\/carnet\/wp-json\/wp\/v2\/tags?post=2348"}],"curies":[{"name":"wp","href":"https:\/\/api.w.org\/{rel}","templated":true}]}}