{"id":2338,"date":"2021-05-30T10:44:21","date_gmt":"2021-05-30T09:44:21","guid":{"rendered":"https:\/\/www.pielnet.fr\/carnet\/?p=2338"},"modified":"2021-05-30T10:45:59","modified_gmt":"2021-05-30T09:45:59","slug":"territoire-de-connexions-solidaires-79-elections-departementales","status":"publish","type":"post","link":"https:\/\/www.pielnet.fr\/carnet\/territoire-de-connexions-solidaires-79-elections-departementales\/","title":{"rendered":"Territoire de Connexions Solidaires 79 \u2013 \u00e9lections d\u00e9partementales"},"content":{"rendered":"\n<figure class=\"wp-block-embed is-type-wp-embed is-provider-territoire-de-connexions-solidaires-79-elections-departementales wp-block-embed-territoire-de-connexions-solidaires-79-elections-departementales\"><div class=\"wp-block-embed__wrapper\">\nhttps:\/\/www.tcs79.fr\/notre-programme\/\n<\/div><figcaption><a href=\"https:\/\/www.tcs79.fr\/\">Territoire de Connexions Solidaires 79 \u2013 \u00e9lections d\u00e9partementales<\/a><\/figcaption><\/figure>\n\n\n\n<figure class=\"wp-block-image size-large\"><a href=\"https:\/\/www.pielnet.fr\/carnet\/wp-content\/uploads\/2021\/05\/Canton-de-F2R-profession-de-foi-colibris.jpg\"><img loading=\"lazy\" decoding=\"async\" width=\"1024\" height=\"673\" src=\"https:\/\/www.pielnet.fr\/carnet\/wp-content\/uploads\/2021\/05\/Canton-de-F2R-profession-de-foi-colibris-1024x673.jpg\" alt=\"\" class=\"wp-image-2339\" srcset=\"https:\/\/www.pielnet.fr\/carnet\/wp-content\/uploads\/2021\/05\/Canton-de-F2R-profession-de-foi-colibris-1024x673.jpg 1024w, https:\/\/www.pielnet.fr\/carnet\/wp-content\/uploads\/2021\/05\/Canton-de-F2R-profession-de-foi-colibris-300x197.jpg 300w, https:\/\/www.pielnet.fr\/carnet\/wp-content\/uploads\/2021\/05\/Canton-de-F2R-profession-de-foi-colibris-768x505.jpg 768w, https:\/\/www.pielnet.fr\/carnet\/wp-content\/uploads\/2021\/05\/Canton-de-F2R-profession-de-foi-colibris-1536x1010.jpg 1536w, https:\/\/www.pielnet.fr\/carnet\/wp-content\/uploads\/2021\/05\/Canton-de-F2R-profession-de-foi-colibris.jpg 2044w\" sizes=\"auto, (max-width: 1024px) 100vw, 1024px\" \/><\/a><\/figure>\n\n\n\n<figure class=\"wp-block-gallery columns-3 is-cropped wp-block-gallery-1 is-layout-flex wp-block-gallery-is-layout-flex\"><ul class=\"blocks-gallery-grid\"><li class=\"blocks-gallery-item\"><figure><a href=\"https:\/\/www.pielnet.fr\/carnet\/wp-content\/uploads\/2021\/05\/imageTCS79.png\"><img loading=\"lazy\" decoding=\"async\" width=\"724\" height=\"1024\" src=\"https:\/\/www.pielnet.fr\/carnet\/wp-content\/uploads\/2021\/05\/imageTCS79-724x1024.png\" alt=\"\" data-id=\"2340\" data-full-url=\"https:\/\/www.pielnet.fr\/carnet\/wp-content\/uploads\/2021\/05\/imageTCS79.png\" data-link=\"https:\/\/www.pielnet.fr\/carnet\/?attachment_id=2340\" class=\"wp-image-2340\" srcset=\"https:\/\/www.pielnet.fr\/carnet\/wp-content\/uploads\/2021\/05\/imageTCS79-724x1024.png 724w, https:\/\/www.pielnet.fr\/carnet\/wp-content\/uploads\/2021\/05\/imageTCS79-212x300.png 212w, https:\/\/www.pielnet.fr\/carnet\/wp-content\/uploads\/2021\/05\/imageTCS79-768x1086.png 768w, https:\/\/www.pielnet.fr\/carnet\/wp-content\/uploads\/2021\/05\/imageTCS79.png 794w\" sizes=\"auto, (max-width: 724px) 100vw, 724px\" \/><\/a><\/figure><\/li><li class=\"blocks-gallery-item\"><figure><a href=\"https:\/\/www.pielnet.fr\/carnet\/wp-content\/uploads\/2021\/05\/logoseulTCS79.png\"><img loading=\"lazy\" decoding=\"async\" width=\"638\" height=\"642\" src=\"https:\/\/www.pielnet.fr\/carnet\/wp-content\/uploads\/2021\/05\/logoseulTCS79.png\" alt=\"\" data-id=\"2341\" data-full-url=\"https:\/\/www.pielnet.fr\/carnet\/wp-content\/uploads\/2021\/05\/logoseulTCS79.png\" data-link=\"https:\/\/www.pielnet.fr\/carnet\/?attachment_id=2341\" class=\"wp-image-2341\" srcset=\"https:\/\/www.pielnet.fr\/carnet\/wp-content\/uploads\/2021\/05\/logoseulTCS79.png 638w, https:\/\/www.pielnet.fr\/carnet\/wp-content\/uploads\/2021\/05\/logoseulTCS79-298x300.png 298w, https:\/\/www.pielnet.fr\/carnet\/wp-content\/uploads\/2021\/05\/logoseulTCS79-150x150.png 150w, https:\/\/www.pielnet.fr\/carnet\/wp-content\/uploads\/2021\/05\/logoseulTCS79-90x90.png 90w, https:\/\/www.pielnet.fr\/carnet\/wp-content\/uploads\/2021\/05\/logoseulTCS79-50x50.png 50w\" sizes=\"auto, (max-width: 638px) 100vw, 638px\" \/><\/a><\/figure><\/li><li class=\"blocks-gallery-item\"><figure><a href=\"https:\/\/www.pielnet.fr\/carnet\/wp-content\/uploads\/2021\/05\/mmbmkkcogpfnindc.jpg\"><img loading=\"lazy\" decoding=\"async\" width=\"489\" height=\"217\" src=\"https:\/\/www.pielnet.fr\/carnet\/wp-content\/uploads\/2021\/05\/mmbmkkcogpfnindc.jpg\" alt=\"\" data-id=\"2342\" data-full-url=\"https:\/\/www.pielnet.fr\/carnet\/wp-content\/uploads\/2021\/05\/mmbmkkcogpfnindc.jpg\" data-link=\"https:\/\/www.pielnet.fr\/carnet\/?attachment_id=2342\" class=\"wp-image-2342\" srcset=\"https:\/\/www.pielnet.fr\/carnet\/wp-content\/uploads\/2021\/05\/mmbmkkcogpfnindc.jpg 489w, https:\/\/www.pielnet.fr\/carnet\/wp-content\/uploads\/2021\/05\/mmbmkkcogpfnindc-300x133.jpg 300w\" sizes=\"auto, (max-width: 489px) 100vw, 489px\" \/><\/a><\/figure><\/li><\/ul><\/figure>\n","protected":false},"excerpt":{"rendered":"","protected":false},"author":1,"featured_media":2339,"comment_status":"open","ping_status":"open","sticky":false,"template":"","format":"standard","meta":{"footnotes":""},"categories":[1],"tags":[],"class_list":["post-2338","post","type-post","status-publish","format-standard","has-post-thumbnail","hentry","category-creations"],"yoast_head":"<!-- This site is optimized with the Yoast SEO plugin v26.7 - https:\/\/yoast.com\/wordpress\/plugins\/seo\/ -->\n<title>Territoire de Connexions Solidaires 79 \u2013 \u00e9lections d\u00e9partementales - le carnet - Piel<\/title>\n<meta name=\"robots\" content=\"index, follow, max-snippet:-1, max-image-preview:large, max-video-preview:-1\" \/>\n<link rel=\"canonical\" href=\"https:\/\/www.pielnet.fr\/carnet\/territoire-de-connexions-solidaires-79-elections-departementales\/\" \/>\n<meta property=\"og:locale\" content=\"fr_FR\" \/>\n<meta property=\"og:type\" content=\"article\" \/>\n<meta property=\"og:title\" content=\"Territoire de Connexions Solidaires 79 \u2013 \u00e9lections d\u00e9partementales - le carnet - Piel\" \/>\n<meta property=\"og:url\" content=\"https:\/\/www.pielnet.fr\/carnet\/territoire-de-connexions-solidaires-79-elections-departementales\/\" \/>\n<meta property=\"og:site_name\" content=\"le carnet - Piel\" \/>\n<meta property=\"article:published_time\" content=\"2021-05-30T09:44:21+00:00\" \/>\n<meta property=\"article:modified_time\" content=\"2021-05-30T09:45:59+00:00\" \/>\n<meta property=\"og:image\" content=\"https:\/\/www.pielnet.fr\/carnet\/wp-content\/uploads\/2021\/05\/Canton-de-F2R-profession-de-foi-colibris.jpg\" \/>\n\t<meta property=\"og:image:width\" content=\"2044\" \/>\n\t<meta property=\"og:image:height\" content=\"1344\" \/>\n\t<meta property=\"og:image:type\" content=\"image\/jpeg\" \/>\n<meta name=\"author\" content=\"arnopiel\" \/>\n<meta name=\"twitter:card\" content=\"summary_large_image\" \/>\n<meta name=\"twitter:label1\" content=\"\u00c9crit par\" \/>\n\t<meta name=\"twitter:data1\" content=\"arnopiel\" \/>\n\t<meta name=\"twitter:label2\" content=\"Dur\u00e9e de lecture estim\u00e9e\" \/>\n\t<meta name=\"twitter:data2\" content=\"1 minute\" \/>\n<script type=\"application\/ld+json\" class=\"yoast-schema-graph\">{\"@context\":\"https:\/\/schema.org\",\"@graph\":[{\"@type\":\"Article\",\"@id\":\"https:\/\/www.pielnet.fr\/carnet\/territoire-de-connexions-solidaires-79-elections-departementales\/#article\",\"isPartOf\":{\"@id\":\"https:\/\/www.pielnet.fr\/carnet\/territoire-de-connexions-solidaires-79-elections-departementales\/\"},\"author\":{\"name\":\"arnopiel\",\"@id\":\"https:\/\/www.pielnet.fr\/carnet\/#\/schema\/person\/7c09d20dd138514cf3647ce37f1f755d\"},\"headline\":\"Territoire de Connexions Solidaires 79 \u2013 \u00e9lections d\u00e9partementales\",\"datePublished\":\"2021-05-30T09:44:21+00:00\",\"dateModified\":\"2021-05-30T09:45:59+00:00\",\"mainEntityOfPage\":{\"@id\":\"https:\/\/www.pielnet.fr\/carnet\/territoire-de-connexions-solidaires-79-elections-departementales\/\"},\"wordCount\":19,\"commentCount\":0,\"publisher\":{\"@id\":\"https:\/\/www.pielnet.fr\/carnet\/#\/schema\/person\/7c09d20dd138514cf3647ce37f1f755d\"},\"image\":{\"@id\":\"https:\/\/www.pielnet.fr\/carnet\/territoire-de-connexions-solidaires-79-elections-departementales\/#primaryimage\"},\"thumbnailUrl\":\"https:\/\/www.pielnet.fr\/carnet\/wp-content\/uploads\/2021\/05\/Canton-de-F2R-profession-de-foi-colibris.jpg\",\"articleSection\":[\"Sites\"],\"inLanguage\":\"fr-FR\",\"potentialAction\":[{\"@type\":\"CommentAction\",\"name\":\"Comment\",\"target\":[\"https:\/\/www.pielnet.fr\/carnet\/territoire-de-connexions-solidaires-79-elections-departementales\/#respond\"]}]},{\"@type\":\"WebPage\",\"@id\":\"https:\/\/www.pielnet.fr\/carnet\/territoire-de-connexions-solidaires-79-elections-departementales\/\",\"url\":\"https:\/\/www.pielnet.fr\/carnet\/territoire-de-connexions-solidaires-79-elections-departementales\/\",\"name\":\"Territoire de Connexions Solidaires 79 \u2013 \u00e9lections d\u00e9partementales - le carnet - Piel\",\"isPartOf\":{\"@id\":\"https:\/\/www.pielnet.fr\/carnet\/#website\"},\"primaryImageOfPage\":{\"@id\":\"https:\/\/www.pielnet.fr\/carnet\/territoire-de-connexions-solidaires-79-elections-departementales\/#primaryimage\"},\"image\":{\"@id\":\"https:\/\/www.pielnet.fr\/carnet\/territoire-de-connexions-solidaires-79-elections-departementales\/#primaryimage\"},\"thumbnailUrl\":\"https:\/\/www.pielnet.fr\/carnet\/wp-content\/uploads\/2021\/05\/Canton-de-F2R-profession-de-foi-colibris.jpg\",\"datePublished\":\"2021-05-30T09:44:21+00:00\",\"dateModified\":\"2021-05-30T09:45:59+00:00\",\"breadcrumb\":{\"@id\":\"https:\/\/www.pielnet.fr\/carnet\/territoire-de-connexions-solidaires-79-elections-departementales\/#breadcrumb\"},\"inLanguage\":\"fr-FR\",\"potentialAction\":[{\"@type\":\"ReadAction\",\"target\":[\"https:\/\/www.pielnet.fr\/carnet\/territoire-de-connexions-solidaires-79-elections-departementales\/\"]}]},{\"@type\":\"ImageObject\",\"inLanguage\":\"fr-FR\",\"@id\":\"https:\/\/www.pielnet.fr\/carnet\/territoire-de-connexions-solidaires-79-elections-departementales\/#primaryimage\",\"url\":\"https:\/\/www.pielnet.fr\/carnet\/wp-content\/uploads\/2021\/05\/Canton-de-F2R-profession-de-foi-colibris.jpg\",\"contentUrl\":\"https:\/\/www.pielnet.fr\/carnet\/wp-content\/uploads\/2021\/05\/Canton-de-F2R-profession-de-foi-colibris.jpg\",\"width\":2044,\"height\":1344},{\"@type\":\"BreadcrumbList\",\"@id\":\"https:\/\/www.pielnet.fr\/carnet\/territoire-de-connexions-solidaires-79-elections-departementales\/#breadcrumb\",\"itemListElement\":[{\"@type\":\"ListItem\",\"position\":1,\"name\":\"Accueil\",\"item\":\"https:\/\/www.pielnet.fr\/carnet\/\"},{\"@type\":\"ListItem\",\"position\":2,\"name\":\"Territoire de Connexions Solidaires 79 \u2013 \u00e9lections d\u00e9partementales\"}]},{\"@type\":\"WebSite\",\"@id\":\"https:\/\/www.pielnet.fr\/carnet\/#website\",\"url\":\"https:\/\/www.pielnet.fr\/carnet\/\",\"name\":\"le carnet - Piel\",\"description\":\"R\u00e9cits &amp; Territoires - Raconter en images les r\u00e9cits du sensible\",\"publisher\":{\"@id\":\"https:\/\/www.pielnet.fr\/carnet\/#\/schema\/person\/7c09d20dd138514cf3647ce37f1f755d\"},\"potentialAction\":[{\"@type\":\"SearchAction\",\"target\":{\"@type\":\"EntryPoint\",\"urlTemplate\":\"https:\/\/www.pielnet.fr\/carnet\/?s={search_term_string}\"},\"query-input\":{\"@type\":\"PropertyValueSpecification\",\"valueRequired\":true,\"valueName\":\"search_term_string\"}}],\"inLanguage\":\"fr-FR\"},{\"@type\":[\"Person\",\"Organization\"],\"@id\":\"https:\/\/www.pielnet.fr\/carnet\/#\/schema\/person\/7c09d20dd138514cf3647ce37f1f755d\",\"name\":\"arnopiel\",\"image\":{\"@type\":\"ImageObject\",\"inLanguage\":\"fr-FR\",\"@id\":\"https:\/\/www.pielnet.fr\/carnet\/#\/schema\/person\/image\/\",\"url\":\"https:\/\/www.pielnet.fr\/carnet\/wp-content\/uploads\/2021\/01\/IMG_20201212_150932.jpg\",\"contentUrl\":\"https:\/\/www.pielnet.fr\/carnet\/wp-content\/uploads\/2021\/01\/IMG_20201212_150932.jpg\",\"width\":1432,\"height\":1432,\"caption\":\"arnopiel\"},\"logo\":{\"@id\":\"https:\/\/www.pielnet.fr\/carnet\/#\/schema\/person\/image\/\"}}]}<\/script>\n<!-- \/ Yoast SEO plugin. -->","yoast_head_json":{"title":"Territoire de Connexions Solidaires 79 \u2013 \u00e9lections d\u00e9partementales - le carnet - Piel","robots":{"index":"index","follow":"follow","max-snippet":"max-snippet:-1","max-image-preview":"max-image-preview:large","max-video-preview":"max-video-preview:-1"},"canonical":"https:\/\/www.pielnet.fr\/carnet\/territoire-de-connexions-solidaires-79-elections-departementales\/","og_locale":"fr_FR","og_type":"article","og_title":"Territoire de Connexions Solidaires 79 \u2013 \u00e9lections d\u00e9partementales - le carnet - Piel","og_url":"https:\/\/www.pielnet.fr\/carnet\/territoire-de-connexions-solidaires-79-elections-departementales\/","og_site_name":"le carnet - Piel","article_published_time":"2021-05-30T09:44:21+00:00","article_modified_time":"2021-05-30T09:45:59+00:00","og_image":[{"width":2044,"height":1344,"url":"https:\/\/www.pielnet.fr\/carnet\/wp-content\/uploads\/2021\/05\/Canton-de-F2R-profession-de-foi-colibris.jpg","type":"image\/jpeg"}],"author":"arnopiel","twitter_card":"summary_large_image","twitter_misc":{"\u00c9crit par":"arnopiel","Dur\u00e9e de lecture estim\u00e9e":"1 minute"},"schema":{"@context":"https:\/\/schema.org","@graph":[{"@type":"Article","@id":"https:\/\/www.pielnet.fr\/carnet\/territoire-de-connexions-solidaires-79-elections-departementales\/#article","isPartOf":{"@id":"https:\/\/www.pielnet.fr\/carnet\/territoire-de-connexions-solidaires-79-elections-departementales\/"},"author":{"name":"arnopiel","@id":"https:\/\/www.pielnet.fr\/carnet\/#\/schema\/person\/7c09d20dd138514cf3647ce37f1f755d"},"headline":"Territoire de Connexions Solidaires 79 \u2013 \u00e9lections d\u00e9partementales","datePublished":"2021-05-30T09:44:21+00:00","dateModified":"2021-05-30T09:45:59+00:00","mainEntityOfPage":{"@id":"https:\/\/www.pielnet.fr\/carnet\/territoire-de-connexions-solidaires-79-elections-departementales\/"},"wordCount":19,"commentCount":0,"publisher":{"@id":"https:\/\/www.pielnet.fr\/carnet\/#\/schema\/person\/7c09d20dd138514cf3647ce37f1f755d"},"image":{"@id":"https:\/\/www.pielnet.fr\/carnet\/territoire-de-connexions-solidaires-79-elections-departementales\/#primaryimage"},"thumbnailUrl":"https:\/\/www.pielnet.fr\/carnet\/wp-content\/uploads\/2021\/05\/Canton-de-F2R-profession-de-foi-colibris.jpg","articleSection":["Sites"],"inLanguage":"fr-FR","potentialAction":[{"@type":"CommentAction","name":"Comment","target":["https:\/\/www.pielnet.fr\/carnet\/territoire-de-connexions-solidaires-79-elections-departementales\/#respond"]}]},{"@type":"WebPage","@id":"https:\/\/www.pielnet.fr\/carnet\/territoire-de-connexions-solidaires-79-elections-departementales\/","url":"https:\/\/www.pielnet.fr\/carnet\/territoire-de-connexions-solidaires-79-elections-departementales\/","name":"Territoire de Connexions Solidaires 79 \u2013 \u00e9lections d\u00e9partementales - le carnet - Piel","isPartOf":{"@id":"https:\/\/www.pielnet.fr\/carnet\/#website"},"primaryImageOfPage":{"@id":"https:\/\/www.pielnet.fr\/carnet\/territoire-de-connexions-solidaires-79-elections-departementales\/#primaryimage"},"image":{"@id":"https:\/\/www.pielnet.fr\/carnet\/territoire-de-connexions-solidaires-79-elections-departementales\/#primaryimage"},"thumbnailUrl":"https:\/\/www.pielnet.fr\/carnet\/wp-content\/uploads\/2021\/05\/Canton-de-F2R-profession-de-foi-colibris.jpg","datePublished":"2021-05-30T09:44:21+00:00","dateModified":"2021-05-30T09:45:59+00:00","breadcrumb":{"@id":"https:\/\/www.pielnet.fr\/carnet\/territoire-de-connexions-solidaires-79-elections-departementales\/#breadcrumb"},"inLanguage":"fr-FR","potentialAction":[{"@type":"ReadAction","target":["https:\/\/www.pielnet.fr\/carnet\/territoire-de-connexions-solidaires-79-elections-departementales\/"]}]},{"@type":"ImageObject","inLanguage":"fr-FR","@id":"https:\/\/www.pielnet.fr\/carnet\/territoire-de-connexions-solidaires-79-elections-departementales\/#primaryimage","url":"https:\/\/www.pielnet.fr\/carnet\/wp-content\/uploads\/2021\/05\/Canton-de-F2R-profession-de-foi-colibris.jpg","contentUrl":"https:\/\/www.pielnet.fr\/carnet\/wp-content\/uploads\/2021\/05\/Canton-de-F2R-profession-de-foi-colibris.jpg","width":2044,"height":1344},{"@type":"BreadcrumbList","@id":"https:\/\/www.pielnet.fr\/carnet\/territoire-de-connexions-solidaires-79-elections-departementales\/#breadcrumb","itemListElement":[{"@type":"ListItem","position":1,"name":"Accueil","item":"https:\/\/www.pielnet.fr\/carnet\/"},{"@type":"ListItem","position":2,"name":"Territoire de Connexions Solidaires 79 \u2013 \u00e9lections d\u00e9partementales"}]},{"@type":"WebSite","@id":"https:\/\/www.pielnet.fr\/carnet\/#website","url":"https:\/\/www.pielnet.fr\/carnet\/","name":"le carnet - Piel","description":"R\u00e9cits &amp; Territoires - Raconter en images les r\u00e9cits du sensible","publisher":{"@id":"https:\/\/www.pielnet.fr\/carnet\/#\/schema\/person\/7c09d20dd138514cf3647ce37f1f755d"},"potentialAction":[{"@type":"SearchAction","target":{"@type":"EntryPoint","urlTemplate":"https:\/\/www.pielnet.fr\/carnet\/?s={search_term_string}"},"query-input":{"@type":"PropertyValueSpecification","valueRequired":true,"valueName":"search_term_string"}}],"inLanguage":"fr-FR"},{"@type":["Person","Organization"],"@id":"https:\/\/www.pielnet.fr\/carnet\/#\/schema\/person\/7c09d20dd138514cf3647ce37f1f755d","name":"arnopiel","image":{"@type":"ImageObject","inLanguage":"fr-FR","@id":"https:\/\/www.pielnet.fr\/carnet\/#\/schema\/person\/image\/","url":"https:\/\/www.pielnet.fr\/carnet\/wp-content\/uploads\/2021\/01\/IMG_20201212_150932.jpg","contentUrl":"https:\/\/www.pielnet.fr\/carnet\/wp-content\/uploads\/2021\/01\/IMG_20201212_150932.jpg","width":1432,"height":1432,"caption":"arnopiel"},"logo":{"@id":"https:\/\/www.pielnet.fr\/carnet\/#\/schema\/person\/image\/"}}]}},"_links":{"self":[{"href":"https:\/\/www.pielnet.fr\/carnet\/wp-json\/wp\/v2\/posts\/2338","targetHints":{"allow":["GET"]}}],"collection":[{"href":"https:\/\/www.pielnet.fr\/carnet\/wp-json\/wp\/v2\/posts"}],"about":[{"href":"https:\/\/www.pielnet.fr\/carnet\/wp-json\/wp\/v2\/types\/post"}],"author":[{"embeddable":true,"href":"https:\/\/www.pielnet.fr\/carnet\/wp-json\/wp\/v2\/users\/1"}],"replies":[{"embeddable":true,"href":"https:\/\/www.pielnet.fr\/carnet\/wp-json\/wp\/v2\/comments?post=2338"}],"version-history":[{"count":4,"href":"https:\/\/www.pielnet.fr\/carnet\/wp-json\/wp\/v2\/posts\/2338\/revisions"}],"predecessor-version":[{"id":2347,"href":"https:\/\/www.pielnet.fr\/carnet\/wp-json\/wp\/v2\/posts\/2338\/revisions\/2347"}],"wp:featuredmedia":[{"embeddable":true,"href":"https:\/\/www.pielnet.fr\/carnet\/wp-json\/wp\/v2\/media\/2339"}],"wp:attachment":[{"href":"https:\/\/www.pielnet.fr\/carnet\/wp-json\/wp\/v2\/media?parent=2338"}],"wp:term":[{"taxonomy":"category","embeddable":true,"href":"https:\/\/www.pielnet.fr\/carnet\/wp-json\/wp\/v2\/categories?post=2338"},{"taxonomy":"post_tag","embeddable":true,"href":"https:\/\/www.pielnet.fr\/carnet\/wp-json\/wp\/v2\/tags?post=2338"}],"curies":[{"name":"wp","href":"https:\/\/api.w.org\/{rel}","templated":true}]}}