{"id":2260,"date":"2021-03-27T08:58:29","date_gmt":"2021-03-27T07:58:29","guid":{"rendered":"https:\/\/www.pielnet.fr\/carnet\/?p=2260"},"modified":"2021-12-09T12:11:10","modified_gmt":"2021-12-09T11:11:10","slug":"les-materiaux-naturels-du-luberon-pour-la-construction","status":"publish","type":"post","link":"https:\/\/www.pielnet.fr\/carnet\/les-materiaux-naturels-du-luberon-pour-la-construction\/","title":{"rendered":"Les mat\u00e9riaux naturels du Luberon pour la construction"},"content":{"rendered":"\n<p>Voici les quatre reportages tourn\u00e9s en septembre\/octobre dans le Luberon sur les mat\u00e9riaux naturels, dits biosourc\u00e9s, pour l&rsquo;\u00e9coconstruction. Quelle joie de voir toutes ces personnes impliqu\u00e9es, de d\u00e9couvrir ces techniques et mat\u00e9riaux. Un film long de 15 minutes s\u00e9par\u00e9 ici en quatre \u00e9pisodes d&rsquo;Inventer Demain. Produit par la F\u00e9d\u00e9ration des Parcs naturels r\u00e9gionaux de France et le Minist\u00e8re de la Culture avec le concours du Parc naturel r\u00e9gional du Luberon et du Parc naturel r\u00e9gional de Camargue.<\/p>\n\n\n\n<p>le teaser<\/p>\n\n\n\n<figure class=\"wp-block-embed is-type-video is-provider-youtube wp-block-embed-youtube wp-embed-aspect-16-9 wp-has-aspect-ratio\"><div class=\"wp-block-embed__wrapper\">\n<iframe loading=\"lazy\" title=\"Luberon : les mat\u00e9riaux naturels pour la construction (teaser)\" width=\"500\" height=\"281\" src=\"https:\/\/www.youtube.com\/embed\/r67Wh0CZZNs?feature=oembed\" frameborder=\"0\" allow=\"accelerometer; autoplay; clipboard-write; encrypted-media; gyroscope; picture-in-picture; web-share\" referrerpolicy=\"strict-origin-when-cross-origin\" allowfullscreen><\/iframe>\n<\/div><\/figure>\n\n\n\n<div id=\"fb-root\"><\/div>\n<script async=\"\" defer=\"\" crossorigin=\"anonymous\" src=\"https:\/\/connect.facebook.net\/fr_FR\/sdk.js#xfbml=1&amp;version=v10.0&amp;appId=1573658206279463&amp;autoLogAppEvents=1\" nonce=\"93yE1cHo\"><\/script>\n\n\n\n<p><a href=\"https:\/\/www.youtube.com\/channel\/UCj2vlXruYT1u2AM8BpvH3ng\" target=\"_blank\" rel=\"noreferrer noopener\">https:\/\/www.youtube.com\/channel\/UCj2vlXruYT1u2AM8BpvH3ng<\/a><\/p>\n\n\n\n<p>Pour ce nouvel opus nous avons choisi un nouvel artiste pour le g\u00e9n\u00e9rique : Bob Morse a r\u00e9alis\u00e9 ce dessin et anim\u00e9 en stop-motion en novembre 2020, son site : <a href=\"https:\/\/www.bobmorse-artist.com\/\" target=\"_blank\" rel=\"noreferrer noopener\">https:\/\/www.bobmorse-artist.com\/<\/a><\/p>\n\n\n\n<h2 class=\"wp-block-heading\">le bois de c\u00e8dre du Parc du Luberon<\/h2>\n\n\n\n<p>Centr\u00e9 sur les mat\u00e9riaux naturels (aussi appel\u00e9es mat\u00e9riaux biosourc\u00e9s), cet \u00e9pisode pr\u00e9sente comment le Parc naturel r\u00e9gional du Luberon et l&rsquo;ONF ont r\u00e9ussi \u00e0 valoriser les essences de bois locales que sont le C\u00e8dre et le Cypr\u00e8s. Le Vaucluse est le deuxi\u00e8me d\u00e9partement de France \u00e0 avoir une importante c\u00e9draie. Tr\u00e8s concr\u00e8tement, nous prenons exemple ici sur la scierie la Bernadette \u00e0 Villars (84) qui travaille ces deux essences en mat\u00e9riaux de construction mais aussi en mobilier.<\/p>\n\n\n\n<figure class=\"wp-block-embed is-type-video is-provider-youtube wp-block-embed-youtube wp-embed-aspect-16-9 wp-has-aspect-ratio\"><div class=\"wp-block-embed__wrapper\">\n<iframe loading=\"lazy\" title=\"Inventer Demain #21 Mat\u00e9riaux naturels : le bois de c\u00e8dre du Parc du Luberon\" width=\"500\" height=\"281\" src=\"https:\/\/www.youtube.com\/embed\/7GaD3U6zzy0?feature=oembed\" frameborder=\"0\" allow=\"accelerometer; autoplay; clipboard-write; encrypted-media; gyroscope; picture-in-picture; web-share\" referrerpolicy=\"strict-origin-when-cross-origin\" allowfullscreen><\/iframe>\n<\/div><figcaption>le bois de c\u00e8dre du Parc du Luberon<\/figcaption><\/figure>\n\n\n\n<h2 class=\"wp-block-heading\">la paille de riz du Parc de Camargue<\/h2>\n\n\n\n<p>Centr\u00e9 sur les mat\u00e9riaux naturels (aussi appel\u00e9es mat\u00e9riaux biosourc\u00e9s), cet \u00e9pisode pr\u00e9sente la paille de riz du silo de Tourtoulen dans le Parc naturel r\u00e9gional de Camargue. La paille de riz est un isolant qui, une fois assembl\u00e9e en panneau, peut \u00eatre utilis\u00e9 pour les maisons neuves mais aussi dans les projets de r\u00e9novation. Reportage au c\u0153ur de cette fili\u00e8re locale qui a r\u00e9ussi \u00e0 s&rsquo;industrialiser, avec notamment la soci\u00e9t\u00e9 FBT, et qui assure sa distribution.<\/p>\n\n\n\n<figure class=\"wp-block-embed is-type-video is-provider-youtube wp-block-embed-youtube wp-embed-aspect-16-9 wp-has-aspect-ratio\"><div class=\"wp-block-embed__wrapper\">\n<iframe loading=\"lazy\" title=\"Inventer Demain #22 Mat\u00e9riaux naturels : la paille de riz du Parc de Camargue\" width=\"500\" height=\"281\" src=\"https:\/\/www.youtube.com\/embed\/iLluRKHpYrQ?feature=oembed\" frameborder=\"0\" allow=\"accelerometer; autoplay; clipboard-write; encrypted-media; gyroscope; picture-in-picture; web-share\" referrerpolicy=\"strict-origin-when-cross-origin\" allowfullscreen><\/iframe>\n<\/div><\/figure>\n\n\n\n<h2 class=\"wp-block-heading\">la terre du Luberon<\/h2>\n\n\n\n<p>Centr\u00e9 sur les mat\u00e9riaux naturels (aussi appel\u00e9es mat\u00e9riaux biosourc\u00e9s), cette \u00e9pisode pr\u00e9sente l&rsquo;action de l&rsquo;association le Village. Terre de carri\u00e8res, le Parc du Luberon est r\u00e9put\u00e9 pour ses paysages terreux. L&rsquo;association y produit des briques de terres crues et cr\u00e9er ainsi de l&#8217;emploi social, dit de r\u00e9insertion, mais aussi pour de l&rsquo;auto-\u00e9coconstruction pour donner un foyer aux personnes vuln\u00e9rables.<\/p>\n\n\n\n<figure class=\"wp-block-embed is-type-video is-provider-youtube wp-block-embed-youtube wp-embed-aspect-16-9 wp-has-aspect-ratio\"><div class=\"wp-block-embed__wrapper\">\n<iframe loading=\"lazy\" title=\"Inventer Demain #23 Mat\u00e9riaux naturels : la terre du Luberon\" width=\"500\" height=\"281\" src=\"https:\/\/www.youtube.com\/embed\/TRLRayDqO_M?feature=oembed\" frameborder=\"0\" allow=\"accelerometer; autoplay; clipboard-write; encrypted-media; gyroscope; picture-in-picture; web-share\" referrerpolicy=\"strict-origin-when-cross-origin\" allowfullscreen><\/iframe>\n<\/div><figcaption>la terre du Luberon via l&rsquo;association le Village<\/figcaption><\/figure>\n\n\n\n<h2 class=\"wp-block-heading\">Mat\u00e9riaux naturels et centres de formation<\/h2>\n\n\n\n<p>Centr\u00e9 sur les mat\u00e9riaux naturels (aussi appel\u00e9es mat\u00e9riaux biosourc\u00e9s), cet \u00e9pisode pr\u00e9sente le Gabion, centre de formation en \u00e9coconstruction dans le Parc du Luberon. Le Parc naturel r\u00e9gional du Luberon fait \u00e9merger, accompagne, de nombreux projets en terme d&rsquo;habitat \u00e9cologique et de mat\u00e9riaux naturels pour la construction : le bois de c\u00e8dre et de cypr\u00e8s, la paille de riz, balles de riz, paille de lavande comme isolants, des briques de terres crues &#8230; Produire ces mat\u00e9riaux, les distribuer, c&rsquo;est une chose mais encore faut-il apprendre aux artisans locaux \u00e0 les utiliser. Le Parc accompagne ainsi le centre de formation le Gabion, \u00e0 Manne pr\u00e8s de Forcalquier, qui \u0153uvre dans la transmission de gestes aupr\u00e8s de stagiaires souvent tr\u00e8s motiv\u00e9s par l&rsquo;\u00e9coconstruction.<\/p>\n\n\n\n<figure class=\"wp-block-embed is-type-video is-provider-youtube wp-block-embed-youtube wp-embed-aspect-16-9 wp-has-aspect-ratio\"><div class=\"wp-block-embed__wrapper\">\n<iframe loading=\"lazy\" title=\"Inventer Demain #24 Mat\u00e9riaux naturels et centres de formation\" width=\"500\" height=\"281\" src=\"https:\/\/www.youtube.com\/embed\/en-iZle5DTE?feature=oembed\" frameborder=\"0\" allow=\"accelerometer; autoplay; clipboard-write; encrypted-media; gyroscope; picture-in-picture; web-share\" referrerpolicy=\"strict-origin-when-cross-origin\" allowfullscreen><\/iframe>\n<\/div><\/figure>\n\n\n\n<figure class=\"wp-block-gallery columns-3 is-cropped wp-block-gallery-1 is-layout-flex wp-block-gallery-is-layout-flex\"><ul class=\"blocks-gallery-grid\"><li class=\"blocks-gallery-item\"><figure><img loading=\"lazy\" decoding=\"async\" width=\"261\" height=\"300\" src=\"https:\/\/www.pielnet.fr\/carnet\/wp-content\/uploads\/2020\/05\/Logo_pnr-261x300.png\" alt=\"F\u00e9d\u00e9ration des Parcs naturels r\u00e9gionaux de France\" data-id=\"1748\" data-full-url=\"https:\/\/www.pielnet.fr\/carnet\/wp-content\/uploads\/2020\/05\/Logo_pnr.png\" data-link=\"https:\/\/www.pielnet.fr\/carnet\/agenda\/actualit\u00e9\/plateforme-web-federation-des-parcs-naturels-regionaux-de-france\/logo_pnr\/\" class=\"wp-image-1748\" srcset=\"https:\/\/www.pielnet.fr\/carnet\/wp-content\/uploads\/2020\/05\/Logo_pnr-261x300.png 261w, https:\/\/www.pielnet.fr\/carnet\/wp-content\/uploads\/2020\/05\/Logo_pnr.png 619w\" sizes=\"auto, (max-width: 261px) 100vw, 261px\" \/><figcaption class=\"blocks-gallery-item__caption\">F\u00e9d\u00e9ration des Parcs naturels r\u00e9gionaux de France<\/figcaption><\/figure><\/li><li class=\"blocks-gallery-item\"><figure><img loading=\"lazy\" decoding=\"async\" width=\"300\" height=\"163\" src=\"https:\/\/www.pielnet.fr\/carnet\/wp-content\/uploads\/2021\/03\/ministere-300x163.png\" alt=\"Minist\u00e8re de la Culture\" data-id=\"2236\" data-full-url=\"https:\/\/www.pielnet.fr\/carnet\/wp-content\/uploads\/2021\/03\/ministere.png\" data-link=\"https:\/\/www.pielnet.fr\/carnet\/lisolation-en-paille-de-riz-de-camargue-version-fbt-isolation\/ministere\/\" class=\"wp-image-2236\" srcset=\"https:\/\/www.pielnet.fr\/carnet\/wp-content\/uploads\/2021\/03\/ministere-300x163.png 300w, https:\/\/www.pielnet.fr\/carnet\/wp-content\/uploads\/2021\/03\/ministere.png 673w\" sizes=\"auto, (max-width: 300px) 100vw, 300px\" \/><figcaption class=\"blocks-gallery-item__caption\">Minist\u00e8re de la Culture<\/figcaption><\/figure><\/li><li class=\"blocks-gallery-item\"><figure><img loading=\"lazy\" decoding=\"async\" width=\"1024\" height=\"576\" src=\"https:\/\/www.pielnet.fr\/carnet\/wp-content\/uploads\/2021\/03\/parc-naturel-regional-du-luberon-xl-1024x576.jpg\" alt=\"Parc naturel r\u00e9gional du Luberon\" data-id=\"2243\" data-full-url=\"https:\/\/www.pielnet.fr\/carnet\/wp-content\/uploads\/2021\/03\/parc-naturel-regional-du-luberon-xl.jpg\" data-link=\"https:\/\/www.pielnet.fr\/carnet\/parc-naturel-regional-du-luberon-xl\/\" class=\"wp-image-2243\" srcset=\"https:\/\/www.pielnet.fr\/carnet\/wp-content\/uploads\/2021\/03\/parc-naturel-regional-du-luberon-xl-1024x576.jpg 1024w, https:\/\/www.pielnet.fr\/carnet\/wp-content\/uploads\/2021\/03\/parc-naturel-regional-du-luberon-xl-300x169.jpg 300w, https:\/\/www.pielnet.fr\/carnet\/wp-content\/uploads\/2021\/03\/parc-naturel-regional-du-luberon-xl-768x432.jpg 768w, https:\/\/www.pielnet.fr\/carnet\/wp-content\/uploads\/2021\/03\/parc-naturel-regional-du-luberon-xl-1536x864.jpg 1536w, https:\/\/www.pielnet.fr\/carnet\/wp-content\/uploads\/2021\/03\/parc-naturel-regional-du-luberon-xl.jpg 1920w\" sizes=\"auto, (max-width: 1024px) 100vw, 1024px\" \/><figcaption class=\"blocks-gallery-item__caption\">Parc naturel r\u00e9gional du Luberon<\/figcaption><\/figure><\/li><\/ul><\/figure>\n\n\n\n\n\n<div class=\"fb-post\" data-href=\"https:\/\/www.facebook.com\/pielart\/posts\/10165230054480533\" data-width=\"500\" data-show-text=\"true\"><blockquote cite=\"https:\/\/www.facebook.com\/pielart\/posts\/10165230054480533\" class=\"fb-xfbml-parse-ignore\"><p>Luberon : les mat\u00e9riaux naturels pour la construction\nVoici les quatre reportages tourn\u00e9s en septembre\/octobre dans le&#8230;<\/p>Publi\u00e9e par <a href=\"https:\/\/www.facebook.com\/pielart\/\">Piel<\/a> sur&nbsp;<a href=\"https:\/\/www.facebook.com\/pielart\/posts\/10165230054480533\">Lundi 3 mai 2021<\/a><\/blockquote><\/div>\n","protected":false},"excerpt":{"rendered":"<p>Produit par la F\u00e9d\u00e9ration des Parcs naturels r\u00e9gionaux de France et le Minist\u00e8re de la Culture avec le concours du Parc naturel r\u00e9gional du Luberon et du Parc naturel r\u00e9gional de Camargue<\/p>\n","protected":false},"author":1,"featured_media":2261,"comment_status":"open","ping_status":"open","sticky":false,"template":"","format":"standard","meta":{"footnotes":""},"categories":[472,69],"tags":[580,44,494,581,448],"class_list":["post-2260","post","type-post","status-publish","format-standard","has-post-thumbnail","hentry","category-doc","category-films","tag-ecoconstruction","tag-ecologie","tag-fpnr","tag-materiaux-biosources","tag-parcs-naturels"],"yoast_head":"<!-- This site is optimized with the Yoast SEO plugin v26.7 - https:\/\/yoast.com\/wordpress\/plugins\/seo\/ -->\n<title>Les mat\u00e9riaux naturels du Luberon pour la construction - le carnet - Piel<\/title>\n<meta name=\"description\" content=\"Centr\u00e9e sur les mat\u00e9riaux naturels aussi appel\u00e9es mat\u00e9riaux biosourc\u00e9s, cette s\u00e9rie nous emm\u00e8ne dans le Parc naturel r\u00e9gional du Luberon...\" \/>\n<meta name=\"robots\" content=\"index, follow, max-snippet:-1, max-image-preview:large, max-video-preview:-1\" \/>\n<link rel=\"canonical\" href=\"https:\/\/www.pielnet.fr\/carnet\/les-materiaux-naturels-du-luberon-pour-la-construction\/\" \/>\n<meta property=\"og:locale\" content=\"fr_FR\" \/>\n<meta property=\"og:type\" content=\"article\" \/>\n<meta property=\"og:title\" content=\"Les mat\u00e9riaux naturels du Luberon pour la construction - le carnet - Piel\" \/>\n<meta property=\"og:description\" content=\"Centr\u00e9e sur les mat\u00e9riaux naturels aussi appel\u00e9es mat\u00e9riaux biosourc\u00e9s, cette s\u00e9rie nous emm\u00e8ne dans le Parc naturel r\u00e9gional du Luberon...\" \/>\n<meta property=\"og:url\" content=\"https:\/\/www.pielnet.fr\/carnet\/les-materiaux-naturels-du-luberon-pour-la-construction\/\" \/>\n<meta property=\"og:site_name\" content=\"le carnet - Piel\" \/>\n<meta property=\"article:published_time\" content=\"2021-03-27T07:58:29+00:00\" \/>\n<meta property=\"article:modified_time\" content=\"2021-12-09T11:11:10+00:00\" \/>\n<meta property=\"og:image\" content=\"https:\/\/www.pielnet.fr\/carnet\/wp-content\/uploads\/2021\/03\/GENERIQUEbob_Moment-1024x576.jpg\" \/>\n\t<meta property=\"og:image:width\" content=\"1024\" \/>\n\t<meta property=\"og:image:height\" content=\"576\" \/>\n\t<meta property=\"og:image:type\" content=\"image\/jpeg\" \/>\n<meta name=\"author\" content=\"arnopiel\" \/>\n<meta name=\"twitter:card\" content=\"summary_large_image\" \/>\n<meta name=\"twitter:label1\" content=\"\u00c9crit par\" \/>\n\t<meta name=\"twitter:data1\" content=\"arnopiel\" \/>\n\t<meta name=\"twitter:label2\" content=\"Dur\u00e9e de lecture estim\u00e9e\" \/>\n\t<meta name=\"twitter:data2\" content=\"3 minutes\" \/>\n<script type=\"application\/ld+json\" class=\"yoast-schema-graph\">{\"@context\":\"https:\/\/schema.org\",\"@graph\":[{\"@type\":\"Article\",\"@id\":\"https:\/\/www.pielnet.fr\/carnet\/les-materiaux-naturels-du-luberon-pour-la-construction\/#article\",\"isPartOf\":{\"@id\":\"https:\/\/www.pielnet.fr\/carnet\/les-materiaux-naturels-du-luberon-pour-la-construction\/\"},\"author\":{\"name\":\"arnopiel\",\"@id\":\"https:\/\/www.pielnet.fr\/carnet\/#\/schema\/person\/7c09d20dd138514cf3647ce37f1f755d\"},\"headline\":\"Les mat\u00e9riaux naturels du Luberon pour la construction\",\"datePublished\":\"2021-03-27T07:58:29+00:00\",\"dateModified\":\"2021-12-09T11:11:10+00:00\",\"mainEntityOfPage\":{\"@id\":\"https:\/\/www.pielnet.fr\/carnet\/les-materiaux-naturels-du-luberon-pour-la-construction\/\"},\"wordCount\":666,\"commentCount\":0,\"publisher\":{\"@id\":\"https:\/\/www.pielnet.fr\/carnet\/#\/schema\/person\/7c09d20dd138514cf3647ce37f1f755d\"},\"image\":{\"@id\":\"https:\/\/www.pielnet.fr\/carnet\/les-materiaux-naturels-du-luberon-pour-la-construction\/#primaryimage\"},\"thumbnailUrl\":\"https:\/\/www.pielnet.fr\/carnet\/wp-content\/uploads\/2021\/03\/GENERIQUEbob_Moment.jpg\",\"keywords\":[\"ecoconstruction\",\"ecologie\",\"FPNR\",\"mat\u00e9riaux biosourc\u00e9s\",\"Parcs naturels\"],\"articleSection\":[\"Doc\",\"Films\"],\"inLanguage\":\"fr-FR\",\"potentialAction\":[{\"@type\":\"CommentAction\",\"name\":\"Comment\",\"target\":[\"https:\/\/www.pielnet.fr\/carnet\/les-materiaux-naturels-du-luberon-pour-la-construction\/#respond\"]}]},{\"@type\":\"WebPage\",\"@id\":\"https:\/\/www.pielnet.fr\/carnet\/les-materiaux-naturels-du-luberon-pour-la-construction\/\",\"url\":\"https:\/\/www.pielnet.fr\/carnet\/les-materiaux-naturels-du-luberon-pour-la-construction\/\",\"name\":\"Les mat\u00e9riaux naturels du Luberon pour la construction - le carnet - Piel\",\"isPartOf\":{\"@id\":\"https:\/\/www.pielnet.fr\/carnet\/#website\"},\"primaryImageOfPage\":{\"@id\":\"https:\/\/www.pielnet.fr\/carnet\/les-materiaux-naturels-du-luberon-pour-la-construction\/#primaryimage\"},\"image\":{\"@id\":\"https:\/\/www.pielnet.fr\/carnet\/les-materiaux-naturels-du-luberon-pour-la-construction\/#primaryimage\"},\"thumbnailUrl\":\"https:\/\/www.pielnet.fr\/carnet\/wp-content\/uploads\/2021\/03\/GENERIQUEbob_Moment.jpg\",\"datePublished\":\"2021-03-27T07:58:29+00:00\",\"dateModified\":\"2021-12-09T11:11:10+00:00\",\"description\":\"Centr\u00e9e sur les mat\u00e9riaux naturels aussi appel\u00e9es mat\u00e9riaux biosourc\u00e9s, cette s\u00e9rie nous emm\u00e8ne dans le Parc naturel r\u00e9gional du Luberon...\",\"breadcrumb\":{\"@id\":\"https:\/\/www.pielnet.fr\/carnet\/les-materiaux-naturels-du-luberon-pour-la-construction\/#breadcrumb\"},\"inLanguage\":\"fr-FR\",\"potentialAction\":[{\"@type\":\"ReadAction\",\"target\":[\"https:\/\/www.pielnet.fr\/carnet\/les-materiaux-naturels-du-luberon-pour-la-construction\/\"]}]},{\"@type\":\"ImageObject\",\"inLanguage\":\"fr-FR\",\"@id\":\"https:\/\/www.pielnet.fr\/carnet\/les-materiaux-naturels-du-luberon-pour-la-construction\/#primaryimage\",\"url\":\"https:\/\/www.pielnet.fr\/carnet\/wp-content\/uploads\/2021\/03\/GENERIQUEbob_Moment.jpg\",\"contentUrl\":\"https:\/\/www.pielnet.fr\/carnet\/wp-content\/uploads\/2021\/03\/GENERIQUEbob_Moment.jpg\",\"width\":1920,\"height\":1080,\"caption\":\"G\u00e9n\u00e9rique Bob Morse Inventer Demain\"},{\"@type\":\"BreadcrumbList\",\"@id\":\"https:\/\/www.pielnet.fr\/carnet\/les-materiaux-naturels-du-luberon-pour-la-construction\/#breadcrumb\",\"itemListElement\":[{\"@type\":\"ListItem\",\"position\":1,\"name\":\"Accueil\",\"item\":\"https:\/\/www.pielnet.fr\/carnet\/\"},{\"@type\":\"ListItem\",\"position\":2,\"name\":\"Les mat\u00e9riaux naturels du Luberon pour la construction\"}]},{\"@type\":\"WebSite\",\"@id\":\"https:\/\/www.pielnet.fr\/carnet\/#website\",\"url\":\"https:\/\/www.pielnet.fr\/carnet\/\",\"name\":\"le carnet - Piel\",\"description\":\"R\u00e9cits &amp; Territoires - Raconter en images les r\u00e9cits du sensible\",\"publisher\":{\"@id\":\"https:\/\/www.pielnet.fr\/carnet\/#\/schema\/person\/7c09d20dd138514cf3647ce37f1f755d\"},\"potentialAction\":[{\"@type\":\"SearchAction\",\"target\":{\"@type\":\"EntryPoint\",\"urlTemplate\":\"https:\/\/www.pielnet.fr\/carnet\/?s={search_term_string}\"},\"query-input\":{\"@type\":\"PropertyValueSpecification\",\"valueRequired\":true,\"valueName\":\"search_term_string\"}}],\"inLanguage\":\"fr-FR\"},{\"@type\":[\"Person\",\"Organization\"],\"@id\":\"https:\/\/www.pielnet.fr\/carnet\/#\/schema\/person\/7c09d20dd138514cf3647ce37f1f755d\",\"name\":\"arnopiel\",\"image\":{\"@type\":\"ImageObject\",\"inLanguage\":\"fr-FR\",\"@id\":\"https:\/\/www.pielnet.fr\/carnet\/#\/schema\/person\/image\/\",\"url\":\"https:\/\/www.pielnet.fr\/carnet\/wp-content\/uploads\/2021\/01\/IMG_20201212_150932.jpg\",\"contentUrl\":\"https:\/\/www.pielnet.fr\/carnet\/wp-content\/uploads\/2021\/01\/IMG_20201212_150932.jpg\",\"width\":1432,\"height\":1432,\"caption\":\"arnopiel\"},\"logo\":{\"@id\":\"https:\/\/www.pielnet.fr\/carnet\/#\/schema\/person\/image\/\"}}]}<\/script>\n<!-- \/ Yoast SEO plugin. -->","yoast_head_json":{"title":"Les mat\u00e9riaux naturels du Luberon pour la construction - le carnet - Piel","description":"Centr\u00e9e sur les mat\u00e9riaux naturels aussi appel\u00e9es mat\u00e9riaux biosourc\u00e9s, cette s\u00e9rie nous emm\u00e8ne dans le Parc naturel r\u00e9gional du Luberon...","robots":{"index":"index","follow":"follow","max-snippet":"max-snippet:-1","max-image-preview":"max-image-preview:large","max-video-preview":"max-video-preview:-1"},"canonical":"https:\/\/www.pielnet.fr\/carnet\/les-materiaux-naturels-du-luberon-pour-la-construction\/","og_locale":"fr_FR","og_type":"article","og_title":"Les mat\u00e9riaux naturels du Luberon pour la construction - le carnet - Piel","og_description":"Centr\u00e9e sur les mat\u00e9riaux naturels aussi appel\u00e9es mat\u00e9riaux biosourc\u00e9s, cette s\u00e9rie nous emm\u00e8ne dans le Parc naturel r\u00e9gional du Luberon...","og_url":"https:\/\/www.pielnet.fr\/carnet\/les-materiaux-naturels-du-luberon-pour-la-construction\/","og_site_name":"le carnet - Piel","article_published_time":"2021-03-27T07:58:29+00:00","article_modified_time":"2021-12-09T11:11:10+00:00","og_image":[{"width":1024,"height":576,"url":"https:\/\/www.pielnet.fr\/carnet\/wp-content\/uploads\/2021\/03\/GENERIQUEbob_Moment-1024x576.jpg","type":"image\/jpeg"}],"author":"arnopiel","twitter_card":"summary_large_image","twitter_misc":{"\u00c9crit par":"arnopiel","Dur\u00e9e de lecture estim\u00e9e":"3 minutes"},"schema":{"@context":"https:\/\/schema.org","@graph":[{"@type":"Article","@id":"https:\/\/www.pielnet.fr\/carnet\/les-materiaux-naturels-du-luberon-pour-la-construction\/#article","isPartOf":{"@id":"https:\/\/www.pielnet.fr\/carnet\/les-materiaux-naturels-du-luberon-pour-la-construction\/"},"author":{"name":"arnopiel","@id":"https:\/\/www.pielnet.fr\/carnet\/#\/schema\/person\/7c09d20dd138514cf3647ce37f1f755d"},"headline":"Les mat\u00e9riaux naturels du Luberon pour la construction","datePublished":"2021-03-27T07:58:29+00:00","dateModified":"2021-12-09T11:11:10+00:00","mainEntityOfPage":{"@id":"https:\/\/www.pielnet.fr\/carnet\/les-materiaux-naturels-du-luberon-pour-la-construction\/"},"wordCount":666,"commentCount":0,"publisher":{"@id":"https:\/\/www.pielnet.fr\/carnet\/#\/schema\/person\/7c09d20dd138514cf3647ce37f1f755d"},"image":{"@id":"https:\/\/www.pielnet.fr\/carnet\/les-materiaux-naturels-du-luberon-pour-la-construction\/#primaryimage"},"thumbnailUrl":"https:\/\/www.pielnet.fr\/carnet\/wp-content\/uploads\/2021\/03\/GENERIQUEbob_Moment.jpg","keywords":["ecoconstruction","ecologie","FPNR","mat\u00e9riaux biosourc\u00e9s","Parcs naturels"],"articleSection":["Doc","Films"],"inLanguage":"fr-FR","potentialAction":[{"@type":"CommentAction","name":"Comment","target":["https:\/\/www.pielnet.fr\/carnet\/les-materiaux-naturels-du-luberon-pour-la-construction\/#respond"]}]},{"@type":"WebPage","@id":"https:\/\/www.pielnet.fr\/carnet\/les-materiaux-naturels-du-luberon-pour-la-construction\/","url":"https:\/\/www.pielnet.fr\/carnet\/les-materiaux-naturels-du-luberon-pour-la-construction\/","name":"Les mat\u00e9riaux naturels du Luberon pour la construction - le carnet - Piel","isPartOf":{"@id":"https:\/\/www.pielnet.fr\/carnet\/#website"},"primaryImageOfPage":{"@id":"https:\/\/www.pielnet.fr\/carnet\/les-materiaux-naturels-du-luberon-pour-la-construction\/#primaryimage"},"image":{"@id":"https:\/\/www.pielnet.fr\/carnet\/les-materiaux-naturels-du-luberon-pour-la-construction\/#primaryimage"},"thumbnailUrl":"https:\/\/www.pielnet.fr\/carnet\/wp-content\/uploads\/2021\/03\/GENERIQUEbob_Moment.jpg","datePublished":"2021-03-27T07:58:29+00:00","dateModified":"2021-12-09T11:11:10+00:00","description":"Centr\u00e9e sur les mat\u00e9riaux naturels aussi appel\u00e9es mat\u00e9riaux biosourc\u00e9s, cette s\u00e9rie nous emm\u00e8ne dans le Parc naturel r\u00e9gional du Luberon...","breadcrumb":{"@id":"https:\/\/www.pielnet.fr\/carnet\/les-materiaux-naturels-du-luberon-pour-la-construction\/#breadcrumb"},"inLanguage":"fr-FR","potentialAction":[{"@type":"ReadAction","target":["https:\/\/www.pielnet.fr\/carnet\/les-materiaux-naturels-du-luberon-pour-la-construction\/"]}]},{"@type":"ImageObject","inLanguage":"fr-FR","@id":"https:\/\/www.pielnet.fr\/carnet\/les-materiaux-naturels-du-luberon-pour-la-construction\/#primaryimage","url":"https:\/\/www.pielnet.fr\/carnet\/wp-content\/uploads\/2021\/03\/GENERIQUEbob_Moment.jpg","contentUrl":"https:\/\/www.pielnet.fr\/carnet\/wp-content\/uploads\/2021\/03\/GENERIQUEbob_Moment.jpg","width":1920,"height":1080,"caption":"G\u00e9n\u00e9rique Bob Morse Inventer Demain"},{"@type":"BreadcrumbList","@id":"https:\/\/www.pielnet.fr\/carnet\/les-materiaux-naturels-du-luberon-pour-la-construction\/#breadcrumb","itemListElement":[{"@type":"ListItem","position":1,"name":"Accueil","item":"https:\/\/www.pielnet.fr\/carnet\/"},{"@type":"ListItem","position":2,"name":"Les mat\u00e9riaux naturels du Luberon pour la construction"}]},{"@type":"WebSite","@id":"https:\/\/www.pielnet.fr\/carnet\/#website","url":"https:\/\/www.pielnet.fr\/carnet\/","name":"le carnet - Piel","description":"R\u00e9cits &amp; Territoires - Raconter en images les r\u00e9cits du sensible","publisher":{"@id":"https:\/\/www.pielnet.fr\/carnet\/#\/schema\/person\/7c09d20dd138514cf3647ce37f1f755d"},"potentialAction":[{"@type":"SearchAction","target":{"@type":"EntryPoint","urlTemplate":"https:\/\/www.pielnet.fr\/carnet\/?s={search_term_string}"},"query-input":{"@type":"PropertyValueSpecification","valueRequired":true,"valueName":"search_term_string"}}],"inLanguage":"fr-FR"},{"@type":["Person","Organization"],"@id":"https:\/\/www.pielnet.fr\/carnet\/#\/schema\/person\/7c09d20dd138514cf3647ce37f1f755d","name":"arnopiel","image":{"@type":"ImageObject","inLanguage":"fr-FR","@id":"https:\/\/www.pielnet.fr\/carnet\/#\/schema\/person\/image\/","url":"https:\/\/www.pielnet.fr\/carnet\/wp-content\/uploads\/2021\/01\/IMG_20201212_150932.jpg","contentUrl":"https:\/\/www.pielnet.fr\/carnet\/wp-content\/uploads\/2021\/01\/IMG_20201212_150932.jpg","width":1432,"height":1432,"caption":"arnopiel"},"logo":{"@id":"https:\/\/www.pielnet.fr\/carnet\/#\/schema\/person\/image\/"}}]}},"_links":{"self":[{"href":"https:\/\/www.pielnet.fr\/carnet\/wp-json\/wp\/v2\/posts\/2260","targetHints":{"allow":["GET"]}}],"collection":[{"href":"https:\/\/www.pielnet.fr\/carnet\/wp-json\/wp\/v2\/posts"}],"about":[{"href":"https:\/\/www.pielnet.fr\/carnet\/wp-json\/wp\/v2\/types\/post"}],"author":[{"embeddable":true,"href":"https:\/\/www.pielnet.fr\/carnet\/wp-json\/wp\/v2\/users\/1"}],"replies":[{"embeddable":true,"href":"https:\/\/www.pielnet.fr\/carnet\/wp-json\/wp\/v2\/comments?post=2260"}],"version-history":[{"count":6,"href":"https:\/\/www.pielnet.fr\/carnet\/wp-json\/wp\/v2\/posts\/2260\/revisions"}],"predecessor-version":[{"id":2331,"href":"https:\/\/www.pielnet.fr\/carnet\/wp-json\/wp\/v2\/posts\/2260\/revisions\/2331"}],"wp:featuredmedia":[{"embeddable":true,"href":"https:\/\/www.pielnet.fr\/carnet\/wp-json\/wp\/v2\/media\/2261"}],"wp:attachment":[{"href":"https:\/\/www.pielnet.fr\/carnet\/wp-json\/wp\/v2\/media?parent=2260"}],"wp:term":[{"taxonomy":"category","embeddable":true,"href":"https:\/\/www.pielnet.fr\/carnet\/wp-json\/wp\/v2\/categories?post=2260"},{"taxonomy":"post_tag","embeddable":true,"href":"https:\/\/www.pielnet.fr\/carnet\/wp-json\/wp\/v2\/tags?post=2260"}],"curies":[{"name":"wp","href":"https:\/\/api.w.org\/{rel}","templated":true}]}}