{"id":1963,"date":"2020-10-21T10:32:44","date_gmt":"2020-10-21T09:32:44","guid":{"rendered":"http:\/\/www.pielnet.fr\/carnet\/?p=1963"},"modified":"2021-01-11T09:55:39","modified_gmt":"2021-01-11T08:55:39","slug":"le-regard-des-enfants-du-marais-poitevin-sur-le-changement-climatique","status":"publish","type":"post","link":"https:\/\/www.pielnet.fr\/carnet\/le-regard-des-enfants-du-marais-poitevin-sur-le-changement-climatique\/","title":{"rendered":"Le regard des enfants du marais poitevin sur le changement climatique"},"content":{"rendered":"\n<p>Le regard des enfants du marais poitevin sur le changement climatique, avec le Parc naturel r\u00e9gional du marais poitevin, Passeurs d&rsquo;images, la communaut\u00e9 de communes Aunis atlantique et la r\u00e9gion Nouvelle Aquitaine<\/p>\n\n\n\n<p>avec les enfants du Centre de loisirs de Cour\u00e7on en Charente-Maritime<\/p>\n\n\n\n<figure class=\"wp-block-embed is-type-video is-provider-youtube wp-block-embed-youtube wp-embed-aspect-16-9 wp-has-aspect-ratio\"><div class=\"wp-block-embed__wrapper\">\n<iframe loading=\"lazy\" title=\"TEASER du film des ateliers docus du Paysage des enfants du Marais poitevin\" width=\"500\" height=\"281\" src=\"https:\/\/www.youtube.com\/embed\/Oq9GjzA_2b8?feature=oembed\" frameborder=\"0\" allow=\"accelerometer; autoplay; clipboard-write; encrypted-media; gyroscope; picture-in-picture; web-share\" referrerpolicy=\"strict-origin-when-cross-origin\" allowfullscreen><\/iframe>\n<\/div><\/figure>\n\n\n\n<blockquote class=\"wp-block-quote is-layout-flow wp-block-quote-is-layout-flow\"><p>J&rsquo;en suis rentr\u00e9 avec plein de scoubidous<\/p><\/blockquote>\n\n\n\n<p>les ateliers docus font escale dans le Marais poitevin, plus pr\u00e9cis\u00e9ment \u00e0 Cour\u00e7on, \u00e0 l\u2019accueil de loisirs, les enfants y font un film d\u2019une quinzaine de minutes sur le changement climatique et ses cons\u00e9quences, pour eux, sur leur paysage :&nbsp;<strong>la mont\u00e9e des eaux<\/strong>.<\/p>\n\n\n\n<p>Le programme a \u00e9t\u00e9 dense ! les enfants s\u2019y sont \u00e9norm\u00e9ment investis malgr\u00e9 le contexte (centre de loisirs, vacances de la Toussaint, les copains qui jouent dehors) et le r\u00e9sultat (film de 15 minutes) refl\u00e8te bien leur engagement dans le projet.<\/p>\n\n\n\n<p>En parlant entre adultes, pendant la pr\u00e9paration du projet, on a imagin\u00e9 cibler le th\u00e8me des \u00e9oliennes parce que c\u2019est un \u00e9l\u00e9ment de leur paysage (le littoral n\u2019est pas loin, il y a du vent, il y a d\u00e9j\u00e0 beaucoup d\u2019\u00e9oliennes et pas mal d\u2019autres en nouveaux projets.)<\/p>\n\n\n\n<p>Les enfants en ont d\u00e9cid\u00e9 autrement. C\u2019est en fait le th\u00e8me de la mont\u00e9e des eaux qui ressort du film, cons\u00e9quence tr\u00e8s importante pour eux du changement climatique.<\/p>\n\n\n\n<p>Le film :<\/p>\n\n\n\n<figure class=\"wp-block-embed is-type-video is-provider-youtube wp-block-embed-youtube wp-embed-aspect-16-9 wp-has-aspect-ratio\"><div class=\"wp-block-embed__wrapper\">\n<iframe loading=\"lazy\" title=\"SAUVONS LA PLANETE le doc des enfants du Marais poitevin sur le changement climatique\" width=\"500\" height=\"281\" src=\"https:\/\/www.youtube.com\/embed\/34ihdoUdKRs?feature=oembed\" frameborder=\"0\" allow=\"accelerometer; autoplay; clipboard-write; encrypted-media; gyroscope; picture-in-picture; web-share\" referrerpolicy=\"strict-origin-when-cross-origin\" allowfullscreen><\/iframe>\n<\/div><\/figure>\n\n\n\n<p><\/p>\n\n\n\n<figure class=\"wp-block-embed-wordpress wp-block-embed is-type-wp-embed is-provider-les-ateliers-documentaires\"><div class=\"wp-block-embed__wrapper\">\n<blockquote class=\"wp-embedded-content\" data-secret=\"YmPsCbBHVO\"><a href=\"https:\/\/www.lesateliersdocumentaires.fr\/2020\/10\/28\/le-changement-climatique-dans-le-marais-poitevin\/\">le changement climatique dans le Marais poitevin<\/a><\/blockquote><iframe loading=\"lazy\" class=\"wp-embedded-content\" sandbox=\"allow-scripts\" security=\"restricted\" style=\"position: absolute; visibility: hidden;\" title=\"\u00ab\u00a0le changement climatique dans le Marais poitevin\u00a0\u00bb &#8212; Les Ateliers Documentaires\" src=\"https:\/\/www.lesateliersdocumentaires.fr\/2020\/10\/28\/le-changement-climatique-dans-le-marais-poitevin\/embed\/#?secret=uwIIitD38l#?secret=YmPsCbBHVO\" data-secret=\"YmPsCbBHVO\" width=\"500\" height=\"282\" frameborder=\"0\" marginwidth=\"0\" marginheight=\"0\" scrolling=\"no\"><\/iframe>\n<\/div><figcaption>l&rsquo;article sur le site des ateliers documentaires du paysage<\/figcaption><\/figure>\n\n\n\n<figure class=\"wp-block-gallery columns-2 is-cropped wp-block-gallery-1 is-layout-flex wp-block-gallery-is-layout-flex\"><ul class=\"blocks-gallery-grid\"><li class=\"blocks-gallery-item\"><figure><img loading=\"lazy\" decoding=\"async\" width=\"1024\" height=\"576\" src=\"http:\/\/www.pielnet.fr\/carnet\/wp-content\/uploads\/2020\/11\/20201026_111358_resized-1024x576.jpg\" alt=\"\" data-id=\"1962\" data-full-url=\"http:\/\/www.pielnet.fr\/carnet\/wp-content\/uploads\/2020\/11\/20201026_111358_resized.jpg\" data-link=\"http:\/\/www.pielnet.fr\/carnet\/agenda\/actualit\u00e9\/film-sur-le-changement-climatique-avec-les-enfants-du-marais-poitevin\/20201026_111358_resized\/\" class=\"wp-image-1962\" srcset=\"https:\/\/www.pielnet.fr\/carnet\/wp-content\/uploads\/2020\/11\/20201026_111358_resized-1024x576.jpg 1024w, https:\/\/www.pielnet.fr\/carnet\/wp-content\/uploads\/2020\/11\/20201026_111358_resized-300x169.jpg 300w, https:\/\/www.pielnet.fr\/carnet\/wp-content\/uploads\/2020\/11\/20201026_111358_resized-768x432.jpg 768w, https:\/\/www.pielnet.fr\/carnet\/wp-content\/uploads\/2020\/11\/20201026_111358_resized-1536x864.jpg 1536w, https:\/\/www.pielnet.fr\/carnet\/wp-content\/uploads\/2020\/11\/20201026_111358_resized-2048x1152.jpg 2048w, https:\/\/www.pielnet.fr\/carnet\/wp-content\/uploads\/2020\/11\/20201026_111358_resized-1920x1080.jpg 1920w\" sizes=\"auto, (max-width: 1024px) 100vw, 1024px\" \/><\/figure><\/li><li class=\"blocks-gallery-item\"><figure><img loading=\"lazy\" decoding=\"async\" width=\"768\" height=\"1024\" src=\"http:\/\/www.pielnet.fr\/carnet\/wp-content\/uploads\/2020\/11\/20201021_111314-1-768x1024.jpg\" alt=\"\" data-id=\"1964\" data-full-url=\"http:\/\/www.pielnet.fr\/carnet\/wp-content\/uploads\/2020\/11\/20201021_111314-1-scaled.jpg\" data-link=\"http:\/\/www.pielnet.fr\/carnet\/?attachment_id=1964\" class=\"wp-image-1964\" srcset=\"https:\/\/www.pielnet.fr\/carnet\/wp-content\/uploads\/2020\/11\/20201021_111314-1-768x1024.jpg 768w, https:\/\/www.pielnet.fr\/carnet\/wp-content\/uploads\/2020\/11\/20201021_111314-1-225x300.jpg 225w, https:\/\/www.pielnet.fr\/carnet\/wp-content\/uploads\/2020\/11\/20201021_111314-1-1152x1536.jpg 1152w, https:\/\/www.pielnet.fr\/carnet\/wp-content\/uploads\/2020\/11\/20201021_111314-1-1536x2048.jpg 1536w, https:\/\/www.pielnet.fr\/carnet\/wp-content\/uploads\/2020\/11\/20201021_111314-1-scaled.jpg 1920w\" sizes=\"auto, (max-width: 768px) 100vw, 768px\" \/><\/figure><\/li><\/ul><\/figure>\n","protected":false},"excerpt":{"rendered":"<p>Le regard des enfants du marais poitevin sur le changement climatique, avec le Parc naturel r\u00e9gional du marais poitevin, Passeurs d&rsquo;images, la communaut\u00e9 de communes Aunis atlantique et la r\u00e9gion Nouvelle Aquitaine avec les enfants du Centre de loisirs de Cour\u00e7on en Charente-Maritime J&rsquo;en suis rentr\u00e9 avec plein de scoubidous les ateliers docus font escale [&hellip;]<\/p>\n","protected":false},"author":1,"featured_media":1967,"comment_status":"open","ping_status":"open","sticky":false,"template":"","format":"standard","meta":{"footnotes":""},"categories":[549],"tags":[571,573],"class_list":["post-1963","post","type-post","status-publish","format-standard","has-post-thumbnail","hentry","category-eac","tag-eac","tag-marais-poitevin"],"yoast_head":"<!-- This site is optimized with the Yoast SEO plugin v26.7 - https:\/\/yoast.com\/wordpress\/plugins\/seo\/ -->\n<title>Le regard des enfants du marais poitevin sur le changement climatique - le carnet - Piel<\/title>\n<meta name=\"robots\" content=\"index, follow, max-snippet:-1, max-image-preview:large, max-video-preview:-1\" \/>\n<link rel=\"canonical\" href=\"https:\/\/www.pielnet.fr\/carnet\/le-regard-des-enfants-du-marais-poitevin-sur-le-changement-climatique\/\" \/>\n<meta property=\"og:locale\" content=\"fr_FR\" \/>\n<meta property=\"og:type\" content=\"article\" \/>\n<meta property=\"og:title\" content=\"Le regard des enfants du marais poitevin sur le changement climatique - le carnet - Piel\" \/>\n<meta property=\"og:description\" content=\"Le regard des enfants du marais poitevin sur le changement climatique, avec le Parc naturel r\u00e9gional du marais poitevin, Passeurs d&rsquo;images, la communaut\u00e9 de communes Aunis atlantique et la r\u00e9gion Nouvelle Aquitaine avec les enfants du Centre de loisirs de Cour\u00e7on en Charente-Maritime J&rsquo;en suis rentr\u00e9 avec plein de scoubidous les ateliers docus font escale [&hellip;]\" \/>\n<meta property=\"og:url\" content=\"https:\/\/www.pielnet.fr\/carnet\/le-regard-des-enfants-du-marais-poitevin-sur-le-changement-climatique\/\" \/>\n<meta property=\"og:site_name\" content=\"le carnet - Piel\" \/>\n<meta property=\"article:published_time\" content=\"2020-10-21T09:32:44+00:00\" \/>\n<meta property=\"article:modified_time\" content=\"2021-01-11T08:55:39+00:00\" \/>\n<meta property=\"og:image\" content=\"https:\/\/www.pielnet.fr\/carnet\/wp-content\/uploads\/2020\/10\/20201026_111948_resized.jpg\" \/>\n\t<meta property=\"og:image:width\" content=\"2064\" \/>\n\t<meta property=\"og:image:height\" content=\"1161\" \/>\n\t<meta property=\"og:image:type\" content=\"image\/jpeg\" \/>\n<meta name=\"author\" content=\"arnopiel\" \/>\n<meta name=\"twitter:card\" content=\"summary_large_image\" \/>\n<meta name=\"twitter:label1\" content=\"\u00c9crit par\" \/>\n\t<meta name=\"twitter:data1\" content=\"arnopiel\" \/>\n\t<meta name=\"twitter:label2\" content=\"Dur\u00e9e de lecture estim\u00e9e\" \/>\n\t<meta name=\"twitter:data2\" content=\"1 minute\" \/>\n<script type=\"application\/ld+json\" class=\"yoast-schema-graph\">{\"@context\":\"https:\/\/schema.org\",\"@graph\":[{\"@type\":\"Article\",\"@id\":\"https:\/\/www.pielnet.fr\/carnet\/le-regard-des-enfants-du-marais-poitevin-sur-le-changement-climatique\/#article\",\"isPartOf\":{\"@id\":\"https:\/\/www.pielnet.fr\/carnet\/le-regard-des-enfants-du-marais-poitevin-sur-le-changement-climatique\/\"},\"author\":{\"name\":\"arnopiel\",\"@id\":\"https:\/\/www.pielnet.fr\/carnet\/#\/schema\/person\/7c09d20dd138514cf3647ce37f1f755d\"},\"headline\":\"Le regard des enfants du marais poitevin sur le changement climatique\",\"datePublished\":\"2020-10-21T09:32:44+00:00\",\"dateModified\":\"2021-01-11T08:55:39+00:00\",\"mainEntityOfPage\":{\"@id\":\"https:\/\/www.pielnet.fr\/carnet\/le-regard-des-enfants-du-marais-poitevin-sur-le-changement-climatique\/\"},\"wordCount\":278,\"commentCount\":0,\"publisher\":{\"@id\":\"https:\/\/www.pielnet.fr\/carnet\/#\/schema\/person\/7c09d20dd138514cf3647ce37f1f755d\"},\"image\":{\"@id\":\"https:\/\/www.pielnet.fr\/carnet\/le-regard-des-enfants-du-marais-poitevin-sur-le-changement-climatique\/#primaryimage\"},\"thumbnailUrl\":\"https:\/\/www.pielnet.fr\/carnet\/wp-content\/uploads\/2020\/10\/20201026_111948_resized.jpg\",\"keywords\":[\"EAC\",\"marais poitevin\"],\"articleSection\":[\"\u00e9ducation \u00e0 l'image\"],\"inLanguage\":\"fr-FR\",\"potentialAction\":[{\"@type\":\"CommentAction\",\"name\":\"Comment\",\"target\":[\"https:\/\/www.pielnet.fr\/carnet\/le-regard-des-enfants-du-marais-poitevin-sur-le-changement-climatique\/#respond\"]}]},{\"@type\":\"WebPage\",\"@id\":\"https:\/\/www.pielnet.fr\/carnet\/le-regard-des-enfants-du-marais-poitevin-sur-le-changement-climatique\/\",\"url\":\"https:\/\/www.pielnet.fr\/carnet\/le-regard-des-enfants-du-marais-poitevin-sur-le-changement-climatique\/\",\"name\":\"Le regard des enfants du marais poitevin sur le changement climatique - le carnet - Piel\",\"isPartOf\":{\"@id\":\"https:\/\/www.pielnet.fr\/carnet\/#website\"},\"primaryImageOfPage\":{\"@id\":\"https:\/\/www.pielnet.fr\/carnet\/le-regard-des-enfants-du-marais-poitevin-sur-le-changement-climatique\/#primaryimage\"},\"image\":{\"@id\":\"https:\/\/www.pielnet.fr\/carnet\/le-regard-des-enfants-du-marais-poitevin-sur-le-changement-climatique\/#primaryimage\"},\"thumbnailUrl\":\"https:\/\/www.pielnet.fr\/carnet\/wp-content\/uploads\/2020\/10\/20201026_111948_resized.jpg\",\"datePublished\":\"2020-10-21T09:32:44+00:00\",\"dateModified\":\"2021-01-11T08:55:39+00:00\",\"breadcrumb\":{\"@id\":\"https:\/\/www.pielnet.fr\/carnet\/le-regard-des-enfants-du-marais-poitevin-sur-le-changement-climatique\/#breadcrumb\"},\"inLanguage\":\"fr-FR\",\"potentialAction\":[{\"@type\":\"ReadAction\",\"target\":[\"https:\/\/www.pielnet.fr\/carnet\/le-regard-des-enfants-du-marais-poitevin-sur-le-changement-climatique\/\"]}]},{\"@type\":\"ImageObject\",\"inLanguage\":\"fr-FR\",\"@id\":\"https:\/\/www.pielnet.fr\/carnet\/le-regard-des-enfants-du-marais-poitevin-sur-le-changement-climatique\/#primaryimage\",\"url\":\"https:\/\/www.pielnet.fr\/carnet\/wp-content\/uploads\/2020\/10\/20201026_111948_resized.jpg\",\"contentUrl\":\"https:\/\/www.pielnet.fr\/carnet\/wp-content\/uploads\/2020\/10\/20201026_111948_resized.jpg\",\"width\":2064,\"height\":1161},{\"@type\":\"BreadcrumbList\",\"@id\":\"https:\/\/www.pielnet.fr\/carnet\/le-regard-des-enfants-du-marais-poitevin-sur-le-changement-climatique\/#breadcrumb\",\"itemListElement\":[{\"@type\":\"ListItem\",\"position\":1,\"name\":\"Accueil\",\"item\":\"https:\/\/www.pielnet.fr\/carnet\/\"},{\"@type\":\"ListItem\",\"position\":2,\"name\":\"Le regard des enfants du marais poitevin sur le changement climatique\"}]},{\"@type\":\"WebSite\",\"@id\":\"https:\/\/www.pielnet.fr\/carnet\/#website\",\"url\":\"https:\/\/www.pielnet.fr\/carnet\/\",\"name\":\"le carnet - Piel\",\"description\":\"R\u00e9cits &amp; Territoires - Raconter en images les r\u00e9cits du sensible\",\"publisher\":{\"@id\":\"https:\/\/www.pielnet.fr\/carnet\/#\/schema\/person\/7c09d20dd138514cf3647ce37f1f755d\"},\"potentialAction\":[{\"@type\":\"SearchAction\",\"target\":{\"@type\":\"EntryPoint\",\"urlTemplate\":\"https:\/\/www.pielnet.fr\/carnet\/?s={search_term_string}\"},\"query-input\":{\"@type\":\"PropertyValueSpecification\",\"valueRequired\":true,\"valueName\":\"search_term_string\"}}],\"inLanguage\":\"fr-FR\"},{\"@type\":[\"Person\",\"Organization\"],\"@id\":\"https:\/\/www.pielnet.fr\/carnet\/#\/schema\/person\/7c09d20dd138514cf3647ce37f1f755d\",\"name\":\"arnopiel\",\"image\":{\"@type\":\"ImageObject\",\"inLanguage\":\"fr-FR\",\"@id\":\"https:\/\/www.pielnet.fr\/carnet\/#\/schema\/person\/image\/\",\"url\":\"https:\/\/www.pielnet.fr\/carnet\/wp-content\/uploads\/2021\/01\/IMG_20201212_150932.jpg\",\"contentUrl\":\"https:\/\/www.pielnet.fr\/carnet\/wp-content\/uploads\/2021\/01\/IMG_20201212_150932.jpg\",\"width\":1432,\"height\":1432,\"caption\":\"arnopiel\"},\"logo\":{\"@id\":\"https:\/\/www.pielnet.fr\/carnet\/#\/schema\/person\/image\/\"}}]}<\/script>\n<!-- \/ Yoast SEO plugin. -->","yoast_head_json":{"title":"Le regard des enfants du marais poitevin sur le changement climatique - le carnet - Piel","robots":{"index":"index","follow":"follow","max-snippet":"max-snippet:-1","max-image-preview":"max-image-preview:large","max-video-preview":"max-video-preview:-1"},"canonical":"https:\/\/www.pielnet.fr\/carnet\/le-regard-des-enfants-du-marais-poitevin-sur-le-changement-climatique\/","og_locale":"fr_FR","og_type":"article","og_title":"Le regard des enfants du marais poitevin sur le changement climatique - le carnet - Piel","og_description":"Le regard des enfants du marais poitevin sur le changement climatique, avec le Parc naturel r\u00e9gional du marais poitevin, Passeurs d&rsquo;images, la communaut\u00e9 de communes Aunis atlantique et la r\u00e9gion Nouvelle Aquitaine avec les enfants du Centre de loisirs de Cour\u00e7on en Charente-Maritime J&rsquo;en suis rentr\u00e9 avec plein de scoubidous les ateliers docus font escale [&hellip;]","og_url":"https:\/\/www.pielnet.fr\/carnet\/le-regard-des-enfants-du-marais-poitevin-sur-le-changement-climatique\/","og_site_name":"le carnet - Piel","article_published_time":"2020-10-21T09:32:44+00:00","article_modified_time":"2021-01-11T08:55:39+00:00","og_image":[{"width":2064,"height":1161,"url":"https:\/\/www.pielnet.fr\/carnet\/wp-content\/uploads\/2020\/10\/20201026_111948_resized.jpg","type":"image\/jpeg"}],"author":"arnopiel","twitter_card":"summary_large_image","twitter_misc":{"\u00c9crit par":"arnopiel","Dur\u00e9e de lecture estim\u00e9e":"1 minute"},"schema":{"@context":"https:\/\/schema.org","@graph":[{"@type":"Article","@id":"https:\/\/www.pielnet.fr\/carnet\/le-regard-des-enfants-du-marais-poitevin-sur-le-changement-climatique\/#article","isPartOf":{"@id":"https:\/\/www.pielnet.fr\/carnet\/le-regard-des-enfants-du-marais-poitevin-sur-le-changement-climatique\/"},"author":{"name":"arnopiel","@id":"https:\/\/www.pielnet.fr\/carnet\/#\/schema\/person\/7c09d20dd138514cf3647ce37f1f755d"},"headline":"Le regard des enfants du marais poitevin sur le changement climatique","datePublished":"2020-10-21T09:32:44+00:00","dateModified":"2021-01-11T08:55:39+00:00","mainEntityOfPage":{"@id":"https:\/\/www.pielnet.fr\/carnet\/le-regard-des-enfants-du-marais-poitevin-sur-le-changement-climatique\/"},"wordCount":278,"commentCount":0,"publisher":{"@id":"https:\/\/www.pielnet.fr\/carnet\/#\/schema\/person\/7c09d20dd138514cf3647ce37f1f755d"},"image":{"@id":"https:\/\/www.pielnet.fr\/carnet\/le-regard-des-enfants-du-marais-poitevin-sur-le-changement-climatique\/#primaryimage"},"thumbnailUrl":"https:\/\/www.pielnet.fr\/carnet\/wp-content\/uploads\/2020\/10\/20201026_111948_resized.jpg","keywords":["EAC","marais poitevin"],"articleSection":["\u00e9ducation \u00e0 l'image"],"inLanguage":"fr-FR","potentialAction":[{"@type":"CommentAction","name":"Comment","target":["https:\/\/www.pielnet.fr\/carnet\/le-regard-des-enfants-du-marais-poitevin-sur-le-changement-climatique\/#respond"]}]},{"@type":"WebPage","@id":"https:\/\/www.pielnet.fr\/carnet\/le-regard-des-enfants-du-marais-poitevin-sur-le-changement-climatique\/","url":"https:\/\/www.pielnet.fr\/carnet\/le-regard-des-enfants-du-marais-poitevin-sur-le-changement-climatique\/","name":"Le regard des enfants du marais poitevin sur le changement climatique - le carnet - Piel","isPartOf":{"@id":"https:\/\/www.pielnet.fr\/carnet\/#website"},"primaryImageOfPage":{"@id":"https:\/\/www.pielnet.fr\/carnet\/le-regard-des-enfants-du-marais-poitevin-sur-le-changement-climatique\/#primaryimage"},"image":{"@id":"https:\/\/www.pielnet.fr\/carnet\/le-regard-des-enfants-du-marais-poitevin-sur-le-changement-climatique\/#primaryimage"},"thumbnailUrl":"https:\/\/www.pielnet.fr\/carnet\/wp-content\/uploads\/2020\/10\/20201026_111948_resized.jpg","datePublished":"2020-10-21T09:32:44+00:00","dateModified":"2021-01-11T08:55:39+00:00","breadcrumb":{"@id":"https:\/\/www.pielnet.fr\/carnet\/le-regard-des-enfants-du-marais-poitevin-sur-le-changement-climatique\/#breadcrumb"},"inLanguage":"fr-FR","potentialAction":[{"@type":"ReadAction","target":["https:\/\/www.pielnet.fr\/carnet\/le-regard-des-enfants-du-marais-poitevin-sur-le-changement-climatique\/"]}]},{"@type":"ImageObject","inLanguage":"fr-FR","@id":"https:\/\/www.pielnet.fr\/carnet\/le-regard-des-enfants-du-marais-poitevin-sur-le-changement-climatique\/#primaryimage","url":"https:\/\/www.pielnet.fr\/carnet\/wp-content\/uploads\/2020\/10\/20201026_111948_resized.jpg","contentUrl":"https:\/\/www.pielnet.fr\/carnet\/wp-content\/uploads\/2020\/10\/20201026_111948_resized.jpg","width":2064,"height":1161},{"@type":"BreadcrumbList","@id":"https:\/\/www.pielnet.fr\/carnet\/le-regard-des-enfants-du-marais-poitevin-sur-le-changement-climatique\/#breadcrumb","itemListElement":[{"@type":"ListItem","position":1,"name":"Accueil","item":"https:\/\/www.pielnet.fr\/carnet\/"},{"@type":"ListItem","position":2,"name":"Le regard des enfants du marais poitevin sur le changement climatique"}]},{"@type":"WebSite","@id":"https:\/\/www.pielnet.fr\/carnet\/#website","url":"https:\/\/www.pielnet.fr\/carnet\/","name":"le carnet - Piel","description":"R\u00e9cits &amp; Territoires - Raconter en images les r\u00e9cits du sensible","publisher":{"@id":"https:\/\/www.pielnet.fr\/carnet\/#\/schema\/person\/7c09d20dd138514cf3647ce37f1f755d"},"potentialAction":[{"@type":"SearchAction","target":{"@type":"EntryPoint","urlTemplate":"https:\/\/www.pielnet.fr\/carnet\/?s={search_term_string}"},"query-input":{"@type":"PropertyValueSpecification","valueRequired":true,"valueName":"search_term_string"}}],"inLanguage":"fr-FR"},{"@type":["Person","Organization"],"@id":"https:\/\/www.pielnet.fr\/carnet\/#\/schema\/person\/7c09d20dd138514cf3647ce37f1f755d","name":"arnopiel","image":{"@type":"ImageObject","inLanguage":"fr-FR","@id":"https:\/\/www.pielnet.fr\/carnet\/#\/schema\/person\/image\/","url":"https:\/\/www.pielnet.fr\/carnet\/wp-content\/uploads\/2021\/01\/IMG_20201212_150932.jpg","contentUrl":"https:\/\/www.pielnet.fr\/carnet\/wp-content\/uploads\/2021\/01\/IMG_20201212_150932.jpg","width":1432,"height":1432,"caption":"arnopiel"},"logo":{"@id":"https:\/\/www.pielnet.fr\/carnet\/#\/schema\/person\/image\/"}}]}},"_links":{"self":[{"href":"https:\/\/www.pielnet.fr\/carnet\/wp-json\/wp\/v2\/posts\/1963","targetHints":{"allow":["GET"]}}],"collection":[{"href":"https:\/\/www.pielnet.fr\/carnet\/wp-json\/wp\/v2\/posts"}],"about":[{"href":"https:\/\/www.pielnet.fr\/carnet\/wp-json\/wp\/v2\/types\/post"}],"author":[{"embeddable":true,"href":"https:\/\/www.pielnet.fr\/carnet\/wp-json\/wp\/v2\/users\/1"}],"replies":[{"embeddable":true,"href":"https:\/\/www.pielnet.fr\/carnet\/wp-json\/wp\/v2\/comments?post=1963"}],"version-history":[{"count":4,"href":"https:\/\/www.pielnet.fr\/carnet\/wp-json\/wp\/v2\/posts\/1963\/revisions"}],"predecessor-version":[{"id":2027,"href":"https:\/\/www.pielnet.fr\/carnet\/wp-json\/wp\/v2\/posts\/1963\/revisions\/2027"}],"wp:featuredmedia":[{"embeddable":true,"href":"https:\/\/www.pielnet.fr\/carnet\/wp-json\/wp\/v2\/media\/1967"}],"wp:attachment":[{"href":"https:\/\/www.pielnet.fr\/carnet\/wp-json\/wp\/v2\/media?parent=1963"}],"wp:term":[{"taxonomy":"category","embeddable":true,"href":"https:\/\/www.pielnet.fr\/carnet\/wp-json\/wp\/v2\/categories?post=1963"},{"taxonomy":"post_tag","embeddable":true,"href":"https:\/\/www.pielnet.fr\/carnet\/wp-json\/wp\/v2\/tags?post=1963"}],"curies":[{"name":"wp","href":"https:\/\/api.w.org\/{rel}","templated":true}]}}