{"id":178,"date":"2015-02-11T09:57:32","date_gmt":"2015-02-11T08:57:32","guid":{"rendered":"http:\/\/www.pielnet.fr\/carnet\/?p=178"},"modified":"2015-02-23T16:43:48","modified_gmt":"2015-02-23T15:43:48","slug":"testet-le-point-de-vue-du-maire-de-st-amancet","status":"publish","type":"post","link":"https:\/\/www.pielnet.fr\/carnet\/testet-le-point-de-vue-du-maire-de-st-amancet\/","title":{"rendered":"Testet, le point de vue du maire de St-Amancet"},"content":{"rendered":"<blockquote><p>&nbsp;<\/p>\n<p><span class=\"Apple-style-span\"><span style=\"color: #993300;\">Montagnard professionnel et passionn\u00e9 j\u2019ai appris qu\u2019en montagne, parfois faire le bon choix c\u2019est savoir faire demi-tour et rester humble\u2026<\/span><\/span><\/p>\n<p>&nbsp;<\/p><\/blockquote>\n<p><span style=\"text-decoration: underline;\">A lire<\/span>: Apr\u00e8s les \u00e9v\u00e9nements du 1er f\u00e9vrier dernier, le point de vue du maire de St-Amancet (dans le Tarn), agriculteur (ma\u00efs), pas \u00e9colo. Qui a chang\u00e9 de position au sujet du barrage de Sivens, qui est all\u00e9 voir sur place. Outre ses d\u00e9nonciations de la violence et son analyse intelligente de la situation politique, il partage des perspectives d&rsquo;\u00e9volution pour la profession agricole et pour l&rsquo;inter\u00eat g\u00e9n\u00e9ral.<\/p>\n<p>Une phrase : \u00ab\u00a0<em>Montagnard professionnel et passionn\u00e9 j&rsquo;ai appris qu&rsquo;en montagne, parfois faire le bon choix c&rsquo;est savoir faire demi-tour et rester humble&#8230;<\/em>\u00a0\u00bb<\/p>\n<p>et une autre :\u00a0\u00ab\u00a0<em>Arr\u00eatons la provocation, cessons de jouer les gros bras, remisons un peu de notre fiert\u00e9 et discutons dans l&rsquo;int\u00e9r\u00eat g\u00e9n\u00e9ral!<\/em>\u00a0\u00bb<\/p>\n<p>Merci Mr Rossignol<\/p>\n<hr \/>\n<p>A lire ici (pdf): <a href=\"http:\/\/www.collectif-testet.org\/uploaded\/sivens-2.pdf\" target=\"_blank\">http:\/\/www.collectif-testet.org\/uploaded\/sivens-2.pdf<\/a><\/p>\n<hr \/>\n<figure id=\"attachment_268\" aria-describedby=\"caption-attachment-268\" style=\"width: 150px\" class=\"wp-caption aligncenter\"><a href=\"http:\/\/www.pielnet.fr\/carnet\/wp-content\/uploads\/2015\/02\/IMG_0649canigou_pielnet.jpg\"><img loading=\"lazy\" decoding=\"async\" class=\"wp-image-268 size-thumbnail\" src=\"http:\/\/www.pielnet.fr\/carnet\/wp-content\/uploads\/2015\/02\/IMG_0649canigou_pielnet-150x150.jpg\" alt=\"IMG_0649canigou_pielnet\" width=\"150\" height=\"150\" srcset=\"https:\/\/www.pielnet.fr\/carnet\/wp-content\/uploads\/2015\/02\/IMG_0649canigou_pielnet-150x150.jpg 150w, https:\/\/www.pielnet.fr\/carnet\/wp-content\/uploads\/2015\/02\/IMG_0649canigou_pielnet.jpg 1100w\" sizes=\"auto, (max-width: 150px) 100vw, 150px\" \/><\/a><figcaption id=\"caption-attachment-268\" class=\"wp-caption-text\">en UNE : le Canigou, Pyr\u00e9n\u00e9es-Orientales<\/figcaption><\/figure>\n<p style=\"text-align: center;\">\n<p style=\"text-align: center;\">\n","protected":false},"excerpt":{"rendered":"<p>&nbsp; Montagnard professionnel et passionn\u00e9 j\u2019ai appris qu\u2019en montagne, parfois faire le bon choix c\u2019est savoir faire demi-tour et rester humble\u2026 &nbsp; A lire: Apr\u00e8s les \u00e9v\u00e9nements du 1er f\u00e9vrier dernier, le point de vue du maire de St-Amancet (dans le Tarn), agriculteur (ma\u00efs), pas \u00e9colo. Qui a chang\u00e9 de position au sujet du barrage [&hellip;]<\/p>\n","protected":false},"author":1,"featured_media":268,"comment_status":"open","ping_status":"open","sticky":false,"template":"","format":"quote","meta":{"footnotes":""},"categories":[20],"tags":[42,62,138,133,127,44,141,46,131,140,135,132,136,134,129,126,41,128,137],"class_list":["post-178","post","type-post","status-publish","format-quote","has-post-thumbnail","hentry","category-a-noter","tag-42","tag-62","tag-agriculture","tag-avenir","tag-barrage","tag-ecologie","tag-futur-de-lhumanite","tag-humilite","tag-mais","tag-montagne","tag-nature","tag-politique","tag-protection","tag-respect-de-lenvronnement","tag-rossignol","tag-sivens","tag-tarn","tag-testet","tag-zone-humide","post_format-post-format-quote"],"yoast_head":"<!-- This site is optimized with the Yoast SEO plugin v26.7 - https:\/\/yoast.com\/wordpress\/plugins\/seo\/ -->\n<title>Testet, le point de vue du maire de St-Amancet - le carnet - Piel<\/title>\n<meta name=\"robots\" content=\"index, follow, max-snippet:-1, max-image-preview:large, max-video-preview:-1\" \/>\n<link rel=\"canonical\" href=\"https:\/\/www.pielnet.fr\/carnet\/testet-le-point-de-vue-du-maire-de-st-amancet\/\" \/>\n<meta property=\"og:locale\" content=\"fr_FR\" \/>\n<meta property=\"og:type\" content=\"article\" \/>\n<meta property=\"og:title\" content=\"Testet, le point de vue du maire de St-Amancet - le carnet - Piel\" \/>\n<meta property=\"og:description\" content=\"&nbsp; Montagnard professionnel et passionn\u00e9 j\u2019ai appris qu\u2019en montagne, parfois faire le bon choix c\u2019est savoir faire demi-tour et rester humble\u2026 &nbsp; A lire: Apr\u00e8s les \u00e9v\u00e9nements du 1er f\u00e9vrier dernier, le point de vue du maire de St-Amancet (dans le Tarn), agriculteur (ma\u00efs), pas \u00e9colo. Qui a chang\u00e9 de position au sujet du barrage [&hellip;]\" \/>\n<meta property=\"og:url\" content=\"https:\/\/www.pielnet.fr\/carnet\/testet-le-point-de-vue-du-maire-de-st-amancet\/\" \/>\n<meta property=\"og:site_name\" content=\"le carnet - Piel\" \/>\n<meta property=\"article:published_time\" content=\"2015-02-11T08:57:32+00:00\" \/>\n<meta property=\"article:modified_time\" content=\"2015-02-23T15:43:48+00:00\" \/>\n<meta property=\"og:image\" content=\"https:\/\/www.pielnet.fr\/carnet\/wp-content\/uploads\/2015\/02\/IMG_0649canigou_pielnet.jpg\" \/>\n\t<meta property=\"og:image:width\" content=\"1100\" \/>\n\t<meta property=\"og:image:height\" content=\"1100\" \/>\n\t<meta property=\"og:image:type\" content=\"image\/jpeg\" \/>\n<meta name=\"author\" content=\"arnopiel\" \/>\n<meta name=\"twitter:card\" content=\"summary_large_image\" \/>\n<meta name=\"twitter:label1\" content=\"\u00c9crit par\" \/>\n\t<meta name=\"twitter:data1\" content=\"arnopiel\" \/>\n\t<meta name=\"twitter:label2\" content=\"Dur\u00e9e de lecture estim\u00e9e\" \/>\n\t<meta name=\"twitter:data2\" content=\"1 minute\" \/>\n<script type=\"application\/ld+json\" class=\"yoast-schema-graph\">{\"@context\":\"https:\/\/schema.org\",\"@graph\":[{\"@type\":\"Article\",\"@id\":\"https:\/\/www.pielnet.fr\/carnet\/testet-le-point-de-vue-du-maire-de-st-amancet\/#article\",\"isPartOf\":{\"@id\":\"https:\/\/www.pielnet.fr\/carnet\/testet-le-point-de-vue-du-maire-de-st-amancet\/\"},\"author\":{\"name\":\"arnopiel\",\"@id\":\"https:\/\/www.pielnet.fr\/carnet\/#\/schema\/person\/7c09d20dd138514cf3647ce37f1f755d\"},\"headline\":\"Testet, le point de vue du maire de St-Amancet\",\"datePublished\":\"2015-02-11T08:57:32+00:00\",\"dateModified\":\"2015-02-23T15:43:48+00:00\",\"mainEntityOfPage\":{\"@id\":\"https:\/\/www.pielnet.fr\/carnet\/testet-le-point-de-vue-du-maire-de-st-amancet\/\"},\"wordCount\":194,\"commentCount\":0,\"publisher\":{\"@id\":\"https:\/\/www.pielnet.fr\/carnet\/#\/schema\/person\/7c09d20dd138514cf3647ce37f1f755d\"},\"image\":{\"@id\":\"https:\/\/www.pielnet.fr\/carnet\/testet-le-point-de-vue-du-maire-de-st-amancet\/#primaryimage\"},\"thumbnailUrl\":\"https:\/\/www.pielnet.fr\/carnet\/wp-content\/uploads\/2015\/02\/IMG_0649canigou_pielnet.jpg\",\"keywords\":[\"2015\",\"81\",\"agriculture\",\"avenir\",\"barrage\",\"ecologie\",\"futur de l'humanit\u00e9\",\"humilit\u00e9\",\"mais\",\"montagne\",\"nature\",\"Politique\",\"protection\",\"respect de l'envronnement\",\"rossignol\",\"Sivens\",\"tarn\",\"testet\",\"zone humide\"],\"articleSection\":[\"A noter\"],\"inLanguage\":\"fr-FR\",\"potentialAction\":[{\"@type\":\"CommentAction\",\"name\":\"Comment\",\"target\":[\"https:\/\/www.pielnet.fr\/carnet\/testet-le-point-de-vue-du-maire-de-st-amancet\/#respond\"]}]},{\"@type\":\"WebPage\",\"@id\":\"https:\/\/www.pielnet.fr\/carnet\/testet-le-point-de-vue-du-maire-de-st-amancet\/\",\"url\":\"https:\/\/www.pielnet.fr\/carnet\/testet-le-point-de-vue-du-maire-de-st-amancet\/\",\"name\":\"Testet, le point de vue du maire de St-Amancet - le carnet - Piel\",\"isPartOf\":{\"@id\":\"https:\/\/www.pielnet.fr\/carnet\/#website\"},\"primaryImageOfPage\":{\"@id\":\"https:\/\/www.pielnet.fr\/carnet\/testet-le-point-de-vue-du-maire-de-st-amancet\/#primaryimage\"},\"image\":{\"@id\":\"https:\/\/www.pielnet.fr\/carnet\/testet-le-point-de-vue-du-maire-de-st-amancet\/#primaryimage\"},\"thumbnailUrl\":\"https:\/\/www.pielnet.fr\/carnet\/wp-content\/uploads\/2015\/02\/IMG_0649canigou_pielnet.jpg\",\"datePublished\":\"2015-02-11T08:57:32+00:00\",\"dateModified\":\"2015-02-23T15:43:48+00:00\",\"breadcrumb\":{\"@id\":\"https:\/\/www.pielnet.fr\/carnet\/testet-le-point-de-vue-du-maire-de-st-amancet\/#breadcrumb\"},\"inLanguage\":\"fr-FR\",\"potentialAction\":[{\"@type\":\"ReadAction\",\"target\":[\"https:\/\/www.pielnet.fr\/carnet\/testet-le-point-de-vue-du-maire-de-st-amancet\/\"]}]},{\"@type\":\"ImageObject\",\"inLanguage\":\"fr-FR\",\"@id\":\"https:\/\/www.pielnet.fr\/carnet\/testet-le-point-de-vue-du-maire-de-st-amancet\/#primaryimage\",\"url\":\"https:\/\/www.pielnet.fr\/carnet\/wp-content\/uploads\/2015\/02\/IMG_0649canigou_pielnet.jpg\",\"contentUrl\":\"https:\/\/www.pielnet.fr\/carnet\/wp-content\/uploads\/2015\/02\/IMG_0649canigou_pielnet.jpg\",\"width\":1100,\"height\":1100},{\"@type\":\"BreadcrumbList\",\"@id\":\"https:\/\/www.pielnet.fr\/carnet\/testet-le-point-de-vue-du-maire-de-st-amancet\/#breadcrumb\",\"itemListElement\":[{\"@type\":\"ListItem\",\"position\":1,\"name\":\"Accueil\",\"item\":\"https:\/\/www.pielnet.fr\/carnet\/\"},{\"@type\":\"ListItem\",\"position\":2,\"name\":\"Testet, le point de vue du maire de St-Amancet\"}]},{\"@type\":\"WebSite\",\"@id\":\"https:\/\/www.pielnet.fr\/carnet\/#website\",\"url\":\"https:\/\/www.pielnet.fr\/carnet\/\",\"name\":\"le carnet - Piel\",\"description\":\"R\u00e9cits &amp; Territoires - Raconter en images les r\u00e9cits du sensible\",\"publisher\":{\"@id\":\"https:\/\/www.pielnet.fr\/carnet\/#\/schema\/person\/7c09d20dd138514cf3647ce37f1f755d\"},\"potentialAction\":[{\"@type\":\"SearchAction\",\"target\":{\"@type\":\"EntryPoint\",\"urlTemplate\":\"https:\/\/www.pielnet.fr\/carnet\/?s={search_term_string}\"},\"query-input\":{\"@type\":\"PropertyValueSpecification\",\"valueRequired\":true,\"valueName\":\"search_term_string\"}}],\"inLanguage\":\"fr-FR\"},{\"@type\":[\"Person\",\"Organization\"],\"@id\":\"https:\/\/www.pielnet.fr\/carnet\/#\/schema\/person\/7c09d20dd138514cf3647ce37f1f755d\",\"name\":\"arnopiel\",\"image\":{\"@type\":\"ImageObject\",\"inLanguage\":\"fr-FR\",\"@id\":\"https:\/\/www.pielnet.fr\/carnet\/#\/schema\/person\/image\/\",\"url\":\"https:\/\/www.pielnet.fr\/carnet\/wp-content\/uploads\/2021\/01\/IMG_20201212_150932.jpg\",\"contentUrl\":\"https:\/\/www.pielnet.fr\/carnet\/wp-content\/uploads\/2021\/01\/IMG_20201212_150932.jpg\",\"width\":1432,\"height\":1432,\"caption\":\"arnopiel\"},\"logo\":{\"@id\":\"https:\/\/www.pielnet.fr\/carnet\/#\/schema\/person\/image\/\"}}]}<\/script>\n<!-- \/ Yoast SEO plugin. -->","yoast_head_json":{"title":"Testet, le point de vue du maire de St-Amancet - le carnet - Piel","robots":{"index":"index","follow":"follow","max-snippet":"max-snippet:-1","max-image-preview":"max-image-preview:large","max-video-preview":"max-video-preview:-1"},"canonical":"https:\/\/www.pielnet.fr\/carnet\/testet-le-point-de-vue-du-maire-de-st-amancet\/","og_locale":"fr_FR","og_type":"article","og_title":"Testet, le point de vue du maire de St-Amancet - le carnet - Piel","og_description":"&nbsp; Montagnard professionnel et passionn\u00e9 j\u2019ai appris qu\u2019en montagne, parfois faire le bon choix c\u2019est savoir faire demi-tour et rester humble\u2026 &nbsp; A lire: Apr\u00e8s les \u00e9v\u00e9nements du 1er f\u00e9vrier dernier, le point de vue du maire de St-Amancet (dans le Tarn), agriculteur (ma\u00efs), pas \u00e9colo. Qui a chang\u00e9 de position au sujet du barrage [&hellip;]","og_url":"https:\/\/www.pielnet.fr\/carnet\/testet-le-point-de-vue-du-maire-de-st-amancet\/","og_site_name":"le carnet - Piel","article_published_time":"2015-02-11T08:57:32+00:00","article_modified_time":"2015-02-23T15:43:48+00:00","og_image":[{"width":1100,"height":1100,"url":"https:\/\/www.pielnet.fr\/carnet\/wp-content\/uploads\/2015\/02\/IMG_0649canigou_pielnet.jpg","type":"image\/jpeg"}],"author":"arnopiel","twitter_card":"summary_large_image","twitter_misc":{"\u00c9crit par":"arnopiel","Dur\u00e9e de lecture estim\u00e9e":"1 minute"},"schema":{"@context":"https:\/\/schema.org","@graph":[{"@type":"Article","@id":"https:\/\/www.pielnet.fr\/carnet\/testet-le-point-de-vue-du-maire-de-st-amancet\/#article","isPartOf":{"@id":"https:\/\/www.pielnet.fr\/carnet\/testet-le-point-de-vue-du-maire-de-st-amancet\/"},"author":{"name":"arnopiel","@id":"https:\/\/www.pielnet.fr\/carnet\/#\/schema\/person\/7c09d20dd138514cf3647ce37f1f755d"},"headline":"Testet, le point de vue du maire de St-Amancet","datePublished":"2015-02-11T08:57:32+00:00","dateModified":"2015-02-23T15:43:48+00:00","mainEntityOfPage":{"@id":"https:\/\/www.pielnet.fr\/carnet\/testet-le-point-de-vue-du-maire-de-st-amancet\/"},"wordCount":194,"commentCount":0,"publisher":{"@id":"https:\/\/www.pielnet.fr\/carnet\/#\/schema\/person\/7c09d20dd138514cf3647ce37f1f755d"},"image":{"@id":"https:\/\/www.pielnet.fr\/carnet\/testet-le-point-de-vue-du-maire-de-st-amancet\/#primaryimage"},"thumbnailUrl":"https:\/\/www.pielnet.fr\/carnet\/wp-content\/uploads\/2015\/02\/IMG_0649canigou_pielnet.jpg","keywords":["2015","81","agriculture","avenir","barrage","ecologie","futur de l'humanit\u00e9","humilit\u00e9","mais","montagne","nature","Politique","protection","respect de l'envronnement","rossignol","Sivens","tarn","testet","zone humide"],"articleSection":["A noter"],"inLanguage":"fr-FR","potentialAction":[{"@type":"CommentAction","name":"Comment","target":["https:\/\/www.pielnet.fr\/carnet\/testet-le-point-de-vue-du-maire-de-st-amancet\/#respond"]}]},{"@type":"WebPage","@id":"https:\/\/www.pielnet.fr\/carnet\/testet-le-point-de-vue-du-maire-de-st-amancet\/","url":"https:\/\/www.pielnet.fr\/carnet\/testet-le-point-de-vue-du-maire-de-st-amancet\/","name":"Testet, le point de vue du maire de St-Amancet - le carnet - Piel","isPartOf":{"@id":"https:\/\/www.pielnet.fr\/carnet\/#website"},"primaryImageOfPage":{"@id":"https:\/\/www.pielnet.fr\/carnet\/testet-le-point-de-vue-du-maire-de-st-amancet\/#primaryimage"},"image":{"@id":"https:\/\/www.pielnet.fr\/carnet\/testet-le-point-de-vue-du-maire-de-st-amancet\/#primaryimage"},"thumbnailUrl":"https:\/\/www.pielnet.fr\/carnet\/wp-content\/uploads\/2015\/02\/IMG_0649canigou_pielnet.jpg","datePublished":"2015-02-11T08:57:32+00:00","dateModified":"2015-02-23T15:43:48+00:00","breadcrumb":{"@id":"https:\/\/www.pielnet.fr\/carnet\/testet-le-point-de-vue-du-maire-de-st-amancet\/#breadcrumb"},"inLanguage":"fr-FR","potentialAction":[{"@type":"ReadAction","target":["https:\/\/www.pielnet.fr\/carnet\/testet-le-point-de-vue-du-maire-de-st-amancet\/"]}]},{"@type":"ImageObject","inLanguage":"fr-FR","@id":"https:\/\/www.pielnet.fr\/carnet\/testet-le-point-de-vue-du-maire-de-st-amancet\/#primaryimage","url":"https:\/\/www.pielnet.fr\/carnet\/wp-content\/uploads\/2015\/02\/IMG_0649canigou_pielnet.jpg","contentUrl":"https:\/\/www.pielnet.fr\/carnet\/wp-content\/uploads\/2015\/02\/IMG_0649canigou_pielnet.jpg","width":1100,"height":1100},{"@type":"BreadcrumbList","@id":"https:\/\/www.pielnet.fr\/carnet\/testet-le-point-de-vue-du-maire-de-st-amancet\/#breadcrumb","itemListElement":[{"@type":"ListItem","position":1,"name":"Accueil","item":"https:\/\/www.pielnet.fr\/carnet\/"},{"@type":"ListItem","position":2,"name":"Testet, le point de vue du maire de St-Amancet"}]},{"@type":"WebSite","@id":"https:\/\/www.pielnet.fr\/carnet\/#website","url":"https:\/\/www.pielnet.fr\/carnet\/","name":"le carnet - Piel","description":"R\u00e9cits &amp; Territoires - Raconter en images les r\u00e9cits du sensible","publisher":{"@id":"https:\/\/www.pielnet.fr\/carnet\/#\/schema\/person\/7c09d20dd138514cf3647ce37f1f755d"},"potentialAction":[{"@type":"SearchAction","target":{"@type":"EntryPoint","urlTemplate":"https:\/\/www.pielnet.fr\/carnet\/?s={search_term_string}"},"query-input":{"@type":"PropertyValueSpecification","valueRequired":true,"valueName":"search_term_string"}}],"inLanguage":"fr-FR"},{"@type":["Person","Organization"],"@id":"https:\/\/www.pielnet.fr\/carnet\/#\/schema\/person\/7c09d20dd138514cf3647ce37f1f755d","name":"arnopiel","image":{"@type":"ImageObject","inLanguage":"fr-FR","@id":"https:\/\/www.pielnet.fr\/carnet\/#\/schema\/person\/image\/","url":"https:\/\/www.pielnet.fr\/carnet\/wp-content\/uploads\/2021\/01\/IMG_20201212_150932.jpg","contentUrl":"https:\/\/www.pielnet.fr\/carnet\/wp-content\/uploads\/2021\/01\/IMG_20201212_150932.jpg","width":1432,"height":1432,"caption":"arnopiel"},"logo":{"@id":"https:\/\/www.pielnet.fr\/carnet\/#\/schema\/person\/image\/"}}]}},"_links":{"self":[{"href":"https:\/\/www.pielnet.fr\/carnet\/wp-json\/wp\/v2\/posts\/178","targetHints":{"allow":["GET"]}}],"collection":[{"href":"https:\/\/www.pielnet.fr\/carnet\/wp-json\/wp\/v2\/posts"}],"about":[{"href":"https:\/\/www.pielnet.fr\/carnet\/wp-json\/wp\/v2\/types\/post"}],"author":[{"embeddable":true,"href":"https:\/\/www.pielnet.fr\/carnet\/wp-json\/wp\/v2\/users\/1"}],"replies":[{"embeddable":true,"href":"https:\/\/www.pielnet.fr\/carnet\/wp-json\/wp\/v2\/comments?post=178"}],"version-history":[{"count":14,"href":"https:\/\/www.pielnet.fr\/carnet\/wp-json\/wp\/v2\/posts\/178\/revisions"}],"predecessor-version":[{"id":270,"href":"https:\/\/www.pielnet.fr\/carnet\/wp-json\/wp\/v2\/posts\/178\/revisions\/270"}],"wp:featuredmedia":[{"embeddable":true,"href":"https:\/\/www.pielnet.fr\/carnet\/wp-json\/wp\/v2\/media\/268"}],"wp:attachment":[{"href":"https:\/\/www.pielnet.fr\/carnet\/wp-json\/wp\/v2\/media?parent=178"}],"wp:term":[{"taxonomy":"category","embeddable":true,"href":"https:\/\/www.pielnet.fr\/carnet\/wp-json\/wp\/v2\/categories?post=178"},{"taxonomy":"post_tag","embeddable":true,"href":"https:\/\/www.pielnet.fr\/carnet\/wp-json\/wp\/v2\/tags?post=178"}],"curies":[{"name":"wp","href":"https:\/\/api.w.org\/{rel}","templated":true}]}}